{"id":330689,"date":"2025-08-20T03:17:18","date_gmt":"2025-08-20T03:17:18","guid":{"rendered":"https:\/\/www.europesays.com\/fr\/330689\/"},"modified":"2025-08-20T03:17:18","modified_gmt":"2025-08-20T03:17:18","slug":"kimi-antonelli-estime-se-mettre-plus-de-pression-que-mercedes","status":"publish","type":"post","link":"https:\/\/www.europesays.com\/fr\/330689\/","title":{"rendered":"Kimi Antonelli estime se mettre plus de pression que Mercedes"},"content":{"rendered":"<p>Roulez jeunesse\u00a0! \u00c0 18 ans, 6 mois et 19 jours, Andrea Kimi Antonelli est devenu, le 16 mars dernier \u00e0 Melbourne, le troisi\u00e8me plus jeune pilote de l\u2019histoire de la <a href=\"https:\/\/www.autohebdo.fr\/actualites\/f1\" data-internallinksmanager029f6b8e52c=\"1\" title=\"F1\" rel=\"nofollow noopener\" target=\"_blank\">Formule 1<\/a> \u00e0 prendre le d\u00e9part d\u2019un Grand Prix. Pass\u00e9 de la FRECA \u00e0 la cat\u00e9gorie reine du sport automobile en moins d\u2019une ann\u00e9e et demie, le natif de Bologne a \u00e9t\u00e9 biberonn\u00e9 par le programme de d\u00e9veloppement des jeunes pilotes de <a href=\"https:\/\/www.autohebdo.fr\/actualites\/ecurie\/mercedes\" data-internallinksmanager029f6b8e52c=\"80\" title=\"Ecurie Mercedes F1\" rel=\"nofollow noopener\" target=\"_blank\">Mercedes<\/a>, chapeaut\u00e9 par le fran\u00e7ais Gwen Lagrue, depuis ses premi\u00e8res saisons en <a href=\"https:\/\/www.autohebdo.fr\/actualites\/autres-courses\/karting\" data-internallinksmanager029f6b8e52c=\"73\" title=\"Karting\" rel=\"nofollow noopener\" target=\"_blank\">karting<\/a>. Un cocon que l\u2019\u00e9curie de Brackley entretient m\u00eame apr\u00e8s qu\u2019il ait atteint la Formule 1.<\/p>\n<p>\u00ab\u00a0Je me sens tr\u00e8s chanceux car, m\u00eame si je fais partie d\u2019une \u00e9quipe du haut de tableau, je peux apprendre sans trop de pression, sans ressentir l\u2019exigence d\u2019\u00eatre en permanence au meilleur de ma forme et de remporter toutes les courses, s\u2019en rassure Andrea Kimi Antonelli. Bien s\u00fbr, mon \u00e9tat d\u2019esprit, mes ambitions et celles de l\u2019\u00e9quipe sont de gagner \u00e0 chaque fois. Quand nous entrons en piste, l\u2019objectif est de gagner.\u00a0\u00bb<\/p>\n<p>\u00ab\u00a0Je suis le premier \u00e0 \u00eatre d\u00e9\u00e7u de moi-m\u00eame lorsque je sais que je ne suis pas \u00e0 la hauteur, mais lorsque je fais des erreurs, l\u2019\u00e9quipe me soutient toujours \u00e9norm\u00e9ment. Cela me permet de surmonter mon erreur et d\u2019\u00eatre meilleur la fois suivante, d\u00e9taille Andrea Kimi Antonelli. [Le soutien de Mercedes a \u00e9t\u00e9] extr\u00eamement important, non seulement de la part de Toto [<a href=\"https:\/\/www.autohebdo.fr\/actualites\/tag\/toto-wolff\" data-internallinksmanager029f6b8e52c=\"17\" title=\"Toto Wolff\" rel=\"nofollow noopener\" target=\"_blank\">Wolff<\/a>], mais aussi de toute l\u2019\u00e9quipe. Je suis entour\u00e9 de personnes formidables, qui veulent le meilleur pour moi. Elles ont toujours essay\u00e9 de me prot\u00e9ger et je n\u2019ai jamais ressenti de pression de la part de l\u2019\u00e9quipe.\u00a0\u00bb<\/p>\n<p>\u00ab\u00a0Je pense que \u00e7a vient plus de moi, que je m\u2019inflige \u00e0 moi-m\u00eame cette douleur\u00a0\u00bb<\/p>\n<p>Si la pression n\u2019est logiquement jamais vraiment absente en Formule 1, sa provenance pourrait en surprendre plus d\u2019un. L\u2019Italien estime en effet \u00eatre son premier d\u00e9tracteur, plus exigent envers lui-m\u00eame que n\u2019importe qui d\u2019autre. On a pu le constater lors de sa premi\u00e8re participation \u00e0 une s\u00e9ance officielle en F1 en 2024 \u00e0 Monza, o\u00f9 l\u2019Italien s\u2019\u00e9tait encastr\u00e9 dans le virage de la parabolique, devant son public, avant m\u00eame d\u2019avoir pu boucler un tour lanc\u00e9. Cette saison, il aura fallu attendre la quatorzi\u00e8me manche du championnat, la septi\u00e8me en Europe, pour le voir inscrire ses premiers points en F1 sur le vieux continent.<\/p>\n<p>\u00ab\u00a0Je pense que c\u2019\u00e9tait plus la pression que je me mettais \u00e0 moi-m\u00eame que celle venant de l\u2019\u00e9quipe ou autre, car l\u2019\u00e9quipe a toujours, \u00e9videmment, dans certaines occasions, exerc\u00e9 une certaine pression, mais c\u2019est bien, temp\u00e8re Andrea Kimi Antonelli. La plupart du temps, ils ont toujours \u00e9t\u00e9 gentils, car ils m\u2019ont toujours laiss\u00e9 de l\u2019espace et ont toujours compris ma situation. Parfois, ils ont essay\u00e9 de me pousser, mais c\u2019est bien, et en tant que pilote, c\u2019est n\u00e9cessaire. \u00c9videmment, puisque que je pilote pour une \u00e9curie de haut rang, surtout lorsqu\u2019elle performe, l\u2019\u00e9quipe commence \u00e0 attendre de meilleurs r\u00e9sultats.\u00a0\u00bb<\/p>\n<p>N\u2019ayant pour l\u2019instant officialis\u00e9 aucune prolongation avant le retour de la tr\u00eave estivale \u00e0 Zandvoort, le 31 ao\u00fbt prochain, Mercedes devrait conserver son duo de pilote pour la nouvelle r\u00e9glementation 2026, alignant donc Andrea Kimi Antonelli aux c\u00f4t\u00e9s de George Russell, qui empilerait pour une cinqui\u00e8me saison avec l\u2019\u00e9curie de Brackley. Le choix de la continuit\u00e9, et surtout de la p\u00e9rennit\u00e9, pour peut-\u00eatre permettre au natif de Bologne d\u2019am\u00e9liorer son maigre bilan face \u00e0 son co\u00e9quipier, qu\u2019il rendrait presque v\u00e9t\u00e9ran\u00a0: 13-1 en qualifications et 14-0 en Grands Prix\u2026<\/p>\n<p>\u00ab\u00a0Je n\u2019ai jamais ressenti la moindre pression de la part de Mercedes. Jusqu\u2019\u00e0 maintenant, ils font de leur mieux pour me mettre dans les meilleurs conditions. Je pense que \u00e7a vient plus de moi, que je m\u2019inflige \u00e0 moi-m\u00eame cette douleur, simplement en me mettant trop de pression, <a href=\"https:\/\/racer.com\/2025\/08\/18\/antonelli-feels-lucky-about-mercedes-low-pressure-approach\" target=\"_blank\" rel=\"noopener nofollow\">s\u2019introspecte<\/a> Andrea Kimi Antonelli. Je suis parfaitement au courant de \u00e7a, en plus des rumeurs etc. Je parviens \u00e0 isoler ce brouhaha gr\u00e2ce au soutien de l\u2019\u00e9quipe, qui a toujours \u00e9t\u00e9 claire et transparente sur ce qu\u2019ils d\u00e9siraient et attendaient de moi. \u00c7a m\u2019aide \u00e9norm\u00e9ment dans ce genre de situations.\u00a0\u00bb<\/p>\n<p><strong>\u00c0 LIRE AUSSI &gt;\u00a0<a href=\"https:\/\/www.autohebdo.fr\/actualites\/f1\/andrea-kimi-antonelli-est-alle-parler-de-ses-difficultes-a-helmut-marko.html\" target=\"_blank\" rel=\"noopener nofollow\">Andrea Kimi Antonelli est all\u00e9 parler de ses difficult\u00e9s \u00e0 Helmut Marko<\/a><\/strong><\/p>\n","protected":false},"excerpt":{"rendered":"Roulez jeunesse\u00a0! \u00c0 18 ans, 6 mois et 19 jours, Andrea Kimi Antonelli est devenu, le 16 mars&hellip;\n","protected":false},"author":2,"featured_media":330690,"comment_status":"","ping_status":"","sticky":false,"template":"","format":"standard","meta":{"footnotes":""},"categories":[1412],"tags":[1451,1452,1453,1454,1455,1011,27,60],"class_list":{"0":"post-330689","1":"post","2":"type-post","3":"status-publish","4":"format-standard","5":"has-post-thumbnail","7":"category-f1","8":"tag-f1","9":"tag-formula-1","10":"tag-formula1","11":"tag-formule-1","12":"tag-formule1","13":"tag-fr","14":"tag-france","15":"tag-sports"},"share_on_mastodon":{"url":"https:\/\/pubeurope.com\/@fr\/115058930079957756","error":""},"_links":{"self":[{"href":"https:\/\/www.europesays.com\/fr\/wp-json\/wp\/v2\/posts\/330689","targetHints":{"allow":["GET"]}}],"collection":[{"href":"https:\/\/www.europesays.com\/fr\/wp-json\/wp\/v2\/posts"}],"about":[{"href":"https:\/\/www.europesays.com\/fr\/wp-json\/wp\/v2\/types\/post"}],"author":[{"embeddable":true,"href":"https:\/\/www.europesays.com\/fr\/wp-json\/wp\/v2\/users\/2"}],"replies":[{"embeddable":true,"href":"https:\/\/www.europesays.com\/fr\/wp-json\/wp\/v2\/comments?post=330689"}],"version-history":[{"count":0,"href":"https:\/\/www.europesays.com\/fr\/wp-json\/wp\/v2\/posts\/330689\/revisions"}],"wp:featuredmedia":[{"embeddable":true,"href":"https:\/\/www.europesays.com\/fr\/wp-json\/wp\/v2\/media\/330690"}],"wp:attachment":[{"href":"https:\/\/www.europesays.com\/fr\/wp-json\/wp\/v2\/media?parent=330689"}],"wp:term":[{"taxonomy":"category","embeddable":true,"href":"https:\/\/www.europesays.com\/fr\/wp-json\/wp\/v2\/categories?post=330689"},{"taxonomy":"post_tag","embeddable":true,"href":"https:\/\/www.europesays.com\/fr\/wp-json\/wp\/v2\/tags?post=330689"}],"curies":[{"name":"wp","href":"https:\/\/api.w.org\/{rel}","templated":true}]}}