{"id":330691,"date":"2025-08-20T03:18:18","date_gmt":"2025-08-20T03:18:18","guid":{"rendered":"https:\/\/www.europesays.com\/fr\/330691\/"},"modified":"2025-08-20T03:18:18","modified_gmt":"2025-08-20T03:18:18","slug":"vuelta-tour-despagne-lequipe-q36-5-autour-de-sa-star-tom-pidcock-pour-le-general","status":"publish","type":"post","link":"https:\/\/www.europesays.com\/fr\/330691\/","title":{"rendered":"Vuelta. Tour d&rsquo;Espagne &#8211; L&rsquo;\u00e9quipe Q36.5 autour de sa star Tom Pidcock&#8230; pour le g\u00e9n\u00e9ral"},"content":{"rendered":"<p>Pour sa premi\u00e8re participation \u00e0 <strong>La Vuelta<\/strong>, l&rsquo;\u00e9quipe <strong><a href=\"http:\/\/www.cyclismactu.net\/news-transfert-route-eddie-dunbar-quitte-jayco-alula-et-rejoint-q36-5-89655.html#google_vignette\" target=\"_blank\" rel=\"nofollow noopener\">Q36.5 Pro Cycling Team<\/a> <\/strong>a bien l&rsquo;intention de marquer les esprits ! Apr\u00e8s un <strong>Giro <\/strong>en demi-teinte o\u00f9 l&rsquo;\u00e9quipe suisse ne se sera pas montr\u00e9e sous son meilleur jour, la formation de <strong><a href=\"https:\/\/www.cyclismactu.net\/..\/news-tour-d-espagne-route-tom-pidcock-je-peux-viser-top-10-sur-vuelta-89577.html\" target=\"_blank\" rel=\"nofollow noopener\">Tom Pidcock<\/a> <\/strong>va vouloir remettre les pendules \u00e0 l&rsquo;heure gr\u00e2ce \u00e0 sa star britannique. R\u00e9cemment interrog\u00e9 sur ses ambitions pour sa premi\u00e8re participation \u00e0 <strong>La Vuelta<\/strong>, le double champion olympique avait ainsi expliqu\u00e9 \u00ab\u00a0pouvoir viser une place dans le top 10\u00a0\u00bb. Son \u00e9quipe l&rsquo;a pris au mot et a d\u00e9cid\u00e9 d&rsquo;aligner une formation capable de l&rsquo;\u00e9pauler sur tous les types de terrains, dans l&rsquo;optique d&rsquo;un bon classement g\u00e9n\u00e9ral \u00e0 Madrid.<\/p>\n<p>Vid\u00e9o &#8211; Tom Pidcock n&rsquo;a pas connu la r\u00e9ussite sur le Giro Lire la suite de l&rsquo;article&#13;<\/p>\n<p>\u00a0<\/p>\n<p>&#13;<br \/>\nDes connaisseurs de la course pour accompagner Tom Pidcock&#13;<\/p>\n<p>A quelques jours du grand d\u00e9part de <strong>La Vuelta<\/strong>, l&rsquo;\u00e9quipe <strong>Q36.5 Pro Cycling Team <\/strong>a d\u00e9voil\u00e9 les sept autres coureurs qui accompagneront <strong>Tom Pidcock <\/strong>sur les routes d&rsquo;Italie, de France et \u00e9videmment d&rsquo;Espagne. Ainsi, le vainqueur des <strong>Strade Bianche<\/strong> 2024 pourra s&rsquo;appuyer sur <strong>David De La Cruz<\/strong>, qui, gr\u00e2ce \u00e0 ses dix participations, conna\u00eet cette course par coeur et a termin\u00e9 \u00e0 plusieurs reprises dans le top 10 du classement g\u00e9n\u00e9ral. Le v\u00e9t\u00e9ran espagnol sera \u00e9galement entour\u00e9 par trois de ses compatriotes : <strong>Xabier Mikel Azparren<\/strong>, <strong>Marcel Camprubi <\/strong>et <strong>David Gonzales<\/strong>. Et enfin, pour compl\u00e9ter la s\u00e9lection, certains des meilleurs coureurs pr\u00e9sents dans l&rsquo;effectif de l&rsquo;\u00e9quipe helv\u00e8te : <strong>Fabio Christen<\/strong>, <strong>Nicolas Zukowski <\/strong>et <strong>Damien Howson<\/strong>, \u00e9quipiers pr\u00e9cieux de <strong>Tom Pidcock<\/strong>.<\/p>\n","protected":false},"excerpt":{"rendered":"Pour sa premi\u00e8re participation \u00e0 La Vuelta, l&rsquo;\u00e9quipe Q36.5 Pro Cycling Team a bien l&rsquo;intention de marquer les&hellip;\n","protected":false},"author":2,"featured_media":330692,"comment_status":"","ping_status":"","sticky":false,"template":"","format":"standard","meta":{"footnotes":""},"categories":[1411],"tags":[1154,207,1011,27,209,60,3318,208],"class_list":{"0":"post-330691","1":"post","2":"type-post","3":"status-publish","4":"format-standard","5":"has-post-thumbnail","7":"category-cyclisme","8":"tag-cycling","9":"tag-cyclisme","10":"tag-fr","11":"tag-france","12":"tag-route","13":"tag-sports","14":"tag-tour-d","15":"tag-velo"},"share_on_mastodon":{"url":"https:\/\/pubeurope.com\/@fr\/115058934061197210","error":""},"_links":{"self":[{"href":"https:\/\/www.europesays.com\/fr\/wp-json\/wp\/v2\/posts\/330691","targetHints":{"allow":["GET"]}}],"collection":[{"href":"https:\/\/www.europesays.com\/fr\/wp-json\/wp\/v2\/posts"}],"about":[{"href":"https:\/\/www.europesays.com\/fr\/wp-json\/wp\/v2\/types\/post"}],"author":[{"embeddable":true,"href":"https:\/\/www.europesays.com\/fr\/wp-json\/wp\/v2\/users\/2"}],"replies":[{"embeddable":true,"href":"https:\/\/www.europesays.com\/fr\/wp-json\/wp\/v2\/comments?post=330691"}],"version-history":[{"count":0,"href":"https:\/\/www.europesays.com\/fr\/wp-json\/wp\/v2\/posts\/330691\/revisions"}],"wp:featuredmedia":[{"embeddable":true,"href":"https:\/\/www.europesays.com\/fr\/wp-json\/wp\/v2\/media\/330692"}],"wp:attachment":[{"href":"https:\/\/www.europesays.com\/fr\/wp-json\/wp\/v2\/media?parent=330691"}],"wp:term":[{"taxonomy":"category","embeddable":true,"href":"https:\/\/www.europesays.com\/fr\/wp-json\/wp\/v2\/categories?post=330691"},{"taxonomy":"post_tag","embeddable":true,"href":"https:\/\/www.europesays.com\/fr\/wp-json\/wp\/v2\/tags?post=330691"}],"curies":[{"name":"wp","href":"https:\/\/api.w.org\/{rel}","templated":true}]}}