{"id":330696,"date":"2025-08-20T03:21:28","date_gmt":"2025-08-20T03:21:28","guid":{"rendered":"https:\/\/www.europesays.com\/fr\/330696\/"},"modified":"2025-08-20T03:21:28","modified_gmt":"2025-08-20T03:21:28","slug":"a-hyeres-dans-le-var-lart-a-fait-sauter-la-banque-et-transforme-les-lingots-en-photos-sculptures-et-tableaux","status":"publish","type":"post","link":"https:\/\/www.europesays.com\/fr\/330696\/","title":{"rendered":"A Hy\u00e8res, dans le Var, l\u2019art a fait sauter la banque et transform\u00e9 les lingots en photos, sculptures et tableaux"},"content":{"rendered":"<p>                         <img loading=\"lazy\" decoding=\"async\" src=\"https:\/\/www.europesays.com\/fr\/wp-content\/uploads\/2025\/08\/8c34bd0_upload-1-x2keev3hvnxk-entrei-e-du-musei-e-a-service-musei-e-cc.JPG\" alt=\"L\u2019entr\u00e9e de La Banque, Mus\u00e9e des cultures et du paysage, \u00e0 Hy\u00e8res (Var), en 2025.\"   width=\"664\" height=\"443\"\/>    L\u2019entr\u00e9e de La Banque, Mus\u00e9e des cultures et du paysage, \u00e0 Hy\u00e8res (Var), en 2025.  LA BANQUE, MUS\u00c9E DES CULTURES ET DU PAYSAGE                 <\/p>\n<p class=\"article__paragraph  \">C\u2019est une b\u00e2tisse cossue \u00e0 l\u2019architecture n\u00e9oclassique, avec son porche \u00e0 colonnes, sa belle terrasse donnant sur l\u2019art\u00e8re chic du centre-ville d\u2019Hy\u00e8res (Var) \u2013 l\u2019avenue Joseph-Clotis \u2013, son jardin m\u00e9diterran\u00e9en arbor\u00e9. Sur la fa\u00e7ade en pierre \u00e9crue enduite \u00e0 la chaux, son nom s\u2019affiche sobrement, en lettres m\u00e9talliques\u00a0: La Banque. Sauf que nulle transaction financi\u00e8re ne s\u2019effectue plus en ce lieu, devenu, en\u00a02021, le Mus\u00e9e des cultures et du paysage de la cit\u00e9 m\u00e9ridionale.<\/p>\n<p class=\"article__paragraph  \">De son pass\u00e9, l\u2019\u00e9tablissement conserve, en son sous-sol, pr\u00e9serv\u00e9e dans son \u00e9tat d\u2019origine, son impressionnante salle des coffres qui, \u00e0 elle seule, justifie la visite. On y d\u00e9couvre, chacune dot\u00e9e de boutons, d\u2019une cl\u00e9 et d\u2019un num\u00e9ro, les profondes bo\u00eetes m\u00e9talliques de dimensions vari\u00e9es \u2013 certaines \u00e0 taille humaine \u2013 o\u00f9 les riches Hy\u00e9rois venaient jadis placer en s\u00e9curit\u00e9 or, argent, bijoux ou documents pr\u00e9cieux. Agenc\u00e9 de mani\u00e8re parfaitement g\u00e9om\u00e9trique, cet empilage de coffres gagne une dimension esth\u00e9tique dans son nouvel environnement mus\u00e9al.<\/p>\n<p class=\"reading-mode-only \"><strong>Il vous reste 67.71% de cet article \u00e0 lire. La suite est r\u00e9serv\u00e9e aux abonn\u00e9s.<\/strong><\/p>\n","protected":false},"excerpt":{"rendered":"L\u2019entr\u00e9e de La Banque, Mus\u00e9e des cultures et du paysage, \u00e0 Hy\u00e8res (Var), en 2025. LA BANQUE, MUS\u00c9E&hellip;\n","protected":false},"author":2,"featured_media":330697,"comment_status":"","ping_status":"","sticky":false,"template":"","format":"standard","meta":{"footnotes":""},"categories":[1358],"tags":[1348,1384,1385,1386,58,59,1011,27],"class_list":{"0":"post-330696","1":"post","2":"type-post","3":"status-publish","4":"format-standard","5":"has-post-thumbnail","7":"category-arts-et-design","8":"tag-arts","9":"tag-arts-and-design","10":"tag-arts-et-design","11":"tag-design","12":"tag-divertissement","13":"tag-entertainment","14":"tag-fr","15":"tag-france"},"share_on_mastodon":{"url":"https:\/\/pubeurope.com\/@fr\/115058945875608060","error":""},"_links":{"self":[{"href":"https:\/\/www.europesays.com\/fr\/wp-json\/wp\/v2\/posts\/330696","targetHints":{"allow":["GET"]}}],"collection":[{"href":"https:\/\/www.europesays.com\/fr\/wp-json\/wp\/v2\/posts"}],"about":[{"href":"https:\/\/www.europesays.com\/fr\/wp-json\/wp\/v2\/types\/post"}],"author":[{"embeddable":true,"href":"https:\/\/www.europesays.com\/fr\/wp-json\/wp\/v2\/users\/2"}],"replies":[{"embeddable":true,"href":"https:\/\/www.europesays.com\/fr\/wp-json\/wp\/v2\/comments?post=330696"}],"version-history":[{"count":0,"href":"https:\/\/www.europesays.com\/fr\/wp-json\/wp\/v2\/posts\/330696\/revisions"}],"wp:featuredmedia":[{"embeddable":true,"href":"https:\/\/www.europesays.com\/fr\/wp-json\/wp\/v2\/media\/330697"}],"wp:attachment":[{"href":"https:\/\/www.europesays.com\/fr\/wp-json\/wp\/v2\/media?parent=330696"}],"wp:term":[{"taxonomy":"category","embeddable":true,"href":"https:\/\/www.europesays.com\/fr\/wp-json\/wp\/v2\/categories?post=330696"},{"taxonomy":"post_tag","embeddable":true,"href":"https:\/\/www.europesays.com\/fr\/wp-json\/wp\/v2\/tags?post=330696"}],"curies":[{"name":"wp","href":"https:\/\/api.w.org\/{rel}","templated":true}]}}