{"id":330700,"date":"2025-08-20T03:23:25","date_gmt":"2025-08-20T03:23:25","guid":{"rendered":"https:\/\/www.europesays.com\/fr\/330700\/"},"modified":"2025-08-20T03:23:25","modified_gmt":"2025-08-20T03:23:25","slug":"butterfly-sur-prime-video-une-serie-despionnage-pas-tres-realiste-mais-bien-rythmee-telerama","status":"publish","type":"post","link":"https:\/\/www.europesays.com\/fr\/330700\/","title":{"rendered":"\u201cButterfly\u201d, sur Prime Video : une s\u00e9rie d\u2019espionnage pas tr\u00e8s r\u00e9aliste mais bien rythm\u00e9e &#8211; T\u00e9l\u00e9rama"},"content":{"rendered":"<ol>\n<li><a href=\"https:\/\/news.google.com\/rss\/articles\/CBMizwFBVV95cUxPUVgxZ1hSM1VfWnl5ZDRBcXR6YWJ1VDYxRXhjSTQ4X01GX0h0LUQxUXlJWG81X2RBUXU3LWw1dE5nWjZLaWc4RlpBNV9ON0luaVBRam9yTkJDU2hDYmtjVFVsSDA4ZDVVR3hBTFZnT0k0WE1CSVFzRC1RQkw5anJzMGhrNkozMjBObDBuRGFhU19pMGkzQmxoV3hSM0dPNUc5MEQ3c1B2TzNDemlLMUxYYTI5SWo0QzI5YWxRWVpzVkJJZnUxckVVMXlWZndWSnM?oc=5\" target=\"_blank\" rel=\"nofollow noopener\">\u201cButterfly\u201d, sur Prime Video : une s\u00e9rie d\u2019espionnage pas tr\u00e8s r\u00e9aliste mais bien rythm\u00e9e<\/a>&nbsp;&nbsp;T\u00e9l\u00e9rama<\/li>\n<li><a href=\"https:\/\/news.google.com\/rss\/articles\/CBMijgFBVV95cUxOZC1ubmN4WGtSckZFM29tZHEybjVwT0RGQmsyRFpwUk9Bc0RpNFpDSHVOemt2cWlKb3FzLWJFZEtuOV9lanFoQjRWYVZpTXY2Z3U4dEV6a3ZpTXg5TENTbVFmM2JwYTRpWVBFM2ptLThRLUoyNEdqYlZxZkhsZ1JXTVRUaTFqajY0aV9vT0l3?oc=5\" target=\"_blank\" rel=\"nofollow noopener\">Butterfly (Prime Vid\u00e9o) : quand sort la saison 2 ?<\/a>&nbsp;&nbsp;melty.fr<\/li>\n<li><a href=\"https:\/\/news.google.com\/rss\/articles\/CBMirAFBVV95cUxOeC1mdWZLNnpFT3hKOGhYcHoyekpKeUdJLU9KcGxUdUsxcmxaaGU4NzY0N2dGTGk2NmQ1Z0x3WFhZRFRqUE10RmNTVHlYQTJxQ19LRWU5bWlmZjFGSUVxdTczSk1zODlWMnZadnBUQktUb1NESDFFT25IRjZHNEw0dHJWekptdW16VFBoWDRxcGNpdE1ZTnVVMF81dlUySGRWQnNvbmFpZFN4TlFP?oc=5\" target=\"_blank\" rel=\"nofollow noopener\">Butterfly : la s\u00e9rie d\u2019espionnage qui fait trembler Reacher sur Amazon Prime Video<\/a>&nbsp;&nbsp;Begeek<\/li>\n<li><a href=\"https:\/\/news.google.com\/rss\/articles\/CBMi0gFBVV95cUxQZ3lrX00xSU0wWXlzVlJveG5ablk3akRWNGhxNkVPeTVLRWIzWl9NeVJIaHRtakhFa21BZGtyUXJldVF0OEl2cUdzT2lDeFdhRGlJMzRwb0Zhc0dWcUJiZHFyTTBWWnZYdFB1eFhQRWpPNHFoLWdwR0prSWVsdmpqRUl0bzhaN1FKZFlMMlVUNEh4STNPcDRtd2tYNTRvXy1taDYwLW51VlBzZjFkTjM5QnZUSldIcWRLb2MwQzRsOW5NZjBzVGF2RG9icnhTVGVmVXc?oc=5\" target=\"_blank\" rel=\"nofollow noopener\">Les programmes \u00e0 ne pas manquer cette semaine sur Prime video : Butterfly, Sausage Party : Foodtopia&#8230;<\/a>&nbsp;&nbsp;Diverto<\/li>\n<li><a href=\"https:\/\/news.google.com\/rss\/articles\/CBMimgFBVV95cUxQRkZCNkh5TVZmV0JxTjNoZTY0VjMwbHJjSkdzbjMwODFyTURYdlpiTk0wMUlJY3YtYmJRYTN4Sm5rZXVKSmQzb3JwUEc4YWpsTnlZMk1nOFZZNW1hUDI0dEF6ZXhKaGtMeC05RzVQTHNxU0Zib2xvMUU0X2pzMkNxRFZtVXdSa1VpY2NGcU1PTmlCQ2xsQk4xMWNR?oc=5\" target=\"_blank\" rel=\"nofollow noopener\">Butterfly : Daniel Dae Kim porte une montre Sinn EZM<\/a>&nbsp;&nbsp;Montres-de-luxe.com<\/li>\n<\/ol>\n","protected":false},"excerpt":{"rendered":"\u201cButterfly\u201d, sur Prime Video : une s\u00e9rie d\u2019espionnage pas tr\u00e8s r\u00e9aliste mais bien rythm\u00e9e&nbsp;&nbsp;T\u00e9l\u00e9rama Butterfly (Prime Vid\u00e9o) :&hellip;\n","protected":false},"author":2,"featured_media":330701,"comment_status":"","ping_status":"","sticky":false,"template":"","format":"standard","meta":{"footnotes":""},"categories":[1356],"tags":[58,59,1011,27,252,1364],"class_list":{"0":"post-330700","1":"post","2":"type-post","3":"status-publish","4":"format-standard","5":"has-post-thumbnail","7":"category-television","8":"tag-divertissement","9":"tag-entertainment","10":"tag-fr","11":"tag-france","12":"tag-television","13":"tag-tv"},"share_on_mastodon":{"url":"https:\/\/pubeurope.com\/@fr\/115058953751876337","error":""},"_links":{"self":[{"href":"https:\/\/www.europesays.com\/fr\/wp-json\/wp\/v2\/posts\/330700","targetHints":{"allow":["GET"]}}],"collection":[{"href":"https:\/\/www.europesays.com\/fr\/wp-json\/wp\/v2\/posts"}],"about":[{"href":"https:\/\/www.europesays.com\/fr\/wp-json\/wp\/v2\/types\/post"}],"author":[{"embeddable":true,"href":"https:\/\/www.europesays.com\/fr\/wp-json\/wp\/v2\/users\/2"}],"replies":[{"embeddable":true,"href":"https:\/\/www.europesays.com\/fr\/wp-json\/wp\/v2\/comments?post=330700"}],"version-history":[{"count":0,"href":"https:\/\/www.europesays.com\/fr\/wp-json\/wp\/v2\/posts\/330700\/revisions"}],"wp:featuredmedia":[{"embeddable":true,"href":"https:\/\/www.europesays.com\/fr\/wp-json\/wp\/v2\/media\/330701"}],"wp:attachment":[{"href":"https:\/\/www.europesays.com\/fr\/wp-json\/wp\/v2\/media?parent=330700"}],"wp:term":[{"taxonomy":"category","embeddable":true,"href":"https:\/\/www.europesays.com\/fr\/wp-json\/wp\/v2\/categories?post=330700"},{"taxonomy":"post_tag","embeddable":true,"href":"https:\/\/www.europesays.com\/fr\/wp-json\/wp\/v2\/tags?post=330700"}],"curies":[{"name":"wp","href":"https:\/\/api.w.org\/{rel}","templated":true}]}}