{"id":330704,"date":"2025-08-20T03:25:21","date_gmt":"2025-08-20T03:25:21","guid":{"rendered":"https:\/\/www.europesays.com\/fr\/330704\/"},"modified":"2025-08-20T03:25:21","modified_gmt":"2025-08-20T03:25:21","slug":"harry-potter-la-serie-les-enfants-weasley-enfin-reunis-sur-leur-premiere-photo-de-famille","status":"publish","type":"post","link":"https:\/\/www.europesays.com\/fr\/330704\/","title":{"rendered":"\u00ab\u00a0Harry Potter\u00a0\u00bb, la s\u00e9rie : les enfants Weasley enfin r\u00e9unis sur leur premi\u00e8re photo de famille"},"content":{"rendered":"<ul class=\"jsx-862013697 ArticleChapo__List\">\n<li class=\"jsx-862013697 ArticleChapo__List_Item flex\">Lanc\u00e9 au c\u0153ur de l&rsquo;\u00e9t\u00e9, le tournage de la s\u00e9rie \u00e9v\u00e8nement adapt\u00e9e des romans de J.K. Rowling se poursuit pour ses nouveaux h\u00e9ros.<\/li>\n<li class=\"jsx-862013697 ArticleChapo__List_Item flex\">Apr\u00e8s un portrait officiel du jeune sorcier aux lunettes rondes, c&rsquo;est son meilleur qui a droit \u00e0 une mise en lumi\u00e8re.<\/li>\n<li class=\"jsx-862013697 ArticleChapo__List_Item flex\">M\u00eame chevelure rousse et m\u00eame sourire, Ron Weasley et sa fratrie semblent d\u00e9j\u00e0 passer du bon temps.<\/li>\n<\/ul>\n<p data-module=\"article-paragraph\" class=\"jsx-3046738180 Paragraph Paragraph__End\">\u00ab\u00a0Le Terrier est presque plein\u00a0\u00bb. Pour les non-initi\u00e9s, cette phrase sonne comme un nom de code ind\u00e9chiffrable. Mais tous les fans de la saga Harry Potter auront reconnu l\u2019expression d\u00e9signant la maison de la famille Weasley dans les romans de J.K. Rowling. La fratrie quasi au grand complet prend la pose le temps d\u2019une photo prise dans les coulisses du tournage de <a href=\"https:\/\/www.tf1info.fr\/culture\/jk-rowling-accusee-de-transphobie-les-appels-au-boycott-de-la-serie-harry-potter-se-multiplient-2367566.html\" target=\"_blank\" rel=\"noopener\">la s\u00e9rie \u00e9v\u00e8nement de la plateforme HBO Max<\/a>. Le jeune Alastair Stout,<a href=\"https:\/\/www.tf1info.fr\/culture\/la-serie-hbo-harry-potter-devoile-les-nouveaux-visages-de-harry-ron-et-hermione-2373400.html\" target=\"_blank\" rel=\"noopener\"> recrut\u00e9 pour succ\u00e9der \u00e0 Rupert Grint dans le r\u00f4le de Ron<\/a>, est rejoint par les acteurs qui joueront ses fr\u00e8res et sa s\u0153ur \u00e0 l\u2019\u00e9cran.<\/p>\n<p>Ron, Fred, George, Percy et Ginny&#8230; Mais o\u00f9 est Charlie ?<\/p>\n<p data-module=\"article-paragraph\" class=\"jsx-3046738180 Paragraph\">Les jumeaux Tristan et Gabriel Harland seront les turbulents Fred et George Weasley. Ruari Spooner incarnera le tr\u00e8s s\u00e9rieux Percy Weasley. Quant \u00e0 Gracie Cochrane, elle incarnera la benjamine Ginny Weasley qui finira par ravir le c\u0153ur de Harry Potter. Seul l\u2019a\u00een\u00e9 du clan, parti \u00e9tudier les dragons, manque \u00e0 l\u2019appel. \u00ab\u00a0Charlie est en Roumanie pour le moment mais il nous rejoindra tr\u00e8s bient\u00f4t\u00a0\u00bb, pr\u00e9cisent les r\u00e9seaux sociaux de la saga o\u00f9 est partag\u00e9 ce clich\u00e9.\u00a0<\/p>\n<p data-module=\"article-paragraph\" class=\"jsx-3046738180 Paragraph Paragraph__End\">C\u2019est <a href=\"https:\/\/www.tf1info.fr\/culture\/le-tournage-de-la-serie-harry-potter-debute-enfin-decouvrez-le-jeune-harry-en-costume-2382862.html\" target=\"_blank\" rel=\"noopener\">avec une photo de Dominic McLaughlin <\/a>dans le costume du plus c\u00e9l\u00e8bre sorcier de la litt\u00e9rature jeunesse que le d\u00e9but du tournage a \u00e9t\u00e9 annonc\u00e9 mi-juillet. Le gar\u00e7on de 11 ans a depuis \u00e9t\u00e9 aper\u00e7u dans les rues de Londres aupr\u00e8s de Nick Frost, le nouveau g\u00e9ant Hagrid. \u00ab\u00a0C\u2019\u00e9tait un peu irr\u00e9el\u00a0\u00bb, raconte-t-il \u00e0 la <a href=\"https:\/\/www.bbc.com\/news\/videos\/c3368y2zpn8o\" target=\"_blank\" rel=\"noopener\">BBC (nouvelle fen\u00eatre)<\/a> \u00e0 propos de la premi\u00e8re fois o\u00f9 il a enfil\u00e9 sa tenue et ses lunettes rondes, parlant du \u00ab\u00a0r\u00f4le de ses r\u00eaves\u00a0\u00bb.<\/p>\n<p><a href=\"https:\/\/www.tf1info.fr\/culture\/en-attendant-la-serie-harry-potter-fait-passer-a-ses-fans-un-grand-examen-de-rentree-30-aout-2025-2387066.html\" rel=\"noopener\" class=\"jsx-3308031228 Link flex\" target=\"_blank\"><img decoding=\"async\" src=\"https:\/\/www.europesays.com\/fr\/wp-content\/uploads\/2025\/08\/harry-potter-episode-7-a6ef32-0@1x.jpeg\" alt=\"Warner\" loading=\"lazy\" importance=\"low\" fetchpriority=\"low\" class=\"\" aria-hidden=\"true\"\/><\/p>\n<p class=\"jsx-3657663356 ReadMoreArticle__Title\">Lire aussi<\/p>\n<p class=\"jsx-3657663356\">En attendant la s\u00e9rie, \u00ab\u00a0Harry Potter\u00a0\u00bb fait passer \u00e0 ses fans un \u00ab\u00a0Grand Examen\u00a0\u00bb de rentr\u00e9e<\/p>\n<p><\/a><\/p>\n<p data-module=\"article-paragraph\" class=\"jsx-3046738180 Paragraph\">Les plus impatients attendent d\u00e9sormais de d\u00e9couvrir officiellement la jeune Arabella Stanton dans la peau d\u2019Hermione Granger. La jeune actrice a \u00e9galement \u00e9t\u00e9 choisie pour pr\u00eater sa voix au personnage auparavant interpr\u00e9t\u00e9 par Emma Watson dans une nouvelle version des livres audio \u00e0 para\u00eetre le 4 novembre chez Audible.\u00a0<\/p>\n<p data-module=\"article-paragraph\" class=\"jsx-3046738180 Paragraph Paragraph__End\">Les premiers extraits, qui reprennent ses r\u00e9pliques les plus c\u00e9l\u00e8bres \u2013 \u00ab\u00a0C\u2019est Wingardium Leviosa, pas Leviosaaaa\u00a0\u00bb et \u00ab\u00a0Je vais me coucher avant que l\u2019un de vous n&rsquo;ait encore une brillante id\u00e9e pour nous faire tuer ou pire, nous faire expulser !\u00a0\u00bb &#8211; sont d\u00e9j\u00e0 tr\u00e8s convaincants. Le tournage de la saison 1 de la s\u00e9rie Harry Potter devrait se poursuivre jusqu\u2019au printemps 2026 pour une diffusion l\u2019ann\u00e9e suivante dans tous les territoires o\u00f9 HBO Max est disponible, dont la France.<\/p>\n<p>Delphine DE FREITAS<\/p>\n","protected":false},"excerpt":{"rendered":"Lanc\u00e9 au c\u0153ur de l&rsquo;\u00e9t\u00e9, le tournage de la s\u00e9rie \u00e9v\u00e8nement adapt\u00e9e des romans de J.K. Rowling se&hellip;\n","protected":false},"author":2,"featured_media":330705,"comment_status":"","ping_status":"","sticky":false,"template":"","format":"standard","meta":{"footnotes":""},"categories":[1354],"tags":[1111,11,1921,650,58,39325,59,1346,1011,27,2137,1922,10659,2041,1360,973,473,4280,128,133,2040],"class_list":{"0":"post-330704","1":"post","2":"type-post","3":"status-publish","4":"format-standard","5":"has-post-thumbnail","7":"category-films","8":"tag-actu","9":"tag-actualites","10":"tag-article-video","11":"tag-cinema","12":"tag-divertissement","13":"tag-emma-watson","14":"tag-entertainment","15":"tag-films","16":"tag-fr","17":"tag-france","18":"tag-hollywood","19":"tag-info","20":"tag-j-k-rowling","21":"tag-medias-et-divertissement","22":"tag-movies","23":"tag-people","24":"tag-royaume-uni","25":"tag-series-tele","26":"tag-streaming","27":"tag-video","28":"tag-video-culture"},"share_on_mastodon":{"url":"https:\/\/pubeurope.com\/@fr\/115058962185826607","error":""},"_links":{"self":[{"href":"https:\/\/www.europesays.com\/fr\/wp-json\/wp\/v2\/posts\/330704","targetHints":{"allow":["GET"]}}],"collection":[{"href":"https:\/\/www.europesays.com\/fr\/wp-json\/wp\/v2\/posts"}],"about":[{"href":"https:\/\/www.europesays.com\/fr\/wp-json\/wp\/v2\/types\/post"}],"author":[{"embeddable":true,"href":"https:\/\/www.europesays.com\/fr\/wp-json\/wp\/v2\/users\/2"}],"replies":[{"embeddable":true,"href":"https:\/\/www.europesays.com\/fr\/wp-json\/wp\/v2\/comments?post=330704"}],"version-history":[{"count":0,"href":"https:\/\/www.europesays.com\/fr\/wp-json\/wp\/v2\/posts\/330704\/revisions"}],"wp:featuredmedia":[{"embeddable":true,"href":"https:\/\/www.europesays.com\/fr\/wp-json\/wp\/v2\/media\/330705"}],"wp:attachment":[{"href":"https:\/\/www.europesays.com\/fr\/wp-json\/wp\/v2\/media?parent=330704"}],"wp:term":[{"taxonomy":"category","embeddable":true,"href":"https:\/\/www.europesays.com\/fr\/wp-json\/wp\/v2\/categories?post=330704"},{"taxonomy":"post_tag","embeddable":true,"href":"https:\/\/www.europesays.com\/fr\/wp-json\/wp\/v2\/tags?post=330704"}],"curies":[{"name":"wp","href":"https:\/\/api.w.org\/{rel}","templated":true}]}}