{"id":330706,"date":"2025-08-20T03:26:17","date_gmt":"2025-08-20T03:26:17","guid":{"rendered":"https:\/\/www.europesays.com\/fr\/330706\/"},"modified":"2025-08-20T03:26:17","modified_gmt":"2025-08-20T03:26:17","slug":"ain-il-est-atteint-de-la-maladie-de-creutzfeldt-jakob-sa-famille-desemparee-cherche-de-laide","status":"publish","type":"post","link":"https:\/\/www.europesays.com\/fr\/330706\/","title":{"rendered":"Ain. Il est atteint de la maladie de Creutzfeldt-Jakob, sa famille, \u00ab\u00a0d\u00e9sempar\u00e9e\u00a0\u00bb, cherche de l&rsquo;aide"},"content":{"rendered":"<p>\u00ab\u00a0Cela a commenc\u00e9 en septembre\u00a02024 par un diagnostic de d\u00e9pression du m\u00e9decin de famille. Mon mari restait sur le canap\u00e9, devant la t\u00e9l\u00e9, n\u2019allait plus faire de v\u00e9lo. Un jour il s\u2019est tromp\u00e9 de route pour rentrer \u00e0 la maison. La situation s\u2019est d\u00e9grad\u00e9e \u00e0 partir du mois de novembre o\u00f9 il a \u00e9t\u00e9 constat\u00e9 <a href=\"https:\/\/www.leprogres.fr\/magazine-sante\/2024\/02\/07\/alzheimer-cinq-personnes-auraient-attrape-la-maladie-apres-un-traitement\" target=\"_blank\" rel=\"noopener\">des probl\u00e8mes de langage, puis de confusion<\/a> \u00bb, t\u00e9moigne B\u00e9atrice Moulin, \u00e9pouse de Jean-Luc Moulin. \u00c0 64 ans, il est atteint de la maladie de Creutzfeldt-Jakob.<\/p>\n<p>Aucun traitement m\u00e9dical possible<\/p>\n<p>Plusieurs examens et visites aupr\u00e8s de sp\u00e9cialistes ont \u00e9t\u00e9 n\u00e9cessaires avant que le diagnostic soit pos\u00e9, au mois d\u2019avril\u00a02025. \u00ab\u00a0Un \u00e9lectroenc\u00e9phalogramme, une IRM, un scanner et une ponction lombaire ont confirm\u00e9 la maladie avec un r\u00e9sultat qui nous a \u00e9t\u00e9 donn\u00e9 trois mois plus tard. Il s\u2019agit d\u2019une forme sporadique de la maladie <a href=\"https:\/\/www.leprogres.fr\/magazine-sante\/2024\/06\/26\/alzheimer-une-mutation-de-proteine-pourrait-proteger-le-cerveau-de-la-maladie\" target=\"_blank\" rel=\"noopener\">sans aucun traitement m\u00e9dical possible pour le moment<\/a>.\u00a0\u00bb Ancien contrema\u00eetre dans l\u2019entreprise Toray, la piste d\u2019une maladie professionnelle a \u00e9t\u00e9 \u00e9cart\u00e9e.<\/p>\n<p>  \u00ab\u00a0\u00c0 la recherche d\u2019un lieu pour l\u2019accueillir temporairement\u00a0\u00bb<\/p>\n<p>La maladie se caract\u00e9rise par une perte d\u2019autonomie importante marqu\u00e9e par de la d\u00e9ambulation permanente, ce qui implique une surveillance continue et adapt\u00e9e du patient pour une meilleure prise en charge de sa fin de vie. B\u00e9atrice Moulin est actuellement en recherche d\u2019un lieu pouvant accueillir son \u00e9poux afin de pouvoir se reposer.<\/p>\n<p>\u00ab\u00a0Je peux compter sur Bernard, Genevi\u00e8ve et Mireille, le fr\u00e8re et les s\u0153urs de Jean-Luc, sur ses copains et aussi sur nos enfants. Toujours accompagn\u00e9, il peut encore se d\u00e9placer pour se promener. Une aide \u00e0 domicile vient pour prodiguer des soins. Je suis en recherche d\u2019un lieu pour l\u2019accueillir temporairement, m\u00eame un jour par semaine. J\u2019ai une piste \u00e0 Sainte-Croix pour faire un essai au mois de septembre.\u00a0\u00bb<\/p>\n<p>Actuellement en retraite progressive, B\u00e9atrice Moulin a pris un arr\u00eat de travail. Consid\u00e9r\u00e9e comme aidante, elle peut pr\u00e9tendre \u00e0 un cong\u00e9 suppl\u00e9mentaire mais sans aucune certitude quant \u00e0 sa demande. \u00ab\u00a0Le m\u00e9decin expert n\u2019a toujours pas envoy\u00e9 de certificat, ce qui bloque les d\u00e9marches administratives pour pr\u00e9tendre trouver une solution \u00e0 mes demandes.\u00a0\u00bb<\/p>\n<p>L\u2019esp\u00e9rance de vie de ces malades est courte, Jean-Luc Moulin peut compter sur sa famille pour un soutien sans faille avec l\u2019espoir de trouver une solution pour offrir des moments de r\u00e9pit \u00e0 B\u00e9atrice.<\/p>\n<p>\u00ab\u00a0Nous sommes aussi \u00e0 la recherche de personnes dont des proches sont touch\u00e9s par cette maladie. Nous aimerions trouver des r\u00e9ponses \u00e0 nos questions, nos doutes et sommes d\u00e9sempar\u00e9s face \u00e0 cette maladie rare\u00a0\u00bb, indique Genevi\u00e8ve, l\u2019une des s\u0153urs de Jean-Luc Moulin.<\/p>\n<p class=\"note\">Contact\u00a0: Bernard Moulin au 06.95.62.80.86. Infos\u00a0: www.maladiesraresinfo.org.<\/p>\n","protected":false},"excerpt":{"rendered":"\u00ab\u00a0Cela a commenc\u00e9 en septembre\u00a02024 par un diagnostic de d\u00e9pression du m\u00e9decin de famille. Mon mari restait sur&hellip;\n","protected":false},"author":2,"featured_media":330707,"comment_status":"","ping_status":"","sticky":false,"template":"","format":"standard","meta":{"footnotes":""},"categories":[10],"tags":[2738,6751,107,1011,27,72,5362,224,46834,71,273,46833],"class_list":{"0":"post-330706","1":"post","2":"type-post","3":"status-publish","4":"format-standard","5":"has-post-thumbnail","7":"category-sante","8":"tag-ain","9":"tag-edition-ain-ouest","10":"tag-fil-info","11":"tag-fr","12":"tag-france","13":"tag-health","14":"tag-magazine-sante","15":"tag-medecine","16":"tag-miribel-bassin","17":"tag-sante","18":"tag-selection-de-la-redaction","19":"tag-thil"},"share_on_mastodon":{"url":"https:\/\/pubeurope.com\/@fr\/115058965414128888","error":""},"_links":{"self":[{"href":"https:\/\/www.europesays.com\/fr\/wp-json\/wp\/v2\/posts\/330706","targetHints":{"allow":["GET"]}}],"collection":[{"href":"https:\/\/www.europesays.com\/fr\/wp-json\/wp\/v2\/posts"}],"about":[{"href":"https:\/\/www.europesays.com\/fr\/wp-json\/wp\/v2\/types\/post"}],"author":[{"embeddable":true,"href":"https:\/\/www.europesays.com\/fr\/wp-json\/wp\/v2\/users\/2"}],"replies":[{"embeddable":true,"href":"https:\/\/www.europesays.com\/fr\/wp-json\/wp\/v2\/comments?post=330706"}],"version-history":[{"count":0,"href":"https:\/\/www.europesays.com\/fr\/wp-json\/wp\/v2\/posts\/330706\/revisions"}],"wp:featuredmedia":[{"embeddable":true,"href":"https:\/\/www.europesays.com\/fr\/wp-json\/wp\/v2\/media\/330707"}],"wp:attachment":[{"href":"https:\/\/www.europesays.com\/fr\/wp-json\/wp\/v2\/media?parent=330706"}],"wp:term":[{"taxonomy":"category","embeddable":true,"href":"https:\/\/www.europesays.com\/fr\/wp-json\/wp\/v2\/categories?post=330706"},{"taxonomy":"post_tag","embeddable":true,"href":"https:\/\/www.europesays.com\/fr\/wp-json\/wp\/v2\/tags?post=330706"}],"curies":[{"name":"wp","href":"https:\/\/api.w.org\/{rel}","templated":true}]}}