{"id":330712,"date":"2025-08-20T03:30:25","date_gmt":"2025-08-20T03:30:25","guid":{"rendered":"https:\/\/www.europesays.com\/fr\/330712\/"},"modified":"2025-08-20T03:30:25","modified_gmt":"2025-08-20T03:30:25","slug":"pour-certains-ascenseurs-la-fin-programmee-de-la-2g-risque-davoir-des-consequences-tres-facheuses","status":"publish","type":"post","link":"https:\/\/www.europesays.com\/fr\/330712\/","title":{"rendered":"Pour certains ascenseurs, la fin programm\u00e9e de la 2G risque d\u2019avoir des cons\u00e9quences tr\u00e8s f\u00e2cheuses"},"content":{"rendered":"<p>        <img decoding=\"async\" loading=\"lazy\" src=\"https:\/\/www.europesays.com\/fr\/wp-content\/uploads\/2025\/08\/b78f655_1658676285993-5c93b905230000c2006d7ebe.jpeg\"  width=\"728\" height=\"409\" alt=\"Des milliers d\u2019ascenseurs sont \u00e9quipe d\u2019un syst\u00e8me de t\u00e9l\u00e9alarme qui fonctionne avec la 2G.\"\/>  <\/p>\n<p>Shutterstock<\/p>\n<p>Des milliers d\u2019ascenseurs sont \u00e9quipe d\u2019un syst\u00e8me de t\u00e9l\u00e9alarme qui fonctionne avec la 2G.<\/p>\n<p class=\"asset asset-text\">FRANCE &#8211; Une cons\u00e9quence qui n\u2019a pas \u00e9t\u00e9 anticip\u00e9e. Alors que l\u2019extinction de la technologie 2G par les <a href=\"https:\/\/www.huffingtonpost.fr\/france\/article\/fin-de-la-panne-chez-sfr-l-operateur-annonce-avoir-retabli-le-reseau_251446.html\" rel=\"nofollow noopener\" target=\"_blank\">op\u00e9rateurs de t\u00e9l\u00e9phonie <\/a>approche en France, de nombreux <a href=\"https:\/\/www.huffingtonpost.fr\/politique\/article\/le-conseil-national-lr-a-bien-failli-se-faire-sans-ses-tetes-d-affiche-a-cause-de-cet-incident-technique_251949.html\" rel=\"nofollow noopener\" target=\"_blank\">ascenseurs<\/a> restent d\u00e9pendants de ce r\u00e9seau pour leur syst\u00e8me de t\u00e9l\u00e9alarme. Face \u00e0 cette situation, la f\u00e9d\u00e9ration des ascenseurs a appel\u00e9 ce mardi 19\u00a0ao\u00fbt les copropri\u00e9t\u00e9s et les bailleurs sociaux \u00e0 \u00ab\u00a0se d\u00e9p\u00eacher\u00a0\u00bb de changer le syst\u00e8me de ces appareils dans les immeubles.<\/p>\n<p class=\"asset asset-text\">La fin de la 2G est annonc\u00e9e \u00ab\u00a0entre septembre et d\u00e9cembre\u00a02026\u00a0\u00bb selon les op\u00e9rateurs, a rappel\u00e9 sur<a href=\"https:\/\/rmc.bfmtv.com\/actualites\/societe\/disparition-de-la-2g-en-2026-230-000-ascenseurs-menaces-de-panne-d-alarme-selon-alain-meslier_AV-202508190282.html\" target=\"_blank\" rel=\"noopener nofollow\" title=\"Nouvelle fen\u00eatre\"> RMC<\/a> Alain Meslier, pr\u00e9sident de cette f\u00e9d\u00e9ration qui repr\u00e9sente environ 180 entreprises. \u00c0 cette date, \u00ab\u00a0il [ne] se passera plus rien\u00a0\u00bb lorsque quelqu\u2019un bloqu\u00e9 dans un ascenseur appellera \u00e0 l\u2019aide via le bouton du syst\u00e8me de t\u00e9l\u00e9alarme, a-t-il alert\u00e9, puisque la connexion aura \u00ab\u00a0\u00e9t\u00e9 coup\u00e9e\u00a0\u00bb.<\/p>\n<p class=\"asset asset-text\">Or, selon lui, \u00ab\u00a0aujourd\u2019hui, plus de 230\u00a0000 ascenseurs [&#8230;] sont encore \u00e9quip\u00e9s en t\u00e9l\u00e9alarme avec un syst\u00e8me 2G\u00a0\u00bb, sur quelque 650\u00a0000 appareils en France, dont la majorit\u00e9 (60\u00a0%) dessert des b\u00e2timents de logement.<\/p>\n<p class=\"asset asset-text\">\u00ab\u00a0D\u00e9p\u00eachez-vous de prendre les d\u00e9cisions rapidement pour qu\u2019on puisse planifier les interventions\u00a0\u00bb, a-t-il lanc\u00e9 aux copropri\u00e9taires et aux bailleurs sociaux, soulignant qu\u2019il ne reste qu\u2019un an pour proc\u00e9der au remplacement de ces syst\u00e8mes par des solutions 4G et 5G plus r\u00e9centes, ce qui est \u00ab\u00a0un temps tr\u00e8s, tr\u00e8s, tr\u00e8s, tr\u00e8s contraint\u00a0\u00bb.<\/p>\n<p>                     \u00ab\u00a0Effet bulle\u00a0\u00bb     <\/p>\n<p class=\"asset asset-text\">Il a dit craindre un afflux de demandes intenable pour les quelque 17\u00a0000\u00a0\u00e0 20\u00a0000 techniciens de maintenance du secteur, qui vont avoir \u00ab\u00a0des charges de travail cons\u00e9quentes (en plus du) travail habituel\u00a0\u00bb. \u00ab\u00a0Cet effet bulle en quelques mois va \u00eatre tr\u00e8s compliqu\u00e9 \u00e0 absorber et \u00e0 g\u00e9rer\u00a0\u00bb, a-t-il pr\u00e9venu. Il a pr\u00e9cis\u00e9 que le co\u00fbt de cette intervention s\u2019\u00e9levait \u00e0 quelques \u00ab\u00a0centaines d\u2019euros\u00a0\u00bb.<\/p>\n<p class=\"asset asset-text\">\u00ab\u00a0Si on n\u2019arrive pas \u00e0 tenir ces d\u00e9lais-l\u00e0, peut-\u00eatre qu\u2019un report [de la coupure de la 2G] pourrait \u00eatre pertinent\u00a0\u00bb, a-t-il envisag\u00e9. Surtout, souligne-t-il, que le d\u00e9lai a \u00e9t\u00e9 \u00ab\u00a0court\u00a0\u00bb entre l\u2019annonce par les op\u00e9rateurs en 2022 et la fin programm\u00e9e en 2026. \u00ab\u00a0Quatre ans, c\u2019est tr\u00e8s court. C\u2019\u00e9tait sept ans dans tous les autres pays europ\u00e9ens\u00a0\u00bb.<\/p>\n<p class=\"asset asset-text\">\u00ab\u00a0L\u2019ascensoriste ne sera pas tenu responsable si une personne reste bloqu\u00e9e sans avoir de syst\u00e8me de t\u00e9l\u00e9alarme op\u00e9rationnel. Nous sommes juste exploitants\u00a0\u00bb, a assur\u00e9 \u00e0 l\u2019AFP Alain Meslier. En revanche, la t\u00e9l\u00e9alarme est bien une exigence essentielle de s\u00e9curit\u00e9, selon la l\u00e9gislation, et les copropri\u00e9t\u00e9s ou bailleurs sociaux seront th\u00e9oriquement oblig\u00e9s de mettre \u00e0 l\u2019arr\u00eat les appareils qui n\u2019auraient pas de syst\u00e8me pour appeler \u00e0 l\u2019aide, selon lui.<\/p>\n<p class=\"asset asset-text\">Outre les ascenseurs, les secteurs de la t\u00e9l\u00e9alarme pour les maisons, de la t\u00e9l\u00e9assistance pour les personnes \u00e2g\u00e9es ou d\u00e9pendantes et la domotique sont concern\u00e9s par le calendrier d\u2019extinction du r\u00e9seau 2G en 2026 et du r\u00e9seau 3G d\u2019ici 2029.<\/p>\n<p class=\"asset asset-text\">Sur son site internet, Orange indique qu\u2019il cessera son r\u00e9seau 2G progressivement, d\u2019abord dans certains d\u00e9partements, jusqu\u2019\u00e0 un arr\u00eat d\u00e9finitif fin septembre en France m\u00e9tropolitaine. Les op\u00e9rateurs <a href=\"https:\/\/www.huffingtonpost.fr\/france\/article\/la-panne-sfr-provoque-une-belle-pagaille-dans-l-hexagone-des-pompiers-aux-restaurants_251434.html\" rel=\"nofollow noopener\" target=\"_blank\">SFR<\/a> et Bouygues Mobile programment aussi l\u2019extinction pour fin 2026.<\/p>\n","protected":false},"excerpt":{"rendered":"Shutterstock Des milliers d\u2019ascenseurs sont \u00e9quipe d\u2019un syst\u00e8me de t\u00e9l\u00e9alarme qui fonctionne avec la 2G. FRANCE &#8211; Une&hellip;\n","protected":false},"author":2,"featured_media":330713,"comment_status":"","ping_status":"","sticky":false,"template":"","format":"standard","meta":{"footnotes":""},"categories":[6],"tags":[23099,35,46835,33,34,1011,27],"class_list":{"0":"post-330712","1":"post","2":"type-post","3":"status-publish","4":"format-standard","5":"has-post-thumbnail","7":"category-economie","8":"tag-ascenseur","9":"tag-business","10":"tag-connexion-internet","11":"tag-economie","12":"tag-economy","13":"tag-fr","14":"tag-france"},"share_on_mastodon":{"url":"https:\/\/pubeurope.com\/@fr\/115058981349122829","error":""},"_links":{"self":[{"href":"https:\/\/www.europesays.com\/fr\/wp-json\/wp\/v2\/posts\/330712","targetHints":{"allow":["GET"]}}],"collection":[{"href":"https:\/\/www.europesays.com\/fr\/wp-json\/wp\/v2\/posts"}],"about":[{"href":"https:\/\/www.europesays.com\/fr\/wp-json\/wp\/v2\/types\/post"}],"author":[{"embeddable":true,"href":"https:\/\/www.europesays.com\/fr\/wp-json\/wp\/v2\/users\/2"}],"replies":[{"embeddable":true,"href":"https:\/\/www.europesays.com\/fr\/wp-json\/wp\/v2\/comments?post=330712"}],"version-history":[{"count":0,"href":"https:\/\/www.europesays.com\/fr\/wp-json\/wp\/v2\/posts\/330712\/revisions"}],"wp:featuredmedia":[{"embeddable":true,"href":"https:\/\/www.europesays.com\/fr\/wp-json\/wp\/v2\/media\/330713"}],"wp:attachment":[{"href":"https:\/\/www.europesays.com\/fr\/wp-json\/wp\/v2\/media?parent=330712"}],"wp:term":[{"taxonomy":"category","embeddable":true,"href":"https:\/\/www.europesays.com\/fr\/wp-json\/wp\/v2\/categories?post=330712"},{"taxonomy":"post_tag","embeddable":true,"href":"https:\/\/www.europesays.com\/fr\/wp-json\/wp\/v2\/tags?post=330712"}],"curies":[{"name":"wp","href":"https:\/\/api.w.org\/{rel}","templated":true}]}}