{"id":330714,"date":"2025-08-20T03:31:17","date_gmt":"2025-08-20T03:31:17","guid":{"rendered":"https:\/\/www.europesays.com\/fr\/330714\/"},"modified":"2025-08-20T03:31:17","modified_gmt":"2025-08-20T03:31:17","slug":"face-aux-menaces-americaines-maduro-annonce-le-deploiement-de-45-millions-de-miliciens-liberation","status":"publish","type":"post","link":"https:\/\/www.europesays.com\/fr\/330714\/","title":{"rendered":"face aux \u00abmenaces\u00bb am\u00e9ricaines, Maduro annonce le d\u00e9ploiement de 4,5\u00a0millions de miliciens \u2013 Lib\u00e9ration"},"content":{"rendered":"<p class=\"sc-ksZaOG ehjQrN text-element\">Le pr\u00e9sident v\u00e9n\u00e9zu\u00e9lien, Nicolas Maduro, a annonc\u00e9 lundi 18 ao\u00fbt le d\u00e9ploiement de 4,5 millions de miliciens dans le pays en r\u00e9ponse aux \u00abmenaces\u00bb am\u00e9ricaines face au d\u00e9ploiement de forces militaires am\u00e9ricaines dans les Cara\u00efbes. \u00abCette semaine, je vais activer un plan sp\u00e9cial avec plus de 4,5 millions de miliciens pour garantir la couverture de tout le territoire national. Des milices pr\u00e9par\u00e9es, activ\u00e9es et arm\u00e9es\u00bb, a lanc\u00e9 \u00e0 la t\u00e9l\u00e9vision publique <a href=\"https:\/\/www.liberation.fr\/international\/amerique\/tensions-entre-le-venezuela-et-les-etats-unis-washington-promet-50-millions-de-dollars-pour-larrestation-de-nicolas-maduro-20250808_Y7ZBUGNEA5FRPL5JWEKDZ6IV6E\/\" target=\"_blank\" rel=\"noreferrer noopener\" title=\"https:\/\/www.liberation.fr\/international\/amerique\/tensions-entre-le-venezuela-et-les-etats-unis-washington-promet-50-millions-de-dollars-pour-larrestation-de-nicolas-maduro-20250808_Y7ZBUGNEA5FRPL5JWEKDZ6IV6E\/\">Nicolas Maduro, dont les Etats-Unis ont doubl\u00e9 \u00e0 50 millions de dollars la r\u00e9compense pour sa capture.<\/a><\/p>\n<p class=\"sc-ksZaOG ehjQrN text-element\">La milice v\u00e9n\u00e9zu\u00e9lienne fond\u00e9e par feu le pr\u00e9sident Hugo Chavez dont Maduro est le successeur est, de source officielle, compos\u00e9e de quelque 5 millions de personnes, civils ou r\u00e9servistes, et est plac\u00e9e sous le commandement de l\u2019arm\u00e9e. Evoquant le \u00abr\u00e9chauff\u00e9 pourri des menaces extravagantes, rocambolesques et farfelues\u00bb de Washington, <a href=\"https:\/\/www.liberation.fr\/international\/amerique\/elections-au-venezuela-razzia-de-maduro-face-au-boycott-de-lopposition-20250526_43DYMDOUJBGFZABIJGVAVIJYO4\/\" target=\"_blank\" rel=\"noreferrer noopener\" title=\"https:\/\/www.liberation.fr\/international\/amerique\/elections-au-venezuela-razzia-de-maduro-face-au-boycott-de-lopposition-20250526_43DYMDOUJBGFZABIJGVAVIJYO4\/\">le chef de l\u2019Etat v\u00e9n\u00e9zu\u00e9lien<\/a> a aussi lanc\u00e9 : \u00abFusils et missiles pour la force paysanne ! Pour d\u00e9fendre le territoire, la souverainet\u00e9 et la paix du Venezuela [\u2026] Missiles et fusils pour la classe ouvri\u00e8re, pour qu\u2019elle d\u00e9fende notre patrie\u00bb. \u00abNous sommes \u00e9galement d\u00e9ploy\u00e9s dans toutes les Cara\u00efbes [\u2026] qui nous appartiennent, dans notre mer, propri\u00e9t\u00e9, territoire v\u00e9n\u00e9zu\u00e9lien\u00bb, avait r\u00e9torqu\u00e9 le ministre de l\u2019Int\u00e9rieur, Diosdado Cabello.<\/p>\n<p class=\"sc-ksZaOG ehjQrN text-element\"><a href=\"https:\/\/www.liberation.fr\/international\/amerique\/marco-rubio-un-faucon-a-la-tete-de-la-diplomatie-sauce-trump-20241113_5IV67SKXWVFDPAW6CCALNP43IA\/\" target=\"_blank\" rel=\"noreferrer noopener\" title=\"https:\/\/www.liberation.fr\/international\/amerique\/marco-rubio-un-faucon-a-la-tete-de-la-diplomatie-sauce-trump-20241113_5IV67SKXWVFDPAW6CCALNP43IA\/\">Le secr\u00e9taire d\u2019Etat am\u00e9ricain Marco Rubio<\/a> a confirm\u00e9 la semaine derni\u00e8re le d\u00e9ploiement de forces navales et a\u00e9riennes am\u00e9ricaines dans les Cara\u00efbes pour une op\u00e9ration anti-drogue peu de temps apr\u00e8s que l\u2019administration a doubl\u00e9 la r\u00e9compense pour Nicolas Maduro, accus\u00e9 de faire partie d\u2019un cartel. Le parquet des Etats-Unis avait annonc\u00e9 jeudi avoir fix\u00e9 \u00e0 50 millions de dollars la prime pour l\u2019arrestation du pr\u00e9sident, inculp\u00e9 par la justice am\u00e9ricaine pour trafic de drogues.<\/p>\n<p class=\"sc-ksZaOG ehjQrN text-element\">\u00abNous rejetons les actions absurdes et d\u00e9sesp\u00e9r\u00e9es annonc\u00e9es par le Parquet des \u00c9tats-Unis, manifestement ill\u00e9gales et sans aucun fondement r\u00e9el, en dehors de la tentative d\u2019agression d\u00e9lirante contre le Pr\u00e9sident [\u2026] Maduro, et contre notre peuple rebelle et courageux\u00bb, avait affirm\u00e9 <a href=\"https:\/\/www.liberation.fr\/international\/amerique\/elections-au-venezuela-razzia-de-maduro-face-au-boycott-de-lopposition-20250526_43DYMDOUJBGFZABIJGVAVIJYO4\/\" target=\"_blank\" rel=\"noreferrer noopener\" title=\"https:\/\/www.liberation.fr\/international\/amerique\/elections-au-venezuela-razzia-de-maduro-face-au-boycott-de-lopposition-20250526_43DYMDOUJBGFZABIJGVAVIJYO4\/\">le pr\u00e9sident de l\u2019Assembl\u00e9e Jorge Rodriguez,<\/a> lisant une lettre approuv\u00e9e \u00e0 l\u2019unanimit\u00e9 par les d\u00e9put\u00e9s, selon lui. Comme de nombreux autres pays, les Etats-Unis ne reconnaissent pas non plus la r\u00e9\u00e9lection contest\u00e9e du pr\u00e9sident v\u00e9n\u00e9zu\u00e9lien. Ce dernier, fort du soutien de l\u2019arm\u00e9e et d\u2019une administration aux ordres, avait pr\u00eat\u00e9 serment pour un troisi\u00e8me mandat de six ans lors d\u2019une c\u00e9r\u00e9monie qualifi\u00e9e de \u00abcoup d\u2019Etat\u00bb par l\u2019opposition, qui revendique la victoire \u00e0 la pr\u00e9sidentielle de 2024.<\/p>\n","protected":false},"excerpt":{"rendered":"Le pr\u00e9sident v\u00e9n\u00e9zu\u00e9lien, Nicolas Maduro, a annonc\u00e9 lundi 18 ao\u00fbt le d\u00e9ploiement de 4,5 millions de miliciens dans&hellip;\n","protected":false},"author":2,"featured_media":330715,"comment_status":"","ping_status":"","sticky":false,"template":"","format":"standard","meta":{"footnotes":""},"categories":[5],"tags":[11,75,73,1011,27,14,12,338,337,28],"class_list":{"0":"post-330714","1":"post","2":"type-post","3":"status-publish","4":"format-standard","5":"has-post-thumbnail","7":"category-international","8":"tag-actualites","9":"tag-donald-trump","10":"tag-etats-unis","11":"tag-fr","12":"tag-france","13":"tag-international","14":"tag-news","15":"tag-nicolas-maduro","16":"tag-venezuela","17":"tag-world"},"share_on_mastodon":{"url":"https:\/\/pubeurope.com\/@fr\/115058985080129536","error":""},"_links":{"self":[{"href":"https:\/\/www.europesays.com\/fr\/wp-json\/wp\/v2\/posts\/330714","targetHints":{"allow":["GET"]}}],"collection":[{"href":"https:\/\/www.europesays.com\/fr\/wp-json\/wp\/v2\/posts"}],"about":[{"href":"https:\/\/www.europesays.com\/fr\/wp-json\/wp\/v2\/types\/post"}],"author":[{"embeddable":true,"href":"https:\/\/www.europesays.com\/fr\/wp-json\/wp\/v2\/users\/2"}],"replies":[{"embeddable":true,"href":"https:\/\/www.europesays.com\/fr\/wp-json\/wp\/v2\/comments?post=330714"}],"version-history":[{"count":0,"href":"https:\/\/www.europesays.com\/fr\/wp-json\/wp\/v2\/posts\/330714\/revisions"}],"wp:featuredmedia":[{"embeddable":true,"href":"https:\/\/www.europesays.com\/fr\/wp-json\/wp\/v2\/media\/330715"}],"wp:attachment":[{"href":"https:\/\/www.europesays.com\/fr\/wp-json\/wp\/v2\/media?parent=330714"}],"wp:term":[{"taxonomy":"category","embeddable":true,"href":"https:\/\/www.europesays.com\/fr\/wp-json\/wp\/v2\/categories?post=330714"},{"taxonomy":"post_tag","embeddable":true,"href":"https:\/\/www.europesays.com\/fr\/wp-json\/wp\/v2\/tags?post=330714"}],"curies":[{"name":"wp","href":"https:\/\/api.w.org\/{rel}","templated":true}]}}