{"id":330718,"date":"2025-08-20T03:33:50","date_gmt":"2025-08-20T03:33:50","guid":{"rendered":"https:\/\/www.europesays.com\/fr\/330718\/"},"modified":"2025-08-20T03:33:50","modified_gmt":"2025-08-20T03:33:50","slug":"lemblematique-mercotte-quitte-le-meilleur-patissier","status":"publish","type":"post","link":"https:\/\/www.europesays.com\/fr\/330718\/","title":{"rendered":"l&#8217;embl\u00e9matique Mercotte quitte \u00ab\u00a0Le Meilleur P\u00e2tissier\u00a0\u00bb"},"content":{"rendered":"<p class=\"article-p mdl\">Elle raccroche d\u00e9finitivement son tablier. \u00c0 82 ans, Jacqueline Mercorelli, plus connue sous le nom de<strong> Mercotte <\/strong>dit au revoir au Meilleur P\u00e2tissier. Jur\u00e9e dans cette \u00e9mission depuis 2012 aux c\u00f4t\u00e9s de Cyril Lignac, \u00ab\u00a0la grand-m\u00e8re\u00a0\u00bb des fran\u00e7ais a annonc\u00e9 sa d\u00e9cision sur TV Magazine.<\/p>\n<p class=\"article-p mdl\">Apparemment, la jur\u00e9e aurait pr\u00e9venu son \u00e9quipe de tournage ainsi que son fid\u00e8le acolyte <strong>en d\u00e9cembre dernier.<\/strong> Elle sera tout de m\u00eame pr\u00e9sente dans<strong> la saison 14<\/strong> de l&rsquo;\u00e9mission qui para\u00eetra \u00e0 la rentr\u00e9e.\u00a0<\/p>\n<p class=\"article-p mdl\">\u00ab\u00a0Vu mon \u00e2ge avanc\u00e9, je pense que <strong>c&rsquo;est une question d&rsquo;\u00e9thique\u00a0\u00bb,<\/strong> a d\u00e9clar\u00e9 cette animatrice de t\u00e9l\u00e9vision et blogueuse culinaire chez nos confr\u00e8res de\u00a0<a class=\"link\" href=\"https:\/\/tvmag.lefigaro.fr\/programme-tv\/actu-tele\/il-faut-savoir-s-arreter-a-temps-mercotte-met-fin-a-sa-participation-dans-le-meilleur-patissier-sur-m6-20250818\" target=\"_blank\" rel=\"noopener\">TV Magazine<\/a>. Bien que ce ne soit pas la premi\u00e8re fois qu&rsquo;elle souhaite quitter la s\u00e9rie selon\u00a0<a class=\"link\" href=\"https:\/\/www.rtl.fr\/sujet\/cyril-lignac\" target=\"_blank\" rel=\"noopener\">Cyril Lignac<\/a>, cette fois-ci, \u00ab\u00a0j&rsquo;ai senti dans sa voix que sa d\u00e9cision \u00e9tait prise\u00a0\u00bb avait-il confi\u00e9.\u00a0<\/p>\n<p class=\"article-p mdl\">\u00c0 l&rsquo;approche de son<strong> 83e anniversaire l<\/strong>e 28 septembre prochain, Mercotte a inform\u00e9 qu&rsquo;elle d\u00e9cidait d&rsquo;arr\u00eater \u00ab\u00a0par d\u00e9cence\u00a0\u00bb. Cette ancienne copilote dynamique ne compte pas prendre sa retraite pour autant. \u00ab\u00a0La retraite est un mot que je ne connais pas\u00a0\u00bb, avait-elle d\u00e9clar\u00e9, amus\u00e9e. Le nom de sa rempla\u00e7ante ou rempla\u00e7ant <strong>n&rsquo;a pas encore \u00e9t\u00e9 r\u00e9v\u00e9l\u00e9.\u00a0<\/strong><\/p>\n<p>    La r\u00e9daction vous recommande<\/p>\n<p class=\"s-newsletter__title\">\n                L\u2019actualit\u00e9 par la r\u00e9daction de RTL dans votre bo\u00eete mail.\n            <\/p>\n<p class=\"s-newsletter__subtitle\">\n                Gr\u00e2ce \u00e0 votre compte RTL abonnez-vous \u00e0 la newsletter RTL info pour suivre toute l&rsquo;actualit\u00e9 au quotidien\n            <\/p>\n<p>\n                                    Lire la suite\n                                <\/p>\n","protected":false},"excerpt":{"rendered":"Elle raccroche d\u00e9finitivement son tablier. \u00c0 82 ans, Jacqueline Mercorelli, plus connue sous le nom de Mercotte dit&hellip;\n","protected":false},"author":2,"featured_media":330719,"comment_status":"","ping_status":"","sticky":false,"template":"","format":"standard","meta":{"footnotes":""},"categories":[2],"tags":[11,2414,107,1011,27,494,500,46688,12,15810,252],"class_list":{"0":"post-330718","1":"post","2":"type-post","3":"status-publish","4":"format-standard","5":"has-post-thumbnail","7":"category-actualites","8":"tag-actualites","9":"tag-fil-culture","10":"tag-fil-info","11":"tag-fr","12":"tag-france","13":"tag-m6","14":"tag-medias","15":"tag-meilleur-patissier","16":"tag-news","17":"tag-patisserie","18":"tag-television"},"share_on_mastodon":{"url":"https:\/\/pubeurope.com\/@fr\/115058996853765491","error":""},"_links":{"self":[{"href":"https:\/\/www.europesays.com\/fr\/wp-json\/wp\/v2\/posts\/330718","targetHints":{"allow":["GET"]}}],"collection":[{"href":"https:\/\/www.europesays.com\/fr\/wp-json\/wp\/v2\/posts"}],"about":[{"href":"https:\/\/www.europesays.com\/fr\/wp-json\/wp\/v2\/types\/post"}],"author":[{"embeddable":true,"href":"https:\/\/www.europesays.com\/fr\/wp-json\/wp\/v2\/users\/2"}],"replies":[{"embeddable":true,"href":"https:\/\/www.europesays.com\/fr\/wp-json\/wp\/v2\/comments?post=330718"}],"version-history":[{"count":0,"href":"https:\/\/www.europesays.com\/fr\/wp-json\/wp\/v2\/posts\/330718\/revisions"}],"wp:featuredmedia":[{"embeddable":true,"href":"https:\/\/www.europesays.com\/fr\/wp-json\/wp\/v2\/media\/330719"}],"wp:attachment":[{"href":"https:\/\/www.europesays.com\/fr\/wp-json\/wp\/v2\/media?parent=330718"}],"wp:term":[{"taxonomy":"category","embeddable":true,"href":"https:\/\/www.europesays.com\/fr\/wp-json\/wp\/v2\/categories?post=330718"},{"taxonomy":"post_tag","embeddable":true,"href":"https:\/\/www.europesays.com\/fr\/wp-json\/wp\/v2\/tags?post=330718"}],"curies":[{"name":"wp","href":"https:\/\/api.w.org\/{rel}","templated":true}]}}