{"id":330720,"date":"2025-08-20T03:35:12","date_gmt":"2025-08-20T03:35:12","guid":{"rendered":"https:\/\/www.europesays.com\/fr\/330720\/"},"modified":"2025-08-20T03:35:12","modified_gmt":"2025-08-20T03:35:12","slug":"saint-etienne-de-tulmont-la-fete-de-la-saucisse-revient","status":"publish","type":"post","link":"https:\/\/www.europesays.com\/fr\/330720\/","title":{"rendered":"Saint-\u00c9tienne-de-Tulmont. La F\u00eate de la saucisse revient"},"content":{"rendered":"<p>Apr\u00e8s plusieurs ann\u00e9es d\u2019hibernation, l\u2019Amicale du personnel communal de Saint-\u00c9tienne-de-Tulmont sort de sa l\u00e9thargie pour rena\u00eetre avec enthousiasme et convivialit\u00e9. Cr\u00e9\u00e9e en 1995, l\u2019association \u00e9tait rest\u00e9e en sommeil depuis 2020, sa derni\u00e8re grande manifestation remontant m\u00eame \u00e0 2017, avec le traditionnel th\u00e9-dansant. C\u2019est une \u00e9quipe soud\u00e9e et interg\u00e9n\u00e9rationnelle, compos\u00e9e d\u2019agents de tous horizons, ateliers, cantine, services administratifs, actifs comme retrait\u00e9s, qui a pris les choses en main pour relancer la dynamique de l\u2019amicale. Leur objectif reste fid\u00e8le \u00e0 l\u2019esprit d\u2019origine : favoriser les liens amicaux entre coll\u00e8gues, proposer une aide sociale humaine et mat\u00e9rielle, et organiser des \u00e9v\u00e9nements f\u00e9d\u00e9rateurs. Le nouveau bureau refl\u00e8te cette volont\u00e9 de renouveau : <b>Pr\u00e9sident :<\/b> Vincent R\u00e9my ; <b>vice-pr\u00e9sident : <\/b>K\u00e9vin Arbonnelli ; <b>secr\u00e9taire :<\/b> V\u00e9ronique Fouassier ;<b> secr\u00e9taire adjoint :<\/b> Jean-Loup Cornu ; <b>tr\u00e9sori\u00e8re :<\/b> Nadia Carenou ; <b>tr\u00e9sori\u00e8re adjointe :<\/b> S\u00e9verine Bissetto.<\/p>\n<p>    Rendez-vous le 6 septembre<\/p>\n<p>Et pour marquer ce retour, quoi de mieux qu\u2019un \u00e9v\u00e9nement festif et rassembleur ? Sous le slogan f\u00e9d\u00e9rateur \u00ab\u00a0Cantoniers, on y est !\u00a0\u00bb, la nouvelle \u00e9quipe vous donne rendez-vous samedi 6 septembre \u00e0 19 heures, place du Tulmonenc, pour une F\u00eate de la saucisse plac\u00e9e sous le signe de la bonne humeur et de la simplicit\u00e9. Au menu : saucisse grill\u00e9e, frites, salade de fruits, boisson. Tarif : 10 euros par adultes, 6 \u20ac enfants de moins de 10 ans. R\u00e9servation obligatoire avant le 1er septembre, t\u00e9l. 06 23 16 46 57. Un grand merci aux membres de l\u2019amicale, m\u00eame ceux absents sur la photo : Emeline, Ghislaine, V\u00e9ronique, Magalie, Christel, Bernard et Emmanuelle, mobilis\u00e9s \u00e0 leur poste ou en cong\u00e9, mais pleinement engag\u00e9s dans ce renouveau. Courriel : <a href=\"https:\/\/www.ladepeche.fr\/2025\/08\/20\/mailto:amicale82410@hotmail.com\" rel=\"nofollow noopener\" target=\"_blank\">amicale82410@hotmail.com<\/a><\/p>\n","protected":false},"excerpt":{"rendered":"Apr\u00e8s plusieurs ann\u00e9es d\u2019hibernation, l\u2019Amicale du personnel communal de Saint-\u00c9tienne-de-Tulmont sort de sa l\u00e9thargie pour rena\u00eetre avec enthousiasme&hellip;\n","protected":false},"author":2,"featured_media":330721,"comment_status":"","ping_status":"","sticky":false,"template":"","format":"standard","meta":{"footnotes":""},"categories":[9653],"tags":[1111,11,2430,1777,674,1011,27,12,25,4001],"class_list":{"0":"post-330720","1":"post","2":"type-post","3":"status-publish","4":"format-standard","5":"has-post-thumbnail","7":"category-saint-etienne","8":"tag-actu","9":"tag-actualites","10":"tag-auvergne-rhone-alpes","11":"tag-eu","12":"tag-europe","13":"tag-fr","14":"tag-france","15":"tag-news","16":"tag-republique-francaise","17":"tag-saint-etienne"},"share_on_mastodon":{"url":"https:\/\/pubeurope.com\/@fr\/115059000791213056","error":""},"_links":{"self":[{"href":"https:\/\/www.europesays.com\/fr\/wp-json\/wp\/v2\/posts\/330720","targetHints":{"allow":["GET"]}}],"collection":[{"href":"https:\/\/www.europesays.com\/fr\/wp-json\/wp\/v2\/posts"}],"about":[{"href":"https:\/\/www.europesays.com\/fr\/wp-json\/wp\/v2\/types\/post"}],"author":[{"embeddable":true,"href":"https:\/\/www.europesays.com\/fr\/wp-json\/wp\/v2\/users\/2"}],"replies":[{"embeddable":true,"href":"https:\/\/www.europesays.com\/fr\/wp-json\/wp\/v2\/comments?post=330720"}],"version-history":[{"count":0,"href":"https:\/\/www.europesays.com\/fr\/wp-json\/wp\/v2\/posts\/330720\/revisions"}],"wp:featuredmedia":[{"embeddable":true,"href":"https:\/\/www.europesays.com\/fr\/wp-json\/wp\/v2\/media\/330721"}],"wp:attachment":[{"href":"https:\/\/www.europesays.com\/fr\/wp-json\/wp\/v2\/media?parent=330720"}],"wp:term":[{"taxonomy":"category","embeddable":true,"href":"https:\/\/www.europesays.com\/fr\/wp-json\/wp\/v2\/categories?post=330720"},{"taxonomy":"post_tag","embeddable":true,"href":"https:\/\/www.europesays.com\/fr\/wp-json\/wp\/v2\/tags?post=330720"}],"curies":[{"name":"wp","href":"https:\/\/api.w.org\/{rel}","templated":true}]}}