{"id":330724,"date":"2025-08-20T03:40:11","date_gmt":"2025-08-20T03:40:11","guid":{"rendered":"https:\/\/www.europesays.com\/fr\/330724\/"},"modified":"2025-08-20T03:40:11","modified_gmt":"2025-08-20T03:40:11","slug":"place-aux-bonnes-affaires-et-aux-animations-la-grande-braderie-de-toulon-50e-edition-ca-commence-ce-jeudi","status":"publish","type":"post","link":"https:\/\/www.europesays.com\/fr\/330724\/","title":{"rendered":"Place aux bonnes affaires et aux animations: la grande braderie de Toulon, 50e \u00e9dition, \u00e7a commence ce jeudi"},"content":{"rendered":"<p>Dans la rue d\u2019Astour, inaugur\u00e9e en octobre 2023, les commer\u00e7ants se pr\u00e9parent \u00e0 vivre leur deuxi\u00e8me grande braderie. \u00ab\u00a0On proposera nos mod\u00e8les de la saison d\u2019\u00e9t\u00e9 actuelle et on fait aussi venir des produits d\u2019\u00e9t\u00e9 de boutiques du nord de la France, qui passent d\u00e9j\u00e0 sur la collection d\u2019hiver\u00a0\u00bb, annonce Pascale Robert, directrice de la boutique K-Way. Il est vrai qu\u2019\u00e0 Toulon, ville la plus ensoleill\u00e9e de France avec 300 jours de ciel bleu azur par an, l\u2019\u00e9t\u00e9 dure plus longtemps qu\u2019\u00e0 Lille!<\/p>\n<p>Jusqu\u2019\u00e0 50% de remise<\/p>\n<p>Avec des remises jusqu\u2019\u00e0 -50% sur une s\u00e9lection d\u2019articles, des polos aux valises sans oublier l\u2019incontournable veste imperm\u00e9able, la braderie de Toulon pourrait (presque) rivaliser avec la capitale des Hauts-de-France. \u00ab\u00a0On capte aussi une client\u00e8le qui, peut-\u00eatre, n\u2019ose pas pousser la porte le reste de l\u2019ann\u00e9e car elle consid\u00e8re que c\u2019est trop cher. C\u2019est pourquoi on sort nos produits dans la rue, qui sera anim\u00e9e par la confiserie Bianchina, avec des boissons et des gourmandises\u00a0\u00bb, explique Pascale Robert, qui a r\u00e9alis\u00e9 \u00ab\u00a060% de l\u2019objectif du mois d\u2019ao\u00fbt sur trois jours de braderie l\u2019an dernier\u00a0\u00bb.<\/p>\n<p>Chez Natif, au 1 rue \u00c9mile-Zola, on se pr\u00e9pare aussi \u00e0 recevoir \u00ab\u00a0beaucoup de monde\u00a0\u00bb. Et ce, d\u00e8s le jeudi matin. \u00ab\u00a0L\u2019an dernier c\u2019\u00e9tait incroyable!\u00a0\u00bb, rembobine Nicolas Martini, le directeur de la boutique. Nouveaut\u00e9 cette ann\u00e9e, une seule d\u00e9marque \u00ab\u00a0pour que ce soit plus simple pour tout le monde\u00a0\u00bb de 40% sur une quarantaine d\u2019articles propos\u00e9s en magasin. D\u00e9bardeur, short ou t-shirt de la collection d\u2019\u00e9t\u00e9 actuelle, mais aussi de nombreux accessoires: affiches, casquettes, bobs, bracelets, boxer homme, sac \u00e0 dos\u2026<\/p>\n<p>La marque de v\u00eatements locale, qui r\u00e9alise ainsi 20% de son chiffre d\u2019affaires du mois d\u2019ao\u00fbt pendant ces trois jours de f\u00eate commerciale, a donc d\u00e9cid\u00e9 de mettre les bouch\u00e9es doubles pour satisfaire tout le monde. \u00ab\u00a0La grande braderie tombe en m\u00eame temps que le festival Natif cette ann\u00e9e, qui a lieu du 22 au 24 ao\u00fbt \u00e0 l\u2019hippodrome d\u2019Hy\u00e8res, donc on a embauch\u00e9 des renforts\u00a0\u00bb, explique Nicolas Martini. De quoi finir l\u2019\u00e9t\u00e9 en beaut\u00e9 \u00ab\u00a0apr\u00e8s une tr\u00e8s belle saison estivale dans le textile\u00a0\u00bb.<\/p>\n<p>Emplettes de rentr\u00e9e\u2026 et cadeaux de No\u00ebl<\/p>\n<p>Concernant la pr\u00e9sence des forains, les commer\u00e7ants du centre-ville de Toulon y sont plut\u00f4t favorables. \u00ab\u00a0Cela cr\u00e9e de l\u2019animation, et le monde attire le monde\u00a0\u00bb, assure une vendeuse. \u00ab\u00a0\u00c0 condition que ce soit des produits de qualit\u00e9 et que ce soit bien organis\u00e9\u00a0\u00bb, ajoute une autre. \u00ab\u00a0Les forains c\u2019est bien, mais \u00e0 mon sens il faudrait qu\u2019il y ait plus de cr\u00e9ateurs\u00a0\u00bb, sugg\u00e8re Magali, la responsable de L\u2019Occitane en Provence.<\/p>\n<p>Dans cette boutique historique de la rue Hoche, des produits qui restent des soldes, des anciennes collections ou des trousses, seront d\u00e9marqu\u00e9es \u00e0 -20%. De quoi se faire plaisir, ou offrir un cadeau. \u00ab\u00a0Certains clients font des emplettes pour la rentr\u00e9e et d\u2019autres pr\u00e9parent d\u00e9j\u00e0 No\u00ebl!\u00a0\u00bb La grande braderie est ainsi l\u2019occasion de b\u00e9n\u00e9ficier de belles ristournes, dans un contexte \u00e9conomique difficile, et aussi de profiter d\u2019une ambiance festive dans les rues de Toulon.<\/p>\n<p>Le programme des festivit\u00e9s<\/p>\n<p>aura lieu du jeudi 21 au samedi 23, de 10h \u00e0 19h. Le p\u00e9rim\u00e8tre se situe \u00e0 l\u2019int\u00e9rieur de la zone pi\u00e9tonne d\u00e9limit\u00e9e par les bornes r\u00e9tractables. Au total, 150 commer\u00e7ants plus 20 forains y participent. Et pour marquer cet anniversaire, la Ville mettra en place le Pavillon 50e, un espace \u00e9ph\u00e9m\u00e8re install\u00e9 place de la Cath\u00e9drale. \u00ab\u00a0Con\u00e7u comme un lieu de rencontre et de d\u00e9tente, il proposera des animations gratuites pour petits et grands\u00a0\u00bb, annonce la mairie.<\/p>\n<p>Parmi les animations propos\u00e9es, des ateliers cr\u00e9atifs \u00ab\u00a0Ma boutique en carton\u00a0\u00bb et \u00ab\u00a0Mon tote-bag personnalis\u00e9\u00a0\u00bb, un photowall aux couleurs de l\u2019affiche officielle, des bulles g\u00e9antes, une distribution de goodies, et des d\u00e9gustations au bar \u00e0 sirops. Des parades musicales sont aussi programm\u00e9es chaque matin et apr\u00e8s-midi \u00e0 partir de jeudi apr\u00e8s-midi. Et pour garder un souvenir de cette \u00e9dition anniversaire, les visiteurs pourront \u00e9galement repartir avec le sac fourre-tout collector de la 50e Braderie, offert par leurs commer\u00e7ants participants (dans la limite des stocks disponibles). \u00ab\u00a0Notre volont\u00e9 est de poursuivre la redynamisation du centre-ville\u00a0\u00bb, conclut Audrey Pasquali-Cerny, \u00e9lue de la ville de Toulon et pr\u00e9sidente de Var Am\u00e9nagement D\u00e9veloppement.<\/p>\n","protected":false},"excerpt":{"rendered":"Dans la rue d\u2019Astour, inaugur\u00e9e en octobre 2023, les commer\u00e7ants se pr\u00e9parent \u00e0 vivre leur deuxi\u00e8me grande braderie.&hellip;\n","protected":false},"author":2,"featured_media":330725,"comment_status":"","ping_status":"","sticky":false,"template":"","format":"standard","meta":{"footnotes":""},"categories":[9619],"tags":[1111,11,215,1777,674,1011,27,12,882,25,2310,3366],"class_list":{"0":"post-330724","1":"post","2":"type-post","3":"status-publish","4":"format-standard","5":"has-post-thumbnail","7":"category-toulon","8":"tag-actu","9":"tag-actualites","10":"tag-commerce","11":"tag-eu","12":"tag-europe","13":"tag-fr","14":"tag-france","15":"tag-news","16":"tag-provence-alpes-cote-dazur","17":"tag-republique-francaise","18":"tag-toulon","19":"tag-vie-locale"},"share_on_mastodon":{"url":"https:\/\/pubeurope.com\/@fr\/115059020607677860","error":""},"_links":{"self":[{"href":"https:\/\/www.europesays.com\/fr\/wp-json\/wp\/v2\/posts\/330724","targetHints":{"allow":["GET"]}}],"collection":[{"href":"https:\/\/www.europesays.com\/fr\/wp-json\/wp\/v2\/posts"}],"about":[{"href":"https:\/\/www.europesays.com\/fr\/wp-json\/wp\/v2\/types\/post"}],"author":[{"embeddable":true,"href":"https:\/\/www.europesays.com\/fr\/wp-json\/wp\/v2\/users\/2"}],"replies":[{"embeddable":true,"href":"https:\/\/www.europesays.com\/fr\/wp-json\/wp\/v2\/comments?post=330724"}],"version-history":[{"count":0,"href":"https:\/\/www.europesays.com\/fr\/wp-json\/wp\/v2\/posts\/330724\/revisions"}],"wp:featuredmedia":[{"embeddable":true,"href":"https:\/\/www.europesays.com\/fr\/wp-json\/wp\/v2\/media\/330725"}],"wp:attachment":[{"href":"https:\/\/www.europesays.com\/fr\/wp-json\/wp\/v2\/media?parent=330724"}],"wp:term":[{"taxonomy":"category","embeddable":true,"href":"https:\/\/www.europesays.com\/fr\/wp-json\/wp\/v2\/categories?post=330724"},{"taxonomy":"post_tag","embeddable":true,"href":"https:\/\/www.europesays.com\/fr\/wp-json\/wp\/v2\/tags?post=330724"}],"curies":[{"name":"wp","href":"https:\/\/api.w.org\/{rel}","templated":true}]}}