{"id":330738,"date":"2025-08-20T03:51:12","date_gmt":"2025-08-20T03:51:12","guid":{"rendered":"https:\/\/www.europesays.com\/fr\/330738\/"},"modified":"2025-08-20T03:51:12","modified_gmt":"2025-08-20T03:51:12","slug":"portrait-arnaud-fan-du-racing-club-de-strasbourg-et-specialiste-du-foot-nordique-brondby-a-un-tres-gros-public","status":"publish","type":"post","link":"https:\/\/www.europesays.com\/fr\/330738\/","title":{"rendered":"PORTRAIT &#8211; Arnaud, fan du Racing Club de Strasbourg et sp\u00e9cialiste du foot nordique\u00a0: \u00ab\u00a0Br\u00f8ndby a un tr\u00e8s gros public\u00a0\u00bb"},"content":{"rendered":"<p>Arnaud Janus est l&rsquo;un des responsables de nordiskfootball.fr, le site de r\u00e9f\u00e9rence sur les championnats de foot du nord de l&rsquo;Europe. Cet habitant de Berstheim porte un regard aiguis\u00e9 sur Br\u00f8ndby, l&rsquo;adversaire danois du Racing en barrages de la Ligue Conf\u00e9rence. <\/p>\n<p><strong>Arnaud Janus<\/strong> a toujours eu une attirance touristique pour la Scandinavie. Mais il s&rsquo;est vraiment int\u00e9ress\u00e9 au football nordique apr\u00e8s le passage au Racing des deux fr\u00e8res su\u00e9dois, <strong>Pontus et Alexander Farnerud<\/strong>, il y a une vingtaine d&rsquo;ann\u00e9es. Depuis, le virus n&rsquo;a plus quitt\u00e9 cet habitant de Berstheim, pr\u00e8s de Brumath. Rencontre avec ce passionn\u00e9 avant le match des barrages pr\u00e9vu jeudi \u00e0 la Meinau.<\/p>\n<p>Des stades au-del\u00e0 du cercle polaire<\/p>\n<p>\u00ab\u00a0On se retrouve souvent \u00e0 voir des matchs dans des paysages extraordinaires, par exemple dans le nord de la Norv\u00e8ge, s&rsquo;enthousiasme ce fan du Racing Club de Strasbourg, originaire de Bouxwiller. C&rsquo;est le cas \u00e0 Bod\u00f8\/Glimt qui fait beaucoup parler actuellement ou \u00e0 Troms\u00f8\u00a0qu&rsquo;on a connu au Racing en Coupe d&rsquo;Europe. Ce sont des stades qui sont au bord de l&rsquo;eau, au-del\u00e0 du cercle polaire. Il y a souvent de grosses ambiances, les supporters strasbourgeois vont s&rsquo;en rendre compte \u00e0 Br\u00f8ndby. Enfin c&rsquo;est un football professionnel, mais qui n&rsquo;est pas encore totalement dans le business. Les clubs ont compris qu&rsquo;on pouvait tr\u00e8s bien vendre de jeunes p\u00e9pites et se d\u00e9veloppent ainsi. C&rsquo;est cette progression aussi \u00e0 laquelle j&rsquo;ai envie d&rsquo;assister\u00a0\u00bb.<\/p>\n<p>Agent de la SNCF, Arnaud Janus passe une grande partie de son temps libre \u00e0 d\u00e9cortiquer les performances des \u00e9quipes scandinaves et \u00e0 livrer ses analyses sur les r\u00e9seaux sociaux et\u00a0<a target=\"_blank\" rel=\"nofollow noopener noreferrer\" class=\"IciLink ici-link IciArticleLink g-ici-body-regular-1 underline brand svelte-lu7k6w\" href=\"https:\/\/www.nordiskfootball.fr\/\">le site nordiskfootball.fr<\/a>, la r\u00e9f\u00e9rence en France sur le foot de l&rsquo;Europe du Nord.<\/p>\n<p>Br\u00f8ndby dans la dynamique de la remontada\u00a0?<\/p>\n<p>Il conna\u00eet donc parfaitement l&rsquo;adversaire du Racing ce jeudi en barrages de la Ligue Conf\u00e9rence\u00a0: \u00ab\u00a0Br\u00f8ndby, c&rsquo;est une \u00e9quipe qui, comme le Racing, a un tr\u00e8s gros public derri\u00e8re elle. On l&rsquo;a vu avec la remontada contre le V\u00edkingur Reykjavik. Elle n&rsquo;aurait\u00a0sans doute pas \u00e9t\u00e9 possible sans l&rsquo;appui du public. Gagner 4 \u00e0 0 \u00e0 dix contre onze, \u00e7a n&rsquo;arrive pas tous les jours. Il y avait une ambiance de feu. C&rsquo;est une \u00e9quipe toujours bien class\u00e9e au Danemark, mais rarement titr\u00e9e. On y retrouve des joueurs exp\u00e9riment\u00e9s, des anciens de la Ligue 1, comme Daniel Wass et Stijn Spierings. \u00c0 c\u00f4t\u00e9 de \u00e7a, il y a de jeunes gros talents comme Clement Bischoff qui sera suspendu ou Noah Nartey, un milieu box to box super int\u00e9ressant\u00a0\u00bb.<\/p>\n<p><strong>Br\u00f8ndby, rival historique du FC Copenhague,<\/strong> aborde ce duel europ\u00e9en dans la peau de l&rsquo;outsider. \u00ab\u00a0Pour les m\u00e9dias et les supporters danois, c&rsquo;est un tirage catastrophique, rapporte Arnaud Janus. Ils sont d\u00e9j\u00e0 miracul\u00e9s contre Vikingur, donc ils n&rsquo;ont plus rien \u00e0 perdre. Ils sont sur une dynamique avec la remontada qui est exceptionnelle. Donc attention\u00a0! Et je\u00a0trouve qu&rsquo;il y a un point commun avec le Racing. Cette \u00e9quipe n&rsquo;arrive pas forc\u00e9ment \u00e0 g\u00e9rer les matches cl\u00e9s, quand elle est devant au score. Je pense qu&rsquo;il peut y avoir du spectacle. Mais\u00a0si le Racing est s\u00e9rieux, il reste au dessus de Br\u00f8ndby\u00a0\u00bb.<\/p>\n<p>Grand fan de\u00a0Lucas H\u00f8gsberg<\/p>\n<p>Malgr\u00e9 sa passion pour le football nordique, <strong>le\u00a0c\u0153ur d&rsquo;Arnaud Janus balance plut\u00f4t du c\u00f4t\u00e9 du Racing<\/strong>. \u00a0\u00bb\u00a0C&rsquo;est une confrontation que j&rsquo;aurais pr\u00e9f\u00e9r\u00e9 voir en phase de poules de la Ligue Conf\u00e9rence, plut\u00f4t qu&rsquo;en barrages, sourit-il. C&rsquo;est s\u00fbr, il y aura un petit pincement au c\u0153ur. Mais bien s\u00fbr, allez Racing!\u00a0\u00bb<\/p>\n<p>Arnaud Janus va garder un \u0153il avis\u00e9 sur la performance d&rsquo;un Danois en particulier,\u00a0<a class=\"IciLink ici-link IciArticleLink g-ici-body-regular-1 underline brand svelte-lu7k6w\" href=\"https:\/\/www.francebleu.fr\/sports\/football\/le-defenseur-lucas-hoegsberg-signe-pour-cinq-saisons-au-racing-club-de-strasbourg-5497619\" rel=\"nofollow noopener\" target=\"_blank\">celui que le Racing vient d&rsquo;acheter, le d\u00e9fenseur Lucas H\u00f8gsberg,<\/a>\u00a0l&rsquo;un de ses chouchous, notamment \u00e0 cause de la qualit\u00e9 de sa relance.<\/p>\n<p> \u00c0 lire aussi   <img decoding=\"async\" src=\"https:\/\/www.europesays.com\/fr\/wp-content\/uploads\/2025\/08\/1755661871_516_560x315\" alt=\"Mike Penders sous le maillot de Genk\" style=\"--_image-preview:url('data:image\/jpeg;base64,\/9j\/2wBDACgcHiMeGSgjISMtKygwPGRBPDc3PHtYXUlkkYCZlo+AjIqgtObDoKrarYqMyP\/L2u71\/\/\/\/m8H\/\/\/\/6\/+b9\/\/j\/2wBDASstLTw1PHZBQXb4pYyl+Pj4+Pj4+Pj4+Pj4+Pj4+Pj4+Pj4+Pj4+Pj4+Pj4+Pj4+Pj4+Pj4+Pj4+Pj4+Pj4+Pj\/wAARCAAXACoDASIAAhEBAxEB\/8QAGQABAQEBAQEAAAAAAAAAAAAAAwACAQQF\/8QAFxABAQEBAAAAAAAAAAAAAAAAAAECEf\/EABUBAQEAAAAAAAAAAAAAAAAAAAAB\/8QAFBEBAAAAAAAAAAAAAAAAAAAAAP\/aAAwDAQACEQMRAD8A+fkmYzmFzAXGbCyOWA8+oyXUHwCZhcxICSOWJALcHxIV\/9k=');\" loading=\"lazy\" fetchpriority=\"low\" aria-hidden=\"true\" class=\"svelte-1pnmlwx rounded\" onload=\"this.__e=event\" onerror=\"this.__e=event\"\/>\u00c0 lire aussi   <img decoding=\"async\" src=\"https:\/\/www.europesays.com\/fr\/wp-content\/uploads\/2025\/08\/1755661871_325_560x315\" alt=\"Karl-Johan Johsson (34 ans) est le quatri\u00e8me Su\u00e9dois \u00e0 jouer sous les couleurs du Racing\" style=\"--_image-preview:url('data:image\/jpeg;base64,\/9j\/2wBDACgcHiMeGSgjISMtKygwPGRBPDc3PHtYXUlkkYCZlo+AjIqgtObDoKrarYqMyP\/L2u71\/\/\/\/m8H\/\/\/\/6\/+b9\/\/j\/2wBDASstLTw1PHZBQXb4pYyl+Pj4+Pj4+Pj4+Pj4+Pj4+Pj4+Pj4+Pj4+Pj4+Pj4+Pj4+Pj4+Pj4+Pj4+Pj4+Pj4+Pj\/wAARCAAXACoDASIAAhEBAxEB\/8QAFwABAQEBAAAAAAAAAAAAAAAAAQACA\/\/EABcQAQEBAQAAAAAAAAAAAAAAAAABEQL\/xAAVAQEBAAAAAAAAAAAAAAAAAAAAAf\/EABURAQEAAAAAAAAAAAAAAAAAAAAB\/9oADAMBAAIRAxEAPwDhOTITAMhwQoCwY0FHPTKkVGtOpIo1ako\/\/9k=');\" loading=\"lazy\" fetchpriority=\"low\" aria-hidden=\"true\" class=\"svelte-1pnmlwx rounded\" onload=\"this.__e=event\" onerror=\"this.__e=event\"\/>\u00c0 lire aussi   <img decoding=\"async\" src=\"https:\/\/www.europesays.com\/fr\/wp-content\/uploads\/2025\/08\/1755661872_384_560x315\" alt=\"Richard d'Alberto se rend au stade de la Meinau depuis 78 ans\" style=\"--_image-preview:url('data:image\/jpeg;base64,\/9j\/2wBDACgcHiMeGSgjISMtKygwPGRBPDc3PHtYXUlkkYCZlo+AjIqgtObDoKrarYqMyP\/L2u71\/\/\/\/m8H\/\/\/\/6\/+b9\/\/j\/2wBDASstLTw1PHZBQXb4pYyl+Pj4+Pj4+Pj4+Pj4+Pj4+Pj4+Pj4+Pj4+Pj4+Pj4+Pj4+Pj4+Pj4+Pj4+Pj4+Pj4+Pj\/wAARCAAXACoDASIAAhEBAxEB\/8QAGAAAAwEBAAAAAAAAAAAAAAAAAAMEAgH\/xAAZEAEBAQEBAQAAAAAAAAAAAAAAAgEDETH\/xAAWAQEBAQAAAAAAAAAAAAAAAAABAAL\/xAAUEQEAAAAAAAAAAAAAAAAAAAAA\/9oADAMBAAIRAxEAPwCy09H2nphoYbBOHQifON+MwZ4WUvRPQCLmfTuYCSmDQCH\/2Q==');\" loading=\"lazy\" fetchpriority=\"low\" aria-hidden=\"true\" class=\"svelte-1pnmlwx rounded\" onload=\"this.__e=event\" onerror=\"this.__e=event\"\/><\/p>\n","protected":false},"excerpt":{"rendered":"Arnaud Janus est l&rsquo;un des responsables de nordiskfootball.fr, le site de r\u00e9f\u00e9rence sur les championnats de foot du&hellip;\n","protected":false},"author":2,"featured_media":330739,"comment_status":"","ping_status":"","sticky":false,"template":"","format":"standard","meta":{"footnotes":""},"categories":[2820],"tags":[1111,11,1777,674,1011,27,775,12,25,640],"class_list":{"0":"post-330738","1":"post","2":"type-post","3":"status-publish","4":"format-standard","5":"has-post-thumbnail","7":"category-strasbourg","8":"tag-actu","9":"tag-actualites","10":"tag-eu","11":"tag-europe","12":"tag-fr","13":"tag-france","14":"tag-grand-est","15":"tag-news","16":"tag-republique-francaise","17":"tag-strasbourg"},"share_on_mastodon":{"url":"https:\/\/pubeurope.com\/@fr\/115059063820368466","error":""},"_links":{"self":[{"href":"https:\/\/www.europesays.com\/fr\/wp-json\/wp\/v2\/posts\/330738","targetHints":{"allow":["GET"]}}],"collection":[{"href":"https:\/\/www.europesays.com\/fr\/wp-json\/wp\/v2\/posts"}],"about":[{"href":"https:\/\/www.europesays.com\/fr\/wp-json\/wp\/v2\/types\/post"}],"author":[{"embeddable":true,"href":"https:\/\/www.europesays.com\/fr\/wp-json\/wp\/v2\/users\/2"}],"replies":[{"embeddable":true,"href":"https:\/\/www.europesays.com\/fr\/wp-json\/wp\/v2\/comments?post=330738"}],"version-history":[{"count":0,"href":"https:\/\/www.europesays.com\/fr\/wp-json\/wp\/v2\/posts\/330738\/revisions"}],"wp:featuredmedia":[{"embeddable":true,"href":"https:\/\/www.europesays.com\/fr\/wp-json\/wp\/v2\/media\/330739"}],"wp:attachment":[{"href":"https:\/\/www.europesays.com\/fr\/wp-json\/wp\/v2\/media?parent=330738"}],"wp:term":[{"taxonomy":"category","embeddable":true,"href":"https:\/\/www.europesays.com\/fr\/wp-json\/wp\/v2\/categories?post=330738"},{"taxonomy":"post_tag","embeddable":true,"href":"https:\/\/www.europesays.com\/fr\/wp-json\/wp\/v2\/tags?post=330738"}],"curies":[{"name":"wp","href":"https:\/\/api.w.org\/{rel}","templated":true}]}}