{"id":330742,"date":"2025-08-20T03:53:17","date_gmt":"2025-08-20T03:53:17","guid":{"rendered":"https:\/\/www.europesays.com\/fr\/330742\/"},"modified":"2025-08-20T03:53:17","modified_gmt":"2025-08-20T03:53:17","slug":"nice-voltaica-energie-solaire-leve-25-me","status":"publish","type":"post","link":"https:\/\/www.europesays.com\/fr\/330742\/","title":{"rendered":"Nice : Volta\u00efca (\u00e9nergie solaire) l\u00e8ve 2,5 M\u20ac"},"content":{"rendered":"<p dir=\"ltr\"><strong>Fond\u00e9e en 2008 \u00e0 Bastia<\/strong> et install\u00e9e \u00e0 Nice et Toulouse, <strong>Volta\u00efca,<\/strong> entreprise productrice ind\u00e9pendante d&rsquo;\u00e9lectricit\u00e9 d&rsquo;origine photovolta\u00efque, a finalis\u00e9 fin juillet une une lev\u00e9e de fonds en S\u00e9rie A de 2,5 M\u20ac avec <strong>FemuQu\u00ec<\/strong>, qui g\u00e8re 7 fonds actifs et reste minoritaire au capital de la soci\u00e9t\u00e9. La PME corse (50 collaborateurs et 19 M\u20ac de CA) annonce avoir d\u00e9j\u00e0 r\u00e9alis\u00e9 pr\u00e8s de 650 projets de couvertures de toitures de hangars en panneaux solaires en France. Elle vient de faire l&rsquo;acquisition de la soci\u00e9t\u00e9 vend\u00e9enne Steelgo sp\u00e9cialis\u00e9e dans les structures m\u00e9talliques.<\/p>\n<p dir=\"ltr\">\u00ab\u00a0Cette lev\u00e9e va nous permettre \u00e0 court terme de renforcer notre impact imm\u00e9diat sur le terrain et de nous d\u00e9velopper en Italie\u201d a d\u00e9clar\u00e9 son pr\u00e9sident-fondateur Christian Giudicelli (un bureau a d\u00e9j\u00e0 \u00e9t\u00e9 ouvert \u00e0 Padoue d\u00e9but juillet). \u201cNous visons une seconde lev\u00e9e de fonds en S\u00e9rie B d\u2019ici la fin de l\u2019ann\u00e9e 2025\u00a0\u00bb, a-t-il ajout\u00e9, seconde lev\u00e9e de l\u2019ordre de 30 M\u20ac pour acc\u00e9l\u00e9rer son d\u00e9veloppement.<\/p>\n<p>\u00a0<\/p>\n","protected":false},"excerpt":{"rendered":"Fond\u00e9e en 2008 \u00e0 Bastia et install\u00e9e \u00e0 Nice et Toulouse, Volta\u00efca, entreprise productrice ind\u00e9pendante d&rsquo;\u00e9lectricit\u00e9 d&rsquo;origine photovolta\u00efque,&hellip;\n","protected":false},"author":2,"featured_media":49501,"comment_status":"","ping_status":"","sticky":false,"template":"","format":"standard","meta":{"footnotes":""},"categories":[2819],"tags":[1111,11,1777,674,1011,27,12,2401,882,25],"class_list":{"0":"post-330742","1":"post","2":"type-post","3":"status-publish","4":"format-standard","5":"has-post-thumbnail","7":"category-nice","8":"tag-actu","9":"tag-actualites","10":"tag-eu","11":"tag-europe","12":"tag-fr","13":"tag-france","14":"tag-news","15":"tag-nice","16":"tag-provence-alpes-cote-dazur","17":"tag-republique-francaise"},"share_on_mastodon":{"url":"https:\/\/pubeurope.com\/@fr\/115059071570395275","error":""},"_links":{"self":[{"href":"https:\/\/www.europesays.com\/fr\/wp-json\/wp\/v2\/posts\/330742","targetHints":{"allow":["GET"]}}],"collection":[{"href":"https:\/\/www.europesays.com\/fr\/wp-json\/wp\/v2\/posts"}],"about":[{"href":"https:\/\/www.europesays.com\/fr\/wp-json\/wp\/v2\/types\/post"}],"author":[{"embeddable":true,"href":"https:\/\/www.europesays.com\/fr\/wp-json\/wp\/v2\/users\/2"}],"replies":[{"embeddable":true,"href":"https:\/\/www.europesays.com\/fr\/wp-json\/wp\/v2\/comments?post=330742"}],"version-history":[{"count":0,"href":"https:\/\/www.europesays.com\/fr\/wp-json\/wp\/v2\/posts\/330742\/revisions"}],"wp:featuredmedia":[{"embeddable":true,"href":"https:\/\/www.europesays.com\/fr\/wp-json\/wp\/v2\/media\/49501"}],"wp:attachment":[{"href":"https:\/\/www.europesays.com\/fr\/wp-json\/wp\/v2\/media?parent=330742"}],"wp:term":[{"taxonomy":"category","embeddable":true,"href":"https:\/\/www.europesays.com\/fr\/wp-json\/wp\/v2\/categories?post=330742"},{"taxonomy":"post_tag","embeddable":true,"href":"https:\/\/www.europesays.com\/fr\/wp-json\/wp\/v2\/tags?post=330742"}],"curies":[{"name":"wp","href":"https:\/\/api.w.org\/{rel}","templated":true}]}}