{"id":330743,"date":"2025-08-20T03:56:15","date_gmt":"2025-08-20T03:56:15","guid":{"rendered":"https:\/\/www.europesays.com\/fr\/330743\/"},"modified":"2025-08-20T03:56:15","modified_gmt":"2025-08-20T03:56:15","slug":"quel-scenario-pour-le-demenagement-des-roms-dans-le-quartier-doulon","status":"publish","type":"post","link":"https:\/\/www.europesays.com\/fr\/330743\/","title":{"rendered":"quel sc\u00e9nario pour le d\u00e9m\u00e9nagement des Roms dans le quartier Doulon\u00a0?"},"content":{"rendered":"<p>            Par<br \/>\n        <strong><br \/>\n            <a href=\"https:\/\/actu.fr\/auteur\/thomas-bernard\" title=\"Consulter tous les articles de Thomas Bernard\" target=\"_blank\" rel=\"noopener\">Thomas Bernard<\/a><br \/>\n        <\/strong><\/p>\n<p>        Publi\u00e9 le<\/p>\n<p>            19 ao\u00fbt 2025 \u00e0 17h43        <\/p>\n<p>\u00c0 Nantes, l\u2019incertitude plane toujours dans le quartier Doulon. Depuis le d\u00e9but de l\u2019\u00e9t\u00e9, des riverains sont <a href=\"https:\/\/actu.fr\/pays-de-la-loire\/nantes_44109\/inacceptable-a-nantes-des-habitants-decouvrent-l-installation-d-un-camp-de-roms-pres-de-leurs-maisons_63030997.html\" target=\"_blank\" rel=\"noopener\">mobilis\u00e9s contre l\u2019installation d\u2019un camp provisoire de Roms \u00e0 proximit\u00e9 de leurs maisons<\/a>. Les habitants du bidonville, situ\u00e9 au croisement du chemin du moulin des marais et de la rue de la No\u00e9 Garreau, sont sous la menace d\u2019une expulsion<strong> d\u2019ici le 28\u00a0ao\u00fbt 2025<\/strong>. Un terrain de repli a \u00e9t\u00e9 identifi\u00e9 par la Ville dans un quartier pavillonnaire de Doulon. Un lieu refus\u00e9 par \u00ab\u2009le collectif Doulon\u2009\u00bb et les associations de soutien aux Roms.<\/p>\n<p class=\" wall-content\">Ce jeudi 14\u00a0ao\u00fbt 2025, les riverains du terrain d\u2019insertion temporaire controvers\u00e9 et des associations soutenant les droits des Roms ont particip\u00e9 \u00e0 une r\u00e9union organis\u00e9e par la Ville. Les divers acteurs ont \u00e9chang\u00e9 avec Simon Citeau, adjoint au maire et \u00e9lu du quartier Doulon-Botti\u00e8re.<\/p>\n<p>La Ville veut rassurer et pr\u00f4ne le dialogue<\/p>\n<p class=\" wall-content\">\u00ab\u2009C\u2019\u00e9tait important d\u2019ouvrir le dialogue, d\u2019\u00e9couter, d\u2019entendre les inqui\u00e9tudes et les questions qui sont l\u00e9gitimes\u2009\u00bb, indique Simon Citeau \u00e0 <a href=\"https:\/\/actu.fr\/nantes\/\" target=\"_blank\" rel=\"noopener\">actu Nantes<\/a>.<\/p>\n<p class=\" wall-content\">C\u2019est le manque de communication de la Ville de Nantes concernant la potentielle installation de familles Roms sur le terrain de repli qui avait suscit\u00e9 la col\u00e8re des riverains. \u00c9tait \u00e9galement d\u00e9nonc\u00e9 le choix du terrain dont <strong>\u00ab\u2009les conditions de vie et d\u2019accueil sont inacceptables\u2009\u00bb<\/strong>.<\/p>\n<blockquote class=\"ac-article-quote wall-content\">\n<p>Je retiens de nos \u00e9changes qu\u2019il y a un int\u00e9r\u00eat partag\u00e9 sur les conditions de vie des familles qui sont dans les bidonvilles. Ce qui inqui\u00e8te les riverains, c\u2019est surtout l\u2019\u00e9volution de leur environnement direct qui est en tr\u00e8s grande proximit\u00e9 et qui g\u00e9n\u00e8re des craintes. Je l\u2019entends.<\/p>\n<p>    <strong>Simon Citeau, adjoint au maire en charge du quartier Doulon-Botti\u00e8re<\/strong>\n            <\/p><\/blockquote>\n<p class=\" wall-content\"><strong>Aucune d\u00e9cision d\u00e9finitive<\/strong> n\u2019a \u00e9t\u00e9 prise \u00e0 l\u2019issue de la r\u00e9union. Pour l\u2019heure, les travaux de s\u00e9curisation sont actuellement <strong>suspendus sur la parcelle controvers\u00e9e<\/strong>.<\/p>\n<p class=\" wall-content\">Simon Citeau pr\u00f4ne la poursuite du dialogue entre les diverses parties dans les prochains jours afin de faire un point sur l\u2019\u00e9volution du dossier. Du c\u00f4t\u00e9 du \u00ab\u2009collectif Doulon\u2009\u00bb, on \u00e9voque des \u00ab\u2009\u00e9changes courtois\u2009\u00bb m\u00eame si les habitants \u00ab\u2009restent m\u00e9fiants\u2009\u00bb pour la suite.<\/p>\n<p>Votre r\u00e9gion, votre actu !<\/p>\n<p>Recevez chaque jour les infos qui comptent pour vous.<\/p>\n<p>\t<a href=\"https:\/\/actu.fr\/newsletter\" class=\"ac-btn ac-btn--corner ac-btn--medium ac-btn--blue800\" target=\"_blank\" rel=\"noopener\">S&rsquo;incrire<\/a><br \/>\nUne association demande la suspension de l\u2019expulsion<\/p>\n<p class=\" wall-content\">Simon Citeau a rappel\u00e9 l\u2019enjeu de r\u00e9sorption des bidonvilles \u00e0 l\u2019\u00e9chelle m\u00e9tropolitaine et s\u2019est engag\u00e9 \u00e0 pr\u00e9server le dialogue \u00ab\u2009entre tous les acteurs qui travaillent sur la r\u00e9sorption des bidonvilles\u2009\u00bb, c\u2019est-\u00e0-dire\u2009: Nantes M\u00e9tropole, la Ville de Nantes, le D\u00e9partement et l\u2019\u00c9tat.<\/p>\n<p class=\" wall-content\">\u00ab\u2009On \u00e9tait seul (la m\u00e9tropole, NDLR) pour r\u00e9pondre aux inqui\u00e9tudes des habitants de Doulon mais la strat\u00e9gie globale de r\u00e9sorption des bidonvilles et l\u2019action est bien collective.\u2009\u00bb<\/p>\n<p class=\" wall-content\">Pour l\u2019\u00e9lu, la Ville doit faire face \u00e0 un <strong>\u00ab\u2009calendrier contraint qui complexifie le dossier\u2009\u00bb<\/strong>.<\/p>\n<p class=\" wall-content\">En raison d\u2019une d\u00e9cision prononc\u00e9e par le Tribunal Administratif en f\u00e9vrier\u00a02024, Nantes M\u00e9tropole doit mener des \u00ab\u2009compensations environnementales\u2009\u00bb pour restaurer des zones d\u00e9grad\u00e9es lors de la premi\u00e8re phase du projet d\u2019am\u00e9nagement urbain de la <a href=\"https:\/\/actu.fr\/pays-de-la-loire\/nantes_44109\/nantes-207-nouveaux-logements-vont-sortir-de-terre-dans-ce-futur-quartier_62850866.html\" target=\"_blank\" rel=\"noopener\">ZAC Doulon-Gohards<\/a>. Le camp de Roms du Chemin du Moulin des Marais a \u00e9t\u00e9 identifi\u00e9 par Nantes M\u00e9tropole comme <strong>une aire de compensation environnementale<\/strong>.<\/p>\n<p class=\" wall-content\">Lors de la r\u00e9union du 14\u00a0ao\u00fbt et dans un courrier \u00e9crit aux \u00e9lus le samedi 16\u00a0ao\u00fbt, <a href=\"https:\/\/metropole.nantes.fr\/associations\/annuaire-des-associations-nantaises\/roata\" target=\"_blank\" rel=\"noopener\">l\u2019association Roata<\/a> a demand\u00e9 de <strong>\u00ab\u2009surseoir la proc\u00e9dure d\u2019expulsion du bidonville\u2009\u00bb<\/strong> et \u00ab\u2009d\u2019informer la Pr\u00e9fecture afin qu\u2019elle n\u2019accorde pas son droit de mobiliser l\u2019usage de la force publique, d\u00e8s \u00e0 pr\u00e9sent et tant qu\u2019une solution de relogement des familles soit effective\u2009\u00bb.<\/p>\n<p class=\" wall-content\">\u00ab\u2009Il faut sortir temporairement la parcelle, occup\u00e9e par les habitants roms, du p\u00e9rim\u00e8tre des aires de compensation, <strong>en attendant la cr\u00e9ation concert\u00e9e d\u2019un terrain de repli\u2009\u00bb<\/strong>, sugg\u00e8re Philippe Barbo de l\u2019association Roata.<\/p>\n<p class=\" wall-content\">Dossier \u00e0 suivre.<\/p>\n<p class=\" wall-content\">Personnalisez votre actualit\u00e9 en ajoutant vos villes et m\u00e9dias en favori avec <a href=\"https:\/\/moncompte.actu.fr\" title=\"D\u00e9couvez Mon Actu\" rel=\"nofollow noopener\" data-trk=\"{&quot;cta&quot;:{&quot;action&quot;:&quot;https:\\\/\\\/moncompte.actu.fr&quot;,&quot;category&quot;:&quot;mon compte&quot;,&quot;from&quot;:&quot;article footer&quot;,&quot;name&quot;:&quot;Mon actu&quot;,&quot;type&quot;:&quot;cta&quot;}}\" target=\"_blank\">Mon Actu<\/a>.<\/p>\n","protected":false},"excerpt":{"rendered":"Par Thomas Bernard Publi\u00e9 le 19 ao\u00fbt 2025 \u00e0 17h43 \u00c0 Nantes, l\u2019incertitude plane toujours dans le quartier&hellip;\n","protected":false},"author":2,"featured_media":330744,"comment_status":"","ping_status":"","sticky":false,"template":"","format":"standard","meta":{"footnotes":""},"categories":[2818],"tags":[1111,11,1777,674,1011,27,766,12,2636,5765,25,104],"class_list":{"0":"post-330743","1":"post","2":"type-post","3":"status-publish","4":"format-standard","5":"has-post-thumbnail","7":"category-nantes","8":"tag-actu","9":"tag-actualites","10":"tag-eu","11":"tag-europe","12":"tag-fr","13":"tag-france","14":"tag-nantes","15":"tag-news","16":"tag-pays-de-la-loire","17":"tag-renovation-urbaine","18":"tag-republique-francaise","19":"tag-societe"},"share_on_mastodon":{"url":"https:\/\/pubeurope.com\/@fr\/115059083500123208","error":""},"_links":{"self":[{"href":"https:\/\/www.europesays.com\/fr\/wp-json\/wp\/v2\/posts\/330743","targetHints":{"allow":["GET"]}}],"collection":[{"href":"https:\/\/www.europesays.com\/fr\/wp-json\/wp\/v2\/posts"}],"about":[{"href":"https:\/\/www.europesays.com\/fr\/wp-json\/wp\/v2\/types\/post"}],"author":[{"embeddable":true,"href":"https:\/\/www.europesays.com\/fr\/wp-json\/wp\/v2\/users\/2"}],"replies":[{"embeddable":true,"href":"https:\/\/www.europesays.com\/fr\/wp-json\/wp\/v2\/comments?post=330743"}],"version-history":[{"count":0,"href":"https:\/\/www.europesays.com\/fr\/wp-json\/wp\/v2\/posts\/330743\/revisions"}],"wp:featuredmedia":[{"embeddable":true,"href":"https:\/\/www.europesays.com\/fr\/wp-json\/wp\/v2\/media\/330744"}],"wp:attachment":[{"href":"https:\/\/www.europesays.com\/fr\/wp-json\/wp\/v2\/media?parent=330743"}],"wp:term":[{"taxonomy":"category","embeddable":true,"href":"https:\/\/www.europesays.com\/fr\/wp-json\/wp\/v2\/categories?post=330743"},{"taxonomy":"post_tag","embeddable":true,"href":"https:\/\/www.europesays.com\/fr\/wp-json\/wp\/v2\/tags?post=330743"}],"curies":[{"name":"wp","href":"https:\/\/api.w.org\/{rel}","templated":true}]}}