{"id":330753,"date":"2025-08-20T04:02:40","date_gmt":"2025-08-20T04:02:40","guid":{"rendered":"https:\/\/www.europesays.com\/fr\/330753\/"},"modified":"2025-08-20T04:02:40","modified_gmt":"2025-08-20T04:02:40","slug":"olivier-giroud-il-na-pas-manque-grand-chose","status":"publish","type":"post","link":"https:\/\/www.europesays.com\/fr\/330753\/","title":{"rendered":"Olivier Giroud\u00a0: \u00ab\u00a0Il n\u2019a pas manqu\u00e9 grand-chose\u00a0\u00bb"},"content":{"rendered":"<p>\u00ab\u00a0C\u2019est un r\u00e9el bonheur de revenir sur les pelouses de Ligue 1, dans un bon petit stade avec une belle ambiance, du spectacle pour les supporters et les t\u00e9l\u00e9spectateurs. Mais pour nous en tant que comp\u00e9titeurs, c\u2019est un peu frustrant de marquer trois buts \u00e0 l\u2019ext\u00e9rieur et de ne pas rentrer avec les trois points.\u00a0\u00bb<\/p>\n<p>\u00ab\u00a0Mon but\u00a0? Ma force est dans la surface, j\u2019ai \u00e9t\u00e9 bien servi par Felix. C\u2019est un beau mouvement et un peu de r\u00e9ussite, \u00e7a passe entre les jambes du d\u00e9fenseur et le gardien est pris \u00e0 contre-pied. Ca montre qu\u2019on commence a avoir une belle entente entre nous. Il y a beaucoup de satisfaction d\u2019avoir marqu\u00e9 ce but dans le premier quart d\u2019heure. Ca s\u2019est pas jou\u00e9 \u00e0 grand-chose sur la fin avec l\u2019occasion d\u2019Ayyoub, le gardien a eu un peu de r\u00e9ussite. Quand tu m\u00e8nes 2-0 et 3-2, c\u2019est rageant<\/p>\n<p>\u00ab\u00a0J\u2019ai dit au coach que je me sentais bien et que j\u2019avais l\u2019\u00e9nergie pour aller au bout, m\u00eame s\u2019il ne restait beaucoup d\u2019essence dans le moteur. Il fait chaud \u00e0 Brest un 17 ao\u00fbt \u00e0 15h. On a su trouver les ressources pour pousser jusqu\u2019au bout, \u00e7a n\u2019a pas voulu sourire, mais il y a beaucoup de choses encourageantes. En tant que comp\u00e9titeur, c\u2019est ce qu\u2019on essaye d\u2019insuffler dans ce groupe, la gagne. Il n\u2019a pas manqu\u00e9 grand-chose. Il faut continuer l\u00e0-dessus sur ce qu\u2019on a bien fait et corriger nos petites erreurs. C\u2019est toute l\u2019\u00e9quipe qui doit \u00eatre concern\u00e9e par les taches d\u00e9fensives. Personnellement, je ne me suis pas fix\u00e9 d\u2019objectif. Je vais essayer d\u2019\u00eatre le plus efficace possible, tout simplement.\u00a0\u00bb<\/p>\n<p><img loading=\"lazy\" decoding=\"async\" data-entity-uuid=\"79831086-a58d-4213-a8a1-0a46f14916ad\" data-entity-type=\"file\" src=\"https:\/\/www.europesays.com\/fr\/wp-content\/uploads\/2025\/08\/DSC01075.jpg\" width=\"1680\" height=\"1120\"\/><\/p>\n","protected":false},"excerpt":{"rendered":"\u00ab\u00a0C\u2019est un r\u00e9el bonheur de revenir sur les pelouses de Ligue 1, dans un bon petit stade avec&hellip;\n","protected":false},"author":2,"featured_media":330754,"comment_status":"","ping_status":"","sticky":false,"template":"","format":"standard","meta":{"footnotes":""},"categories":[2815],"tags":[1111,11,1777,674,1011,27,811,1307,12,25],"class_list":{"0":"post-330753","1":"post","2":"type-post","3":"status-publish","4":"format-standard","5":"has-post-thumbnail","7":"category-lille","8":"tag-actu","9":"tag-actualites","10":"tag-eu","11":"tag-europe","12":"tag-fr","13":"tag-france","14":"tag-hauts-de-france","15":"tag-lille","16":"tag-news","17":"tag-republique-francaise"},"share_on_mastodon":{"url":"https:\/\/pubeurope.com\/@fr\/115059107017293991","error":""},"_links":{"self":[{"href":"https:\/\/www.europesays.com\/fr\/wp-json\/wp\/v2\/posts\/330753","targetHints":{"allow":["GET"]}}],"collection":[{"href":"https:\/\/www.europesays.com\/fr\/wp-json\/wp\/v2\/posts"}],"about":[{"href":"https:\/\/www.europesays.com\/fr\/wp-json\/wp\/v2\/types\/post"}],"author":[{"embeddable":true,"href":"https:\/\/www.europesays.com\/fr\/wp-json\/wp\/v2\/users\/2"}],"replies":[{"embeddable":true,"href":"https:\/\/www.europesays.com\/fr\/wp-json\/wp\/v2\/comments?post=330753"}],"version-history":[{"count":0,"href":"https:\/\/www.europesays.com\/fr\/wp-json\/wp\/v2\/posts\/330753\/revisions"}],"wp:featuredmedia":[{"embeddable":true,"href":"https:\/\/www.europesays.com\/fr\/wp-json\/wp\/v2\/media\/330754"}],"wp:attachment":[{"href":"https:\/\/www.europesays.com\/fr\/wp-json\/wp\/v2\/media?parent=330753"}],"wp:term":[{"taxonomy":"category","embeddable":true,"href":"https:\/\/www.europesays.com\/fr\/wp-json\/wp\/v2\/categories?post=330753"},{"taxonomy":"post_tag","embeddable":true,"href":"https:\/\/www.europesays.com\/fr\/wp-json\/wp\/v2\/tags?post=330753"}],"curies":[{"name":"wp","href":"https:\/\/api.w.org\/{rel}","templated":true}]}}