{"id":330757,"date":"2025-08-20T04:04:26","date_gmt":"2025-08-20T04:04:26","guid":{"rendered":"https:\/\/www.europesays.com\/fr\/330757\/"},"modified":"2025-08-20T04:04:26","modified_gmt":"2025-08-20T04:04:26","slug":"une-main-courante-deposee-contre-le-depute-sebastien-delogu-sur-fond-de-campagne-electorale-a-marseille","status":"publish","type":"post","link":"https:\/\/www.europesays.com\/fr\/330757\/","title":{"rendered":"Une main courante d\u00e9pos\u00e9e contre le d\u00e9put\u00e9 S\u00e9bastien Delogu sur fond de campagne \u00e9lectorale \u00e0 Marseille"},"content":{"rendered":"<p>Sa\u00efd Ouichou, m\u00e9decin m\u00e9diatique des quartiers nord de Marseille, a d\u00e9pos\u00e9 lundi une main courante contre son patient, le d\u00e9put\u00e9 LFI S\u00e9bastien Delogu. Avec comme trame de fond\u00a0: la course aux municipales dans la cit\u00e9 phoc\u00e9enne, dans laquelle Sa\u00efd Ouichou \u00ab\u00a0compte bien peser\u00a0\u00bb.\n<\/p>\n<p>\u00ab\u00a0Reste \u00e0 ta place, c&rsquo;est la derni\u00e8re fois que je te le dis\u00a0\u00bb : ces derniers mots d&rsquo;un SMS plus long <strong>n&rsquo;ont pas du tout \u00e9t\u00e9 appr\u00e9ci\u00e9s par\u00a0Sa\u00efd Ouichou, m\u00e9decin<\/strong> dans le 15e arrondissement de Marseille. L&rsquo;int\u00e9ress\u00e9 ne cache pas ses ambitions politiques\u00a0: depuis deux semaines, il le confirme, <strong>des affiches sont coll\u00e9es<\/strong> dans les 15 et 16e arrondissements en Marseille en vue des \u00e9lections municipales, dans les quartiers nord. Ces affiches, selon le m\u00e9decin, sont \u00ab\u00a0rapidement et syst\u00e9matiquement recouvertes par les affiches de LFI et de S\u00e9bastien Delogu\u00a0\u00bb.<\/p>\n<p>Des propos per\u00e7us comme \u00ab\u00a0violents et mena\u00e7ants\u00a0\u00bb par le m\u00e9decin<\/p>\n<p>M\u00e9content, le m\u00e9decin \u00e9crit un message \u00e0 S\u00e9bastien Delogu vendredi dernier, qu&rsquo;il suit aussi comme patient, ainsi que certains membres de sa famille. \u00ab\u00a0Je\u00a0lui ai fait un SMS pour lui rappeler les r\u00e8gles de courtoisie, de respect, de d\u00e9mocratie, l&rsquo;espace public est pour tout le monde\u00a0\u00bb.\u00a0R\u00e9ponse du d\u00e9put\u00e9 LFI, aussi, par message. S\u00e9bastien Delogu lui demande de garder une relation m\u00e9decin patient, en un mot\u00a0: d&rsquo;arr\u00eater le m\u00e9lange des genres. Il\u00a0conseille \u00e0 son m\u00e9decin de famille, Sa\u00efd Ouichou, de ne plus jamais \u00ab\u00a0<strong>parler de politique avec lui.<\/strong> Reste \u00e0 ta place, c&rsquo;est la derni\u00e8re fois que je te le dis\u00a0\u00bb.<\/p>\n<p>Les derniers mots ont \u00e9t\u00e9 per\u00e7us comme \u00ab\u00a0<strong>violents et mena\u00e7ants<\/strong>\u00a0\u00bb par le m\u00e9decin, qui a d\u00e9pos\u00e9 une main courante au commissariat du 12\u00e8me arrondissement de Marseille, par \u00ab\u00a0<strong>pr\u00e9caution<\/strong>\u00ab\u00a0, car \u00ab\u00a0Monsieur Delogu a \u00e9t\u00e9\u00a0<a class=\"IciLink ici-link IciArticleLink g-ici-body-regular-1 underline brand svelte-lu7k6w\" href=\"https:\/\/www.francebleu.fr\/infos\/faits-divers-justice\/le-depute-lfi-de-marseille-sebastien-delogu-a-5-000-euros-d-amende-pour-violences-aggravees-9353642\" rel=\"nofollow noopener\" target=\"_blank\">condamn\u00e9 pour des ant\u00e9c\u00e9dents de violence<\/a>\u00ab\u00a0.\u00a0 Il pr\u00e9cise que c&rsquo;est la premi\u00e8re fois qu&rsquo;il y a une tension entre eux, m\u00eame s&rsquo;il y a eu des diff\u00e9rents partag\u00e9s entre les deux hommes en juin dernier, lors du vote de la proposition de loi qui vise \u00e0 renforcer <a class=\"IciLink ici-link IciArticleLink g-ici-body-regular-1 underline brand svelte-lu7k6w\" href=\"https:\/\/www.francebleu.fr\/infos\/faits-divers-justice\/nous-sommes-en-danger-un-medecin-de-marseille-appelle-a-fermer-les-cabinets-medicaux-le-12-mars-9155868\" rel=\"nofollow noopener\" target=\"_blank\">la s\u00e9curit\u00e9 des professionnels de sant\u00e9<\/a>, un vote boud\u00e9 par le groupe LFI qui n&rsquo;a pas \u00e9t\u00e9 du go\u00fbt du m\u00e9decin.<\/p>\n<p>Sa\u00efd Ouichou souhaite \u00ab\u00a0peser dans la campagne\u00a0\u00bb pendant les municipales<\/p>\n<p>Une candidature aux municipales\u00a0? Le m\u00e9decin reste flou, tout en esquissant quelques pistes\u00a0: \u00ab\u00a0J&rsquo;ai envie de d\u00e9fendre la population du 15\u1d49 et 16\u1d49 arrondissement, <strong>de probablement de pr\u00e9senter une alternative \u00e0 la population<\/strong>. Je connais leurs probl\u00e8mes, je les vis quasiment tous les jours, je connais les attentes des gens\u00a0\u00bb. Il donne rendez-vous en septembre prochain, et affirme qu&rsquo;il est pour l&rsquo;heure aux c\u00f4t\u00e9s de Fr\u00e9d\u00e9ric Collart, figure du mouvement \u00ab\u00a0Marseille \u00e0 c\u0153ur\u00a0\u00bb.<\/p>\n<p>L&rsquo;entourage de S\u00e9bastien Delogu \u00ab\u00a0surpris\u00a0\u00bb et \u00ab\u00a0\u00e9c\u0153ur\u00e9\u00a0\u00bb par la m\u00e9thode<\/p>\n<p>Sollicit\u00e9, l&rsquo;entourage de S\u00e9bastien Delogu trouve la m\u00e9thode \u00ab\u00a0\u00e9c\u0153urante\u00a0\u00bb, et regrette qu&rsquo;il n&rsquo;y ait pas de vrai d\u00e9bat politique entre les deux hommes, plut\u00f4t que \u00ab\u00a0des boules puantes\u00a0\u00bb.\u00a0Ses proches restent convaincus que <strong>Sa\u00efd Ouichou<\/strong>\u00a0ne parle pas en tant que m\u00e9decin, mais en tant que potentiel candidat aux municipales. S\u00e9bastien Delogu est \u00ab\u00a0\u00e9c\u0153ur\u00e9 par la m\u00e9thode, c&rsquo;est \u00e0 dire divulguer un SMS priv\u00e9 o\u00f9 il y a <strong>aucune insulte, aucune menace<\/strong>\u00a0\u00bb relate son entourage, qui pr\u00e9cise que le contenu du SMS \u00e9tait plus long que ce que\u00a0Sa\u00efd Ouichou a partag\u00e9.<\/p>\n","protected":false},"excerpt":{"rendered":"Sa\u00efd Ouichou, m\u00e9decin m\u00e9diatique des quartiers nord de Marseille, a d\u00e9pos\u00e9 lundi une main courante contre son patient,&hellip;\n","protected":false},"author":2,"featured_media":330758,"comment_status":"","ping_status":"","sticky":false,"template":"","format":"standard","meta":{"footnotes":""},"categories":[2814],"tags":[1111,11,1777,674,1011,27,884,12,882,25],"class_list":{"0":"post-330757","1":"post","2":"type-post","3":"status-publish","4":"format-standard","5":"has-post-thumbnail","7":"category-marseille","8":"tag-actu","9":"tag-actualites","10":"tag-eu","11":"tag-europe","12":"tag-fr","13":"tag-france","14":"tag-marseille","15":"tag-news","16":"tag-provence-alpes-cote-dazur","17":"tag-republique-francaise"},"share_on_mastodon":{"url":"https:\/\/pubeurope.com\/@fr\/115059114859831589","error":""},"_links":{"self":[{"href":"https:\/\/www.europesays.com\/fr\/wp-json\/wp\/v2\/posts\/330757","targetHints":{"allow":["GET"]}}],"collection":[{"href":"https:\/\/www.europesays.com\/fr\/wp-json\/wp\/v2\/posts"}],"about":[{"href":"https:\/\/www.europesays.com\/fr\/wp-json\/wp\/v2\/types\/post"}],"author":[{"embeddable":true,"href":"https:\/\/www.europesays.com\/fr\/wp-json\/wp\/v2\/users\/2"}],"replies":[{"embeddable":true,"href":"https:\/\/www.europesays.com\/fr\/wp-json\/wp\/v2\/comments?post=330757"}],"version-history":[{"count":0,"href":"https:\/\/www.europesays.com\/fr\/wp-json\/wp\/v2\/posts\/330757\/revisions"}],"wp:featuredmedia":[{"embeddable":true,"href":"https:\/\/www.europesays.com\/fr\/wp-json\/wp\/v2\/media\/330758"}],"wp:attachment":[{"href":"https:\/\/www.europesays.com\/fr\/wp-json\/wp\/v2\/media?parent=330757"}],"wp:term":[{"taxonomy":"category","embeddable":true,"href":"https:\/\/www.europesays.com\/fr\/wp-json\/wp\/v2\/categories?post=330757"},{"taxonomy":"post_tag","embeddable":true,"href":"https:\/\/www.europesays.com\/fr\/wp-json\/wp\/v2\/tags?post=330757"}],"curies":[{"name":"wp","href":"https:\/\/api.w.org\/{rel}","templated":true}]}}