{"id":330761,"date":"2025-08-20T04:06:17","date_gmt":"2025-08-20T04:06:17","guid":{"rendered":"https:\/\/www.europesays.com\/fr\/330761\/"},"modified":"2025-08-20T04:06:17","modified_gmt":"2025-08-20T04:06:17","slug":"des-travaux-sont-programmes-mais-ce-sera-pour-le-prochain-mandat","status":"publish","type":"post","link":"https:\/\/www.europesays.com\/fr\/330761\/","title":{"rendered":"des travaux sont programm\u00e9s mais ce sera pour le prochain mandat"},"content":{"rendered":"<p>Il n\u2019est pas \u00e0 bout de souffle, mais pr\u00e9sente quelques signes de faiblesse. Les deux sculptures plac\u00e9es \u00e0 l\u2019entr\u00e9e de l\u2019ouvrage ont \u00e9t\u00e9 mises sous un filet. Et puis il y a l\u2019usure dans les parties que l\u2019on ne voit pas. Alors, il faudra r\u00e9parer, d\u00e9caper, renforcer, reprendre, et engager ainsi, une grosse r\u00e9novation du pont de l\u2019Universit\u00e9, \u00e9difi\u00e9 entre les deux rives du Rh\u00f4ne.<\/p>\n<p>L\u2019op\u00e9ration \u00e9tait initialement envisag\u00e9e en 2026. Elle ne le sera sans doute pas. L\u2019\u00e9ch\u00e9ance des prochaines municipales au printemps 2026 y serait-elle pour quelque chose\u00a0? Peut-\u00eatre. Toujours est-il qu\u2019avant de lancer un tel chantier, il convenait de r\u00e9aliser deux diagnostics sur plusieurs \u00e9l\u00e9ments de l\u2019ouvrage, au cours de l\u2019ann\u00e9e 2024. Puis de les analyser. La liste des travaux \u00e0 entreprendre s\u2019annonce longue. Les services de la M\u00e9tropole de Lyon d\u00e9taillent les premi\u00e8res conclusions.<\/p>\n<p>Des zones corrod\u00e9es par&#8230;                        <\/p>\n","protected":false},"excerpt":{"rendered":"Il n\u2019est pas \u00e0 bout de souffle, mais pr\u00e9sente quelques signes de faiblesse. Les deux sculptures plac\u00e9es \u00e0&hellip;\n","protected":false},"author":2,"featured_media":330762,"comment_status":"","ping_status":"","sticky":false,"template":"","format":"standard","meta":{"footnotes":""},"categories":[1889],"tags":[1111,11,2430,4749,3542,33,2757,1777,674,1011,27,2428,2756,12,25,2429,2803],"class_list":{"0":"post-330761","1":"post","2":"type-post","3":"status-publish","4":"format-standard","5":"has-post-thumbnail","7":"category-lyon","8":"tag-actu","9":"tag-actualites","10":"tag-auvergne-rhone-alpes","11":"tag-btp-et-chantiers","12":"tag-circulation","13":"tag-economie","14":"tag-edition-lyon-villeurbanne","15":"tag-eu","16":"tag-europe","17":"tag-fr","18":"tag-france","19":"tag-lyon","20":"tag-lyon-bassin","21":"tag-news","22":"tag-republique-francaise","23":"tag-rhone","24":"tag-transport"},"share_on_mastodon":{"url":"https:\/\/pubeurope.com\/@fr\/115059122703849572","error":""},"_links":{"self":[{"href":"https:\/\/www.europesays.com\/fr\/wp-json\/wp\/v2\/posts\/330761","targetHints":{"allow":["GET"]}}],"collection":[{"href":"https:\/\/www.europesays.com\/fr\/wp-json\/wp\/v2\/posts"}],"about":[{"href":"https:\/\/www.europesays.com\/fr\/wp-json\/wp\/v2\/types\/post"}],"author":[{"embeddable":true,"href":"https:\/\/www.europesays.com\/fr\/wp-json\/wp\/v2\/users\/2"}],"replies":[{"embeddable":true,"href":"https:\/\/www.europesays.com\/fr\/wp-json\/wp\/v2\/comments?post=330761"}],"version-history":[{"count":0,"href":"https:\/\/www.europesays.com\/fr\/wp-json\/wp\/v2\/posts\/330761\/revisions"}],"wp:featuredmedia":[{"embeddable":true,"href":"https:\/\/www.europesays.com\/fr\/wp-json\/wp\/v2\/media\/330762"}],"wp:attachment":[{"href":"https:\/\/www.europesays.com\/fr\/wp-json\/wp\/v2\/media?parent=330761"}],"wp:term":[{"taxonomy":"category","embeddable":true,"href":"https:\/\/www.europesays.com\/fr\/wp-json\/wp\/v2\/categories?post=330761"},{"taxonomy":"post_tag","embeddable":true,"href":"https:\/\/www.europesays.com\/fr\/wp-json\/wp\/v2\/tags?post=330761"}],"curies":[{"name":"wp","href":"https:\/\/api.w.org\/{rel}","templated":true}]}}