{"id":330763,"date":"2025-08-20T04:09:22","date_gmt":"2025-08-20T04:09:22","guid":{"rendered":"https:\/\/www.europesays.com\/fr\/330763\/"},"modified":"2025-08-20T04:09:22","modified_gmt":"2025-08-20T04:09:22","slug":"entre-compliments-et-demonstration-de-force-comment-volodymyr-zelensky-et-les-dirigeants-europeens-tentent-dadapter-leur-diplomatie-au-style-de-donald-trump","status":"publish","type":"post","link":"https:\/\/www.europesays.com\/fr\/330763\/","title":{"rendered":"Entre compliments et d\u00e9monstration de force, comment Volodymyr Zelensky et les dirigeants europ\u00e9ens tentent d&rsquo;adapter leur diplomatie au style de Donald Trump"},"content":{"rendered":"\n<p>            lire plus tard<\/p>\n<p id=\"dialog__title\" class=\"dialog__title\">Pour sauvegarder cet article, connectez-vous ou cr\u00e9ez un compte franceinfo<\/p>\n<p class=\"dialog__description\">Sans paiement. Sans abonnement.<\/p>\n<p>        Fermer la fen\u00eatre d\u2019activation des notifications France Info<\/p>\n<p>            cr\u00e9er votre compte<\/p>\n<p>            se connecter<\/p>\n<p>        Fermer la fen\u00eatre de pr\u00e9sentation<\/p>\n<p>    <img decoding=\"async\" class=\"signature__image\" width=\"44\" height=\"44\"  alt=\"\" src=\"https:\/\/www.franceinfo.fr\/assets\/common\/images\/galaxie-icons\/avatar-e7320e16.svg\" fetchpriority=\"high\"\/><\/p>\n<p>    Publi\u00e9 le 19\/08\/2025 18:02<\/p>\n<p>      Mis \u00e0 jour le 19\/08\/2025 18:09<\/p>\n<p>        Temps de lecture : 7min<\/p>\n<p>    <img decoding=\"async\"  alt=\"Le pr\u00e9sident ukrainien Volodymyr Zelensky, le pr\u00e9sident am\u00e9ricain Donald Trump et le pr\u00e9sident fran\u00e7ais Emmanuel Macron dans le Cross Hall de la Maison Blanche \u00e0 Washington, le 18 ao\u00fbt 2025. (ANDREW CABALLERO-REYNOLDS \/ AFP)\" width=\"100\" height=\"100\" src=\"https:\/\/www.europesays.com\/fr\/wp-content\/uploads\/2025\/08\/000-69va8dp-68a47e6c11926829220550.jpg\" fetchpriority=\"high\"\/><\/p>\n<p>      Le pr\u00e9sident ukrainien Volodymyr Zelensky, le pr\u00e9sident am\u00e9ricain Donald Trump et le pr\u00e9sident fran\u00e7ais Emmanuel Macron dans le Cross Hall de la Maison Blanche \u00e0 Washington, le 18 ao\u00fbt 2025. (ANDREW CABALLERO-REYNOLDS \/ AFP)<\/p>\n<p>\n  Sept dirigeants et responsables europ\u00e9ens se sont rendus \u00e0 Washington pour d\u00e9fendre l&rsquo;Ukraine, parmi lesquels Emmanuel Macron, le chancelier allemand Friedrich Merz, ou encore la pr\u00e9sidente de la Commission europ\u00e9enne Ursula von der Leyen.\n<\/p>\n<p>Une rencontre apais\u00e9e et des sourires.\u00a0Les <a href=\"https:\/\/www.franceinfo.fr\/monde\/europe\/manifestations-en-ukraine\/rencontre-trump-zelensky-echange-apaise-securite-de-l-ukraine-reunion-trilaterale-ce-qu-il-faut-retenir-de-la-conference-de-presse-entre-les-deux-dirigeants_7441930.html\" rel=\"nofollow noopener\" target=\"_blank\">images de la conf\u00e9rence de presse de Donald Trump et Volodymyr Zelensky<\/a>, lundi 18 ao\u00fbt \u00e0 Washington, ont tranch\u00e9 avec la derni\u00e8re visite du dirigeant ukrainien \u00e0 la Maison Blanche. Ce dernier avait \u00e9t\u00e9 <a href=\"https:\/\/www.franceinfo.fr\/monde\/europe\/manifestations-en-ukraine\/guerre-en-ukraine-retour-en-cinq-dates-sur-les-multiples-revirements-de-donald-trump-face-a-volodymyr-zelensky-et-vladimir-poutine_7441240.html\" rel=\"nofollow noopener\" target=\"_blank\">humili\u00e9 six\u00a0mois plus t\u00f4t par le chef d&rsquo;Etat am\u00e9ricain<\/a>\u00a0et son vice-pr\u00e9sident, J.D. Vance, au motif qu&rsquo;il n&rsquo;avait pas\u00a0\u00ab\u00a0dit une seule fois merci\u00a0\u00bb\u00a0pour l&rsquo;aide apport\u00e9e par les Etats-Unis \u00e0 l&rsquo;Ukraine dans sa guerre contre la Russie.<\/p>\n<p>Cette fois, Volodymyr Zelensky n&rsquo;a rien laiss\u00e9 au hasard. Le pr\u00e9sident ukrainien a salu\u00e9 d&#8217;embl\u00e9e son homologue Donald Trump, le remerciant avec insistance pour \u00ab\u00a0l&rsquo;invitation\u00a0\u00bb et \u00ab\u00a0ses efforts personnels pour mettre fin \u00e0 la tuerie et arr\u00eater cette guerre\u00a0\u00bb. Il a \u00e9galement pris soin de porter une veste et une chemise sombre, \u00e0 la place de son habituelle tenue militaire, \u00e9trill\u00e9e lors de la derni\u00e8re rencontre, ce qu&rsquo;il lui a valu un compliment du pr\u00e9sident Donald Trump. \u00ab\u00a0J&rsquo;adore\u00a0!\u00a0\u00bb, s&rsquo;est exclam\u00e9 de dernier \u00e0 l&rsquo;arriv\u00e9e son homologue ukrainien, en pointant ses v\u00eatements.<\/p>\n<p>Ces d\u00e9tails pourraient tenir de l&rsquo;anecdote, s&rsquo;ils n&rsquo;illustraient pas comment le pr\u00e9sident am\u00e9ricain a impos\u00e9 aux autres dirigeants son style d&rsquo;\u00e9changes diplomatiques. \u00ab\u00a0Cela montre que Volodymyr Zelensky a bien compris le dirigeant am\u00e9ricain\u00a0\u00bb, explique \u00e0 franceinfo Tara Varma, chercheuse en politique \u00e9trang\u00e8re de la France et de l&rsquo;Europe \u00e0 la Brookings Institution de Washington. Car durant toute la dur\u00e9e du sommet dans la capitale am\u00e9ricaine, <a href=\"https:\/\/www.franceinfo.fr\/monde\/europe\/manifestations-en-ukraine\/ce-qu-il-faut-retenir-du-sommet-entre-donald-trump-volodymyr-zelensky-et-les-europeens-a-la-maison-blanche_7442908.html\" rel=\"nofollow noopener\" target=\"_blank\">centr\u00e9 sur les conditions d&rsquo;un accord de paix avec la Russie,<\/a> le pr\u00e9sident ukrainien et les Europ\u00e9ens ont d\u00fb s&rsquo;adapter \u00e0 la mani\u00e8re de fonctionner de Donald Trump.<\/p>\n<p>Sept dirigeants et responsables europ\u00e9ens se sont rendus \u00e0 Washington pour d\u00e9fendre l&rsquo;Ukraine, parmi lesquels <a href=\"https:\/\/www.franceinfo.fr\/replay-radio\/l-edito-politique\/edito-guerre-en-ukraine-quel-role-pour-emmanuel-macron-lors-de-la-reunion-a-washington_7404076.html\" rel=\"nofollow noopener\" target=\"_blank\">Emmanuel Macron<\/a>, le chancelier allemand Friedrich Merz, ou encore la pr\u00e9sidente de la Commission europ\u00e9enne Ursula von der Leyen. Face aux cam\u00e9ras du monde entier, les \u00e9changes de compliments et d&rsquo;amabilit\u00e9s ont \u00e9t\u00e9 nombreux entre Donald Trump et les dirigeants europ\u00e9ens, le premier vantant notamment les qualit\u00e9s de dirigeants des uns et des autres. La patronne de la Commission europ\u00e9enne n&rsquo;a de son c\u00f4t\u00e9 pas manqu\u00e9 de rappeler <a href=\"https:\/\/www.franceinfo.fr\/monde\/usa\/droits-de-douane\/droits-de-douane-les-etats-unis-et-l-union-europeenne-ont-conclu-un-accord-commercial-annoncent-donald-trump-et-ursula-von-der-leyen_7402498.html\" rel=\"nofollow noopener\" target=\"_blank\">l&rsquo;important accord commercial conclu fin juillet<\/a> entre les Etats-Unis et l&rsquo;Union europ\u00e9enne.<\/p>\n<p>Mais l&rsquo;objectif pour les Europ\u00e9ens \u00e9tait surtout de faire front et de peser face \u00e0 la politique du pr\u00e9sident am\u00e9ricain. \u00ab\u00a0Que la pr\u00e9sidente de la Commission europ\u00e9enne vienne en groupe, avec un certain nombre de d\u00e9cideurs, est une d\u00e9monstration de force. C&rsquo;est quelque chose qui parle \u00e0 un homme qui divise le monde entre les winners et les losers\u00a0\u00bb, les \u00ab\u00a0gagnants\u00a0\u00bb et les \u00ab\u00a0perdants\u00a0\u00bb, explique Tara Varma. \u00ab\u00a0Cela leur donne du poids\u00a0\u00bb, continue-t-elle.<\/p>\n<p>Cette pr\u00e9sence en nombre est aussi une mani\u00e8re pour les dirigeants europ\u00e9ens de r\u00e9pondre aux propos du pr\u00e9sident am\u00e9ricain, qui leur a plusieurs fois reproch\u00e9 un manque de participation au financement de l&rsquo;Otan. \u00ab\u00a0Les Etats-Unis voient que les Europ\u00e9ens et d&rsquo;autres alli\u00e9s sont pr\u00eats \u00e0 prendre leurs responsabilit\u00e9s et apporter des garanties de s\u00e9curit\u00e9\u00a0\u00bb, a justifi\u00e9 Emmanuel Macron dans une interview sur <a href=\"https:\/\/www.tf1info.fr\/international\/guerre-ukraine-russie-sommet-washington-kiev-retrouvez-l-interview-exclusive-d-emmanuel-macron-a-tf1-lci-2389465.html\" target=\"_blank\" rel=\"noopener nofollow\">LCI<\/a>\u00a0\u00e0 l&rsquo;issue de la rencontre. Avec cette pr\u00e9sence au sommet, les Europ\u00e9ens ont souhait\u00e9 \u00ab\u00a0rappeler qu&rsquo;il n&rsquo;est pas souhaitable que les questions de s\u00e9curit\u00e9 en Europe soient n\u00e9goci\u00e9es sans leur participation\u00a0\u00bb, soulignait lundi sur <a href=\"https:\/\/www.franceinfo.fr\/monde\/europe\/manifestations-en-ukraine\/rencontre-trump-zelensky-a-washington-pourquoi-l-europe-s-est-invitee-a-la-table-des-negociations_7441591.html\" rel=\"nofollow noopener\" target=\"_blank\">franceinfo<\/a> David Teurtrie, sp\u00e9cialiste de la Russie.<\/p>\n<p>Mais, m\u00eame s&rsquo;ils ont tenu \u00e0 d\u00e9fendre leurs arguments, les dirigeants europ\u00e9ens n&rsquo;ont pas abord\u00e9 directement les questions les plus sensibles, telles que les concessions territoriales exig\u00e9es par Moscou \u00e0 Kiev et d\u00e9fendues par Donald Trump \u00e0 la suite de sa rencontre en Alaska avec Vladimir Poutine, vendredi. Celles-ci ont \u00e9t\u00e9 report\u00e9es \u00e0 des pourparlers ult\u00e9rieurs, lors d&rsquo;un possible futur \u00e9change entre Volodymyr Zelensky et le ma\u00eetre du Kremlin. Une mani\u00e8re d&rsquo;\u00e9viter les confrontations \u00e0 ce stade des n\u00e9gociations avec un alli\u00e9 impr\u00e9visible et versatile. \u00ab\u00a0C&rsquo;est Donald Trump qui a accept\u00e9 la pr\u00e9sence des Europ\u00e9ens dans ce sommet, et le continent reste encore tr\u00e8s d\u00e9pendant des Etats-Unis pour sa propre s\u00e9curit\u00e9. Les dirigeants savent que c&rsquo;est dans leur int\u00e9r\u00eat de garder un canal de communication avec lui, m\u00eame en cas de d\u00e9saccord\u00a0\u00bb, explique Tara Varma.<\/p>\n<p>Si les Europ\u00e9ens plaident pour qu&rsquo;un cessez-le-feu soit exig\u00e9 de Moscou, Donald Trump a \u00e9cart\u00e9 cette condition, choisissant la solution d\u00e9fendue par Vladimir Poutine d&rsquo;un \u00ab\u00a0accord de paix\u00a0\u00bb. Mais Kiev et ses alli\u00e9s d\u00e9noncent une strat\u00e9gie russe destin\u00e9e \u00e0 gagner du temps pour poursuivre l&rsquo;offensive et \u00e9tendre les conqu\u00eates territoriales.<\/p>\n<p>Cette question qui repr\u00e9sente une \u00ab\u00a0ligne de cr\u00eate\u00a0\u00bb, selon les mots Emmanuel Macron lors de son interview sur LCI. \u00ab\u00a0Le pr\u00e9sident [Donald] Trump veut la paix en Ukraine et c&rsquo;est une bonne chose pour nous, il est pr\u00eat \u00e0 mettre son \u00e9nergie et son engagement\u00a0\u00bb, a expliqu\u00e9 Emmanuel Macron. \u00ab\u00a0Mais cette paix ne peut pas \u00eatre une capitulation, (\u2026) et ne peut pas signifier de brader les int\u00e9r\u00eats Ukrainiens et Europ\u00e9ens\u00a0\u00bb, a-t-il nuanc\u00e9, mettant en garde sur \u00ab\u00a0une paix pr\u00e9cipit\u00e9e\u00a0\u00bb.<\/p>\n<p>\u00ab\u00a0Donald Trump est en position de force dans les n\u00e9gociations, car la Russie a plus peur des Am\u00e9ricains\u00a0\u00bb que des dirigeants europ\u00e9ens, explique Tara Varma. Mais ceux-ci ont tout int\u00e9r\u00eat \u00e0 rester unis\u00a0face \u00e0 \u00ab\u00a0un pr\u00e9sident am\u00e9ricain qui a r\u00e9habilit\u00e9 Vladimir Poutine et l\u00e9gitim\u00e9 certaines demandes russes\u00a0\u00bb, conclut-elle. C&rsquo;est de cette mani\u00e8re que les diff\u00e9rents dirigeants ont obtenu un engagement des garanties de s\u00e9curit\u00e9 sur l&rsquo;Ukraine du pr\u00e9sident am\u00e9ricain. Mais beaucoup de sujets restent encore \u00e0 n\u00e9gocier.<\/p>\n","protected":false},"excerpt":{"rendered":"lire plus tard Pour sauvegarder cet article, connectez-vous ou cr\u00e9ez un compte franceinfo Sans paiement. Sans abonnement. Fermer&hellip;\n","protected":false},"author":2,"featured_media":330764,"comment_status":"","ping_status":"","sticky":false,"template":"","format":"standard","meta":{"footnotes":""},"categories":[1888],"tags":[1111,1928,11,1927,1777,674,1011,27,12,1926,626,1925,25],"class_list":{"0":"post-330763","1":"post","2":"type-post","3":"status-publish","4":"format-standard","5":"has-post-thumbnail","7":"category-paris","8":"tag-actu","9":"tag-actu-paris","10":"tag-actualites","11":"tag-actualites-paris","12":"tag-eu","13":"tag-europe","14":"tag-fr","15":"tag-france","16":"tag-news","17":"tag-news-paris","18":"tag-paris","19":"tag-paris-news","20":"tag-republique-francaise"},"share_on_mastodon":{"url":"https:\/\/pubeurope.com\/@fr\/115059134835506260","error":""},"_links":{"self":[{"href":"https:\/\/www.europesays.com\/fr\/wp-json\/wp\/v2\/posts\/330763","targetHints":{"allow":["GET"]}}],"collection":[{"href":"https:\/\/www.europesays.com\/fr\/wp-json\/wp\/v2\/posts"}],"about":[{"href":"https:\/\/www.europesays.com\/fr\/wp-json\/wp\/v2\/types\/post"}],"author":[{"embeddable":true,"href":"https:\/\/www.europesays.com\/fr\/wp-json\/wp\/v2\/users\/2"}],"replies":[{"embeddable":true,"href":"https:\/\/www.europesays.com\/fr\/wp-json\/wp\/v2\/comments?post=330763"}],"version-history":[{"count":0,"href":"https:\/\/www.europesays.com\/fr\/wp-json\/wp\/v2\/posts\/330763\/revisions"}],"wp:featuredmedia":[{"embeddable":true,"href":"https:\/\/www.europesays.com\/fr\/wp-json\/wp\/v2\/media\/330764"}],"wp:attachment":[{"href":"https:\/\/www.europesays.com\/fr\/wp-json\/wp\/v2\/media?parent=330763"}],"wp:term":[{"taxonomy":"category","embeddable":true,"href":"https:\/\/www.europesays.com\/fr\/wp-json\/wp\/v2\/categories?post=330763"},{"taxonomy":"post_tag","embeddable":true,"href":"https:\/\/www.europesays.com\/fr\/wp-json\/wp\/v2\/tags?post=330763"}],"curies":[{"name":"wp","href":"https:\/\/api.w.org\/{rel}","templated":true}]}}