{"id":330765,"date":"2025-08-20T04:10:15","date_gmt":"2025-08-20T04:10:15","guid":{"rendered":"https:\/\/www.europesays.com\/fr\/330765\/"},"modified":"2025-08-20T04:10:15","modified_gmt":"2025-08-20T04:10:15","slug":"kevin-trapp-au-paris-fc-cest-officiel-france-paris-fc","status":"publish","type":"post","link":"https:\/\/www.europesays.com\/fr\/330765\/","title":{"rendered":"Kevin Trapp au Paris FC, c&rsquo;est officiel &#8211; France &#8211; Paris FC"},"content":{"rendered":"<p>Le rappel de Paris.<\/p>\n<p>Le Paris FC a officialis\u00e9 ce mardi soir l\u2019arriv\u00e9e de Kevin Trapp, <a target=\"_blank\" href=\"https:\/\/www.sofoot.com\/breves\/mercato-kevin-trapp-bientot-de-retour-a-paris\" rel=\"nofollow noopener\">pressenti depuis quelques jours signer chez le promu<\/a>. Le gardien allemand de 35 ans s\u2019est engag\u00e9 jusqu\u2019en 2028 avec l\u2019autre club de la capitale, qu\u2019il avait quitt\u00e9e en m\u00eame temps que le PSG en 2018 apr\u00e8s y avoir pass\u00e9 trois ans et disput\u00e9 91 matchs.<\/p>\n<p>Trapp arrive tout droit de l\u2019Eintracht Francfort, o\u00f9 il \u00e9tait titulaire et m\u00eame capitaine la saison pass\u00e9e. \u00c0 Paris, il devrait \u00eatre mis en concurrence avec le jeune Obed Nkambadio, qui \u00e9tait dans les cages ce week-end lors de <a target=\"_blank\" href=\"https:\/\/www.sofoot.com\/breves\/ligue-1-strasbourg-et-auxerre-demarrent-bien-angers-mate-le-paris-fc\" rel=\"nofollow noopener\">la d\u00e9faite du PFC sur la pelouse d\u2019Angers (1-0)<\/a>.<\/p>\n<blockquote class=\"twitter-tweet\">\n<p lang=\"fr\" dir=\"ltr\">\ud835\udc7e\ud835\udc8a\ud835\udc8d\ud835\udc8d\ud835\udc8c\ud835\udc90\ud835\udc8e\ud835\udc8e\ud835\udc86\ud835\udc8f \ud835\udc72\ud835\udc86\ud835\udc97\ud835\udc8a\ud835\udc8f \ud83d\udc4b \ud83c\udde9\ud83c\uddea<br \/>\nLe gardien international allemand Kevin Trapp, ancien pensionnaire de Ligue 1 avec 91 matchs \u00e0 son actif, rejoint le Paris FC jusqu\u2019en 2028 \ud83e\udd29<br \/>\nBon retour dans la capitale \ud83d\udc4a<br \/>\n\ud83d\udd35\u26aa\ufe0f <a target=\"_blank\" href=\"https:\/\/twitter.com\/hashtag\/Certifi%C3%A9Paris?src=hash&amp;ref_src=twsrc%5Etfw\" rel=\"nofollow noopener\">#Certifi\u00e9Paris<\/a> <a target=\"_blank\" href=\"https:\/\/twitter.com\/hashtag\/ParisFC?src=hash&amp;ref_src=twsrc%5Etfw\" rel=\"nofollow noopener\">#ParisFC<\/a> <a target=\"_blank\" href=\"https:\/\/t.co\/5a7mx6PaSb\" rel=\"nofollow\">pic.twitter.com\/5a7mx6PaSb<\/a><\/p>\n<p>\u2014 Paris FC (@ParisFC) <a target=\"_blank\" href=\"https:\/\/twitter.com\/ParisFC\/status\/1957897606161481973?ref_src=twsrc%5Etfw\" rel=\"nofollow noopener\">August 19, 2025<\/a><\/p><\/blockquote>\n<p>Une recrue d\u2019exp\u00e9rience pour le club novice dans l\u2019\u00e9lite, Trapp comptant neuf s\u00e9lections avec l\u2019Allemagne et ayant remport\u00e9 la Ligue Europa avec l\u2019Eintracht en 2022. En bonus, il se murmurait qu\u2019il pourrait m\u00eame devenir \u00e9g\u00e9rie de LVMH et d\u2019une marque comme Louis Vuitton, d\u00e9tenue par la famille Arnault, propri\u00e9taire du Paris FC.<\/p>\n<p>Vivement la Fashion Week.<\/p>\n<p>\t\t\t\t\t\t\t\t\t\t<a class=\"lien-connexe\" href=\"https:\/\/www.sofoot.com\/breves\/les-supporters-du-paris-fc-autorises-a-se-deplacer-a-marseille\" rel=\"nofollow noopener\" target=\"_blank\">Des supporters du Paris FC seront pr\u00e9sents au V\u00e9lodrome<\/a>\t\t\t\t\t<script async src=\"https:\/\/platform.twitter.com\/widgets.js\" charset=\"utf-8\"><\/script><\/p>\n","protected":false},"excerpt":{"rendered":"Le rappel de Paris. Le Paris FC a officialis\u00e9 ce mardi soir l\u2019arriv\u00e9e de Kevin Trapp, pressenti depuis&hellip;\n","protected":false},"author":2,"featured_media":330766,"comment_status":"","ping_status":"","sticky":false,"template":"","format":"standard","meta":{"footnotes":""},"categories":[1888],"tags":[1111,1928,47,11,1927,61,69,65,64,1777,674,63,1011,27,68,66,12,62,1926,626,1925,70,25,67],"class_list":{"0":"post-330765","1":"post","2":"type-post","3":"status-publish","4":"format-standard","5":"has-post-thumbnail","7":"category-paris","8":"tag-actu","9":"tag-actu-paris","10":"tag-actualite","11":"tag-actualites","12":"tag-actualites-paris","13":"tag-actus-football","14":"tag-bundesliga","15":"tag-championnats-europeens","16":"tag-equipe-de-france","17":"tag-eu","18":"tag-europe","19":"tag-football","20":"tag-fr","21":"tag-france","22":"tag-ligua","23":"tag-ligue-1","24":"tag-news","25":"tag-news-foot","26":"tag-news-paris","27":"tag-paris","28":"tag-paris-news","29":"tag-premier-league","30":"tag-republique-francaise","31":"tag-serie-a"},"share_on_mastodon":{"url":"https:\/\/pubeurope.com\/@fr\/115059138503357006","error":""},"_links":{"self":[{"href":"https:\/\/www.europesays.com\/fr\/wp-json\/wp\/v2\/posts\/330765","targetHints":{"allow":["GET"]}}],"collection":[{"href":"https:\/\/www.europesays.com\/fr\/wp-json\/wp\/v2\/posts"}],"about":[{"href":"https:\/\/www.europesays.com\/fr\/wp-json\/wp\/v2\/types\/post"}],"author":[{"embeddable":true,"href":"https:\/\/www.europesays.com\/fr\/wp-json\/wp\/v2\/users\/2"}],"replies":[{"embeddable":true,"href":"https:\/\/www.europesays.com\/fr\/wp-json\/wp\/v2\/comments?post=330765"}],"version-history":[{"count":0,"href":"https:\/\/www.europesays.com\/fr\/wp-json\/wp\/v2\/posts\/330765\/revisions"}],"wp:featuredmedia":[{"embeddable":true,"href":"https:\/\/www.europesays.com\/fr\/wp-json\/wp\/v2\/media\/330766"}],"wp:attachment":[{"href":"https:\/\/www.europesays.com\/fr\/wp-json\/wp\/v2\/media?parent=330765"}],"wp:term":[{"taxonomy":"category","embeddable":true,"href":"https:\/\/www.europesays.com\/fr\/wp-json\/wp\/v2\/categories?post=330765"},{"taxonomy":"post_tag","embeddable":true,"href":"https:\/\/www.europesays.com\/fr\/wp-json\/wp\/v2\/tags?post=330765"}],"curies":[{"name":"wp","href":"https:\/\/api.w.org\/{rel}","templated":true}]}}