{"id":330771,"date":"2025-08-20T04:13:13","date_gmt":"2025-08-20T04:13:13","guid":{"rendered":"https:\/\/www.europesays.com\/fr\/330771\/"},"modified":"2025-08-20T04:13:13","modified_gmt":"2025-08-20T04:13:13","slug":"vers-une-rencontre-poutine-zelensky-ce-quen-pense-lopinion-publique-ukrainienne-et-russe","status":"publish","type":"post","link":"https:\/\/www.europesays.com\/fr\/330771\/","title":{"rendered":"Vers une\u00a0rencontre Poutine-Zelensky\u00a0? Ce qu\u2019en pense l\u2019opinion publique ukrainienne et russe"},"content":{"rendered":"<p>1 \u00c0 Moscou, des Russes optimistes<\/p>\n<p>Pour la plupart des Russes rencontr\u00e9s dans le centre de Moscou, il \u00e9tait temps que les <a href=\"https:\/\/www.letelegramme.fr\/monde\/guerre-ukraine-russie\/rencontre-poutine-zelensky-reunion-cordiale-garanties-de-securite-ce-quil-faut-retenir-de-la-reunion-a-la-maison-blanche-6873178.php\" target=\"_blank\" rel=\"nofollow noopener\">deux dirigeants n\u00e9gocient directement<\/a>. \u00ab Il est \u00e9vident qu\u2019ils auraient d\u00fb se rencontrer d\u00e8s le d\u00e9but, mais il y avait ceux qui voulaient que \u00e7a tra\u00eene \u00bb, estime Viatchelav, 23 ans, tout pr\u00e8s du Kremlin.<\/p>\n<p>Pour ce futur fonctionnaire, qui refuse de donner son nom comme la plupart des personnes ayant accept\u00e9 de r\u00e9pondre, une entrevue Poutine-Zelensky \u00ab n\u2019est devenue possible qu\u2019\u00e0 la suite de changements politiques ou \u00e9conomiques \u00bb en Europe, o\u00f9 la position des alli\u00e9s de Kiev a \u00e9t\u00e9 affaiblie par la volont\u00e9 de M. Trump de mettre fin au conflit au plus vite.<\/p>\n<p>Roman, habitant de Moscou originaire de la r\u00e9gion de Stavropol dans le sud de la Russie, pr\u00e9sage que \u00ab le conflit sera vite fini si une telle rencontre a lieu \u00bb. Il aurait voulu \u00ab que cet \u00e9v\u00e9nement se tienne bien avant \u00bb car \u00ab entre-temps tant de jeunes ont trouv\u00e9 la mort \u00bb. \u00ab Je veux que tout se termine par la paix, parce qu\u2019on fait partie du m\u00eame peuple slave \u00bb, ajoute ce musicien de 39 ans qui estime que le futur sommet doit se d\u00e9rouler \u00ab en Russie, pour des raisons de s\u00e9curit\u00e9 \u00bb.<\/p>\n<p>\u00ab N\u2019importe quel contact \u00bb entre pr\u00e9sidents russe et ukrainien sera d\u00e9j\u00e0 une chose positive, abonde Svetlana Chvedova, agente immobili\u00e8re de 60 ans rencontr\u00e9e devant le th\u00e9\u00e2tre du Bolcho\u00ef. Ilia Denissov, \u00e9tudiant de 19 ans, venu \u00e0 Moscou depuis Saint-P\u00e9tersbourg, peine \u00e0 croire que Vladimir Poutine et Volodymyr Zelensky puissent se rencontrer. \u00ab M\u00eame s\u2019ils se voient, cela n\u2019aboutira \u00e0 rien car ils ne se tol\u00e8rent pas l\u2019un l\u2019autre \u00bb, dit-il avec conviction.<\/p>\n<p><a href=\"https:\/\/www.letelegramme.fr\/monde\/guerre-ukraine-russie\/direct-sommet-trump-poutine-vers-un-cessez-le-feu-en-ukraine-suivez-ce-tete-a-tete-historique-en-alaska-6871569.php\" target=\"_blank\" rel=\"nofollow noopener\">Notre direct sur la guerre<\/a><\/p>\n<p>Ksenia, commerciale qui a la cinquantaine, souligne de son c\u00f4t\u00e9 que M. Poutine a r\u00e9p\u00e9t\u00e9 ne pas consid\u00e9rer M. Zelensky comme \u00ab l\u00e9gitime \u00bb, son mandat pr\u00e9sidentiel ayant expir\u00e9 en 2024 sans possibilit\u00e9 d\u2019organiser d\u2019\u00e9lections en raison des hostilit\u00e9s. Pour elle, tous les territoires conquis par la Russie devront lui revenir dans tout accord de paix. \u00ab Des gens sont morts pour ces terres, elles sont donc \u00e0 nous \u00bb, tranche-t-elle.<\/p>\n<p>2 Peu d\u2019espoir de paix pour les Ukrainiens<\/p>\n<p>Vitali\u00ef n\u2019est tendre ni avec Donald Trump &#8211; un \u00ab incomp\u00e9tent qui change d\u2019avis tous les jours \u00bb &#8211; ni avec Vladimir Poutine &#8211; \u00ab un criminel international \u00bb. \u00ab Il a viol\u00e9 tous les accords qu\u2019il avait sign\u00e9s, on ne peut donc pas lui faire confiance \u00bb, ajoute le militaire qui se bat dans l\u2019est du pays, faisant r\u00e9f\u00e9rence au m\u00e9morandum de Budapest.<\/p>\n<p>Debout dans les rues de Kramatorsk, non loin du front, Sergi\u00ef Davydenko, 51 ans assure lui aussi que la prudence est de mise quant \u00e0 la signature d\u2019un possible trait\u00e9 de paix avec la Russie. \u00ab Beaucoup d\u2019accords ont \u00e9t\u00e9 sign\u00e9s, aucun n\u2019a \u00e9t\u00e9 respect\u00e9 \u00bb, pr\u00e9vient ce civil originaire de Kostiantynivka, \u00e0 quelques kilom\u00e8tres de la ligne de front au-dessus de laquelle volent quotidiennement les drones russes.<\/p>\n<p>Dans les rues de Kiev, Anna, qui n\u2019a pas donn\u00e9 son nom de famille, voudrait elle aussi croire \u00e0 une possible avanc\u00e9e vers la paix apr\u00e8s ces discussions. Mais la Russie \u00ab nous a bombard\u00e9s avant, maintenant, et apr\u00e8s la rencontre \u00bb. Elle ne pense pas que Donald Trump puisse \u00eatre d\u2019une quelconque aide, car il \u00ab coop\u00e8re \u00e9galement avec la Russie \u00bb, estime cette femme de m\u00e9nage de 60 ans.<\/p>\n<p>Ostap Shavel, lutteur et acteur de 32 ans originaire de l\u2019ouest de l\u2019Ukraine, craint lui que la guerre puisse durer \u00ab des d\u00e9cennies \u00bb. \u00ab M\u00eame s\u2019il y a une sorte de gel du conflit, t\u00f4t ou tard, il reprendra \u00bb, conclut-il, sombre.<\/p>\n<p>Si Volodar Velykodniy, 21 ans, est lui aussi circonspect quant \u00e0 un \u00ab impact r\u00e9el \u00bb de ces discussions, il y voit quand m\u00eame du positif concernant les \u00ab relations publiques \u00bb. \u00ab Nous avons simplement rappel\u00e9 \u00e0 la soci\u00e9t\u00e9 occidentale l\u2019existence de notre pays, le fait que nous sommes en guerre, afin qu\u2019elle ne nous oublie pas. \u00bb<\/p>\n","protected":false},"excerpt":{"rendered":"1 \u00c0 Moscou, des Russes optimistes Pour la plupart des Russes rencontr\u00e9s dans le centre de Moscou, il&hellip;\n","protected":false},"author":2,"featured_media":330772,"comment_status":"","ping_status":"","sticky":false,"template":"","format":"standard","meta":{"footnotes":""},"categories":[1591],"tags":[11,1887,2069,74,12,1885,1886,132],"class_list":{"0":"post-330771","1":"post","2":"type-post","3":"status-publish","4":"format-standard","5":"has-post-thumbnail","7":"category-russie","8":"tag-actualites","9":"tag-federation-de-russie","10":"tag-guerre-ukraine-russie","11":"tag-monde","12":"tag-news","13":"tag-russia","14":"tag-russian-federation","15":"tag-russie"},"share_on_mastodon":{"url":"https:\/\/pubeurope.com\/@fr\/115059150313660499","error":""},"_links":{"self":[{"href":"https:\/\/www.europesays.com\/fr\/wp-json\/wp\/v2\/posts\/330771","targetHints":{"allow":["GET"]}}],"collection":[{"href":"https:\/\/www.europesays.com\/fr\/wp-json\/wp\/v2\/posts"}],"about":[{"href":"https:\/\/www.europesays.com\/fr\/wp-json\/wp\/v2\/types\/post"}],"author":[{"embeddable":true,"href":"https:\/\/www.europesays.com\/fr\/wp-json\/wp\/v2\/users\/2"}],"replies":[{"embeddable":true,"href":"https:\/\/www.europesays.com\/fr\/wp-json\/wp\/v2\/comments?post=330771"}],"version-history":[{"count":0,"href":"https:\/\/www.europesays.com\/fr\/wp-json\/wp\/v2\/posts\/330771\/revisions"}],"wp:featuredmedia":[{"embeddable":true,"href":"https:\/\/www.europesays.com\/fr\/wp-json\/wp\/v2\/media\/330772"}],"wp:attachment":[{"href":"https:\/\/www.europesays.com\/fr\/wp-json\/wp\/v2\/media?parent=330771"}],"wp:term":[{"taxonomy":"category","embeddable":true,"href":"https:\/\/www.europesays.com\/fr\/wp-json\/wp\/v2\/categories?post=330771"},{"taxonomy":"post_tag","embeddable":true,"href":"https:\/\/www.europesays.com\/fr\/wp-json\/wp\/v2\/tags?post=330771"}],"curies":[{"name":"wp","href":"https:\/\/api.w.org\/{rel}","templated":true}]}}