{"id":330773,"date":"2025-08-20T04:14:11","date_gmt":"2025-08-20T04:14:11","guid":{"rendered":"https:\/\/www.europesays.com\/fr\/330773\/"},"modified":"2025-08-20T04:14:11","modified_gmt":"2025-08-20T04:14:11","slug":"guerre-en-ukraine-trump-veut-negocier-leurope-prepare-des-sanctions-quels-scenarios-apres-le-sommet-de-washington","status":"publish","type":"post","link":"https:\/\/www.europesays.com\/fr\/330773\/","title":{"rendered":"Guerre en Ukraine\u00a0: Trump veut n\u00e9gocier, l\u2019Europe pr\u00e9pare des sanctions\u2026 quels sc\u00e9narios apr\u00e8s le sommet de Washington\u00a0?"},"content":{"rendered":"<p>\n                                                                Au lendemain de l\u2019imposante (par le nombre des participants) rencontre organis\u00e9e par Donald Trump dans la capitale f\u00e9d\u00e9rale, les tractations se poursuivent. Pour quelles avanc\u00e9es\u00a0?\n                            <\/p>\n<p>Jamais un sommet sur la paix en Ukraine n\u2019avait d\u00e9bouch\u00e9 sur de si nombreuses perspectives de sc\u00e9narios d\u2019avenir. Des sc\u00e9narios, qui plus est, aussi oppos\u00e9s les uns aux autres. Ils varient de l\u2019optimisme au pessimisme le plus s\u00e9v\u00e8re, en passant par l\u2019urgente prudence. \u00c9tat des lieux.<\/p>\n<p>La paix est-elle \u00e0 port\u00e9e de main\u00a0?<\/p>\n<p>C\u2019est sans doute la question la plus difficile \u00e0 laquelle il faudra r\u00e9pondre. M\u00eame si Donald Trump, le pr\u00e9sident des \u00c9tats-Unis, et Friedrich Merz, le chancelier allemand, estime qu\u2019on y verra plus clair dans les \u00ab\u00a0deux semaines\u00a0\u00bb\u00a0\u00e0 venir, rien n\u2019est moins s\u00fbr. Certes, le pr\u00e9sident am\u00e9ricain, en est d\u00e9j\u00e0 \u00e0\u00a0\u00ab\u00a0commencer les pr\u00e9paratifs\u00a0\u00bb\u00a0d\u2019une rencontre directe entre Volodymyr Zelenski, le pr\u00e9sident ukrainien, Vladimir Poutine, le pr\u00e9sident russe.<\/p>\n<p>Signe qu\u2019une \u00e9tape a \u00e9t\u00e9 franchie apr\u00e8s le sommet de lundi 18\u00a0ao\u00fbt \u00e0 Washington. Signe aussi d\u2019un certain optimisme puisqu\u2019une telle rencontre \u00e9tait impensable il y a peu. La prudence est d\u2019autant plus de mise qu\u2019Emmanuel Macron ne semble pas faire vraiment confiance \u00e0 Vladimir Poutine.<\/p>\n<p>Pour le pr\u00e9sident fran\u00e7ais, ce dernier est \u00ab\u00a0un pr\u00e9dateur, un ogre \u00e0 nos portes\u00a0\u00bb\u00a0qui \u00ab\u00a0a besoin de continuer de manger\u00a0\u00bb\u00a0pour \u00ab\u00a0sa propre survie\u00a0\u00bb. Il appelle les Europ\u00e9ens \u00e0 \u00ab\u00a0ne pas \u00eatre na\u00effs\u00a0\u00bb\u00a0face \u00e0 la Russie qui sera \u00ab\u00a0durablement une puissance de d\u00e9stabilisation\u00a0\u00bb.<\/p>\n<p>2. Quelle pourrait \u00eatre la prochaine \u00e9tape\u00a0?<\/p>\n<p>On l\u2019a vu, Donald Trump \u0153uvre \u00e0 rendre r\u00e9alit\u00e9 une rencontre entre Vladimir Poutine et Volodymyr Zelenski. Le pr\u00e9sident ukrainien n\u2019en d\u00e9mord pas\u00a0: pas de concessions territoriales. Il veut que son pays retrouve son int\u00e9grit\u00e9 territoriale et toute sa dimension g\u00e9ographique issue de la chute de l\u2019Union sovi\u00e9tique. De son c\u00f4t\u00e9, la Russie, demande des garanties.<\/p>\n<p>\u00ab\u00a0Sans respecter les int\u00e9r\u00eats de s\u00e9curit\u00e9 de la Russie, sans respecter pleinement les droits des Russes et des russophones qui vivent en Ukraine, il ne peut \u00eatre question d\u2019aucun accord \u00e0 long terme, car ces causes doivent \u00eatre \u00e9limin\u00e9es de toute urgence dans le cadre du r\u00e8glement\u00a0\u00bb, a d\u00e9clar\u00e9 Sergue\u00ef Lavrov, le chef de la diplomatie russe.<\/p>\n<p>En \u00e9cho, Donald Trump a estim\u00e9 mardi, sur Fox News, que \u00ab\u00a0l\u2019Ukraine n\u2019aurait pas d\u00fb demander \u00e0 rejoindre l\u2019Otan\u00a0\u00bb. Tout en estimant \u00e9galement \u00ab\u00a0possible que Poutine ne veuille pas conclure d\u2019accord\u00a0\u00bb\u00a0avec l\u2019Ukraine. \u00ab\u00a0Nous allons en savoir plus sur le pr\u00e9sident Poutine dans les deux prochaines semaines\u00a0\u00bb.<\/p>\n<p>3. Quelle place pour les Europ\u00e9ens\u00a0?<\/p>\n<p>Leur seule pr\u00e9sence, et en nombre, lundi \u00e0 la Maison Blanche, montre leur poids dans la r\u00e9solution du conflit ukrainien. Signe qu\u2019ils ne se laissent pas compter par la position de Vladimir Poutine, d\u00e8s mardi ils annoncent, par la voix du gouvernement britannique, que les dirigeants europ\u00e9ens envisagent malgr\u00e9 tout de nouvelles sanctions contre la Russie.<\/p>\n<p>De plus, la \u00ab\u00a0coalition des volontaires\u00a0\u00bb, qu\u2019ils repr\u00e9sentent, s\u2019est r\u00e9unie mardi. Ils ont convenu une rencontre prochaine avec leurs homologues am\u00e9ricains \u00ab\u00a0dans les prochains jours\u00a0\u00bb, pour discuter de la s\u00e9curit\u00e9 de l\u2019Ukraine. Il s\u2019agira de \u00ab\u00a0pr\u00e9parer le d\u00e9ploiement d\u2019une force de r\u00e9assurance si les hostilit\u00e9s prenaient fin\u00a0\u00bb, selon le bureau du Premier ministre britannique Keir Starmer.<\/p>\n<p>    Volodymyr Zelenski refuse une rencontre \u00e0 Moscou<\/p>\n<p>Lors de l\u2019appel t\u00e9l\u00e9phonique, lundi, avec Donald Trump, Vladimir Poutine aurait propos\u00e9 d\u2019organiser la r\u00e9union bilat\u00e9rale avec Volodymyr Zelenski \u00e0 Moscou. Refus du pr\u00e9sident ukrainien. Pour Emmanuel Macron, une telle rencontre doit de tenir \u00e0 Gen\u00e8ve, en Suisse. \u00ab\u00a0Ce sera un pays neutre, et donc peut-\u00eatre la Suisse, je plaide pour Gen\u00e8ve, ou un autre pays. La derni\u00e8re fois qu\u2019il y a eu des discussions bilat\u00e9rales, c\u2019\u00e9tait \u00e0 Istanbul\u00a0\u00bb, a-t-il plaid\u00e9. Mardi, les autorit\u00e9s helv\u00e9tiques ont annonc\u00e9 qu\u2019elles offriraient \u00ab\u00a0l\u2019immunit\u00e9\u00a0\u00bb\u00a0au pr\u00e9sident russe, vis\u00e9 par une inculpation devant la Cour p\u00e9nale internationale, \u00e0 une seule condition\u00a0: qu\u2019il vienne \u00ab\u00a0pour une conf\u00e9rence de paix\u00a0\u00bb.<\/p>\n<p>Enfin, le pr\u00e9sident du Conseil europ\u00e9en, Ant\u00f3nio Costa, a d\u00e9clar\u00e9 mardi que le processus visant \u00e0 faire de l\u2019Ukraine un membre de l\u2019Union europ\u00e9enne devait se poursuivre. Il a \u00e9galement r\u00e9affirm\u00e9 que l\u2019Europe devait participer aux futures n\u00e9gociations de paix aux c\u00f4t\u00e9s de l\u2019Ukraine, de la Russie et des \u00c9tats-Unis.<\/p>\n","protected":false},"excerpt":{"rendered":"Au lendemain de l\u2019imposante (par le nombre des participants) rencontre organis\u00e9e par Donald Trump dans la capitale f\u00e9d\u00e9rale,&hellip;\n","protected":false},"author":2,"featured_media":330774,"comment_status":"","ping_status":"","sticky":false,"template":"","format":"standard","meta":{"footnotes":""},"categories":[1590],"tags":[11,1777,674,12,220],"class_list":{"0":"post-330773","1":"post","2":"type-post","3":"status-publish","4":"format-standard","5":"has-post-thumbnail","7":"category-ukraine","8":"tag-actualites","9":"tag-eu","10":"tag-europe","11":"tag-news","12":"tag-ukraine"},"share_on_mastodon":{"url":"https:\/\/pubeurope.com\/@fr\/115059154168783356","error":""},"_links":{"self":[{"href":"https:\/\/www.europesays.com\/fr\/wp-json\/wp\/v2\/posts\/330773","targetHints":{"allow":["GET"]}}],"collection":[{"href":"https:\/\/www.europesays.com\/fr\/wp-json\/wp\/v2\/posts"}],"about":[{"href":"https:\/\/www.europesays.com\/fr\/wp-json\/wp\/v2\/types\/post"}],"author":[{"embeddable":true,"href":"https:\/\/www.europesays.com\/fr\/wp-json\/wp\/v2\/users\/2"}],"replies":[{"embeddable":true,"href":"https:\/\/www.europesays.com\/fr\/wp-json\/wp\/v2\/comments?post=330773"}],"version-history":[{"count":0,"href":"https:\/\/www.europesays.com\/fr\/wp-json\/wp\/v2\/posts\/330773\/revisions"}],"wp:featuredmedia":[{"embeddable":true,"href":"https:\/\/www.europesays.com\/fr\/wp-json\/wp\/v2\/media\/330774"}],"wp:attachment":[{"href":"https:\/\/www.europesays.com\/fr\/wp-json\/wp\/v2\/media?parent=330773"}],"wp:term":[{"taxonomy":"category","embeddable":true,"href":"https:\/\/www.europesays.com\/fr\/wp-json\/wp\/v2\/categories?post=330773"},{"taxonomy":"post_tag","embeddable":true,"href":"https:\/\/www.europesays.com\/fr\/wp-json\/wp\/v2\/tags?post=330773"}],"curies":[{"name":"wp","href":"https:\/\/api.w.org\/{rel}","templated":true}]}}