{"id":330777,"date":"2025-08-20T04:16:40","date_gmt":"2025-08-20T04:16:40","guid":{"rendered":"https:\/\/www.europesays.com\/fr\/330777\/"},"modified":"2025-08-20T04:16:40","modified_gmt":"2025-08-20T04:16:40","slug":"etre-exclue-de-ce-programme-est-injuste-agressee-en-plein-vol-vers-londres-elle-se-voit-refuser-une-indemnisation-car-lavion-netait-pas-immatricule-au-royaume-uni","status":"publish","type":"post","link":"https:\/\/www.europesays.com\/fr\/330777\/","title":{"rendered":"\u00ab\u00a0\u00catre exclue de ce programme est injuste\u00a0\u00bb : agress\u00e9e en plein vol vers Londres, elle se voit refuser une indemnisation&#8230; car l\u2019avion n\u2019\u00e9tait pas immatricul\u00e9 au Royaume-Uni"},"content":{"rendered":"<p>\n                                                                Agress\u00e9e sexuellement en plein vol vers Londres, une jeune Britannique se voit refuser une indemnisation parce que l\u2019avion n\u2019\u00e9tait pas immatricul\u00e9 au Royaume-Uni. Une faille juridique d\u00e9nonc\u00e9e comme une injustice criante, que son avocate appelle \u00e0 combler d\u2019urgence.\n                            <\/p>\n<p>Kelly (c&rsquo;est son nom d&rsquo;usage) n\u2019a pas l\u2019intention de se taire. Cette jeune Londonienne d\u2019une vingtaine d\u2019ann\u00e9es a v\u00e9cu l\u2019impensable :<strong> agress\u00e9e sexuellement dans son sommeil \u00e0 bord d\u2019un vol Qatar Airways entre Doha et Londres.<\/strong><\/p>\n<p>Son agresseur, un homme de 66 ans, a \u00e9t\u00e9 <strong>reconnu coupable et condamn\u00e9 \u00e0 six ans et demi de prison.<\/strong> Pourtant, Kelly se voit refuser toute indemnisation par le <strong>Criminal Injuries Compensation Scheme (CICS)<\/strong>, le fonds public cens\u00e9 prot\u00e9ger les victimes de crimes violents au Royaume-Uni.<\/p>\n<p>Une agression reconnue, mais aucune r\u00e9paration<\/p>\n<p data-end=\"1109\" data-start=\"806\">En septembre dernier, alors qu\u2019elle rentrait \u00e0 Londres, <strong>Kelly a subi des attouchements de son voisin de si\u00e8ge<\/strong>, relate le <a href=\"https:\/\/www.theguardian.com\/society\/2025\/aug\/19\/woman-sexually-assaulted-on-flight-challenges-uk-rules-on-compensation\" target=\"_self\" rel=\"nofollow noopener\">Guardian<\/a>. \u00c0 l\u2019atterrissage,<strong> l\u2019homme est imm\u00e9diatement arr\u00eat\u00e9.<\/strong> En mai 2025, la justice britannique le d\u00e9clare <strong>coupable d\u2019agression sexuelle par p\u00e9n\u00e9tration et de deux autres chefs d\u2019agression sexuelle.<\/strong><\/p>\n<p data-end=\"1251\" data-start=\"1111\">Malgr\u00e9 ce verdict clair, le CICS rejette la demande de Kelly. Motif ? <strong>L\u2019agression a eu lieu dans un avion\u2026 non immatricul\u00e9 au Royaume-Uni.<\/strong><\/p>\n<p data-end=\"1291\" data-start=\"1253\">Pour la jeune femme, c&rsquo;est un non-sens : <strong>\u00ab\u00a0Je ne comprends pas pourquoi moi et d\u2019autres victimes comme moi serions exclues. J\u2019ai \u00e9t\u00e9 agress\u00e9e sur un vol \u00e0 destination du Royaume-Uni, je suis citoyenne britannique, et la justice de mon pays a jug\u00e9 et condamn\u00e9 cet homme.\u00a0\u00bb<\/strong> Toujours marqu\u00e9e par le traumatisme, elle ajoute : \u00ab\u00a0Je souffre encore des cons\u00e9quences de l\u2019agression et je veux pouvoir reprendre le cours de ma vie.\u00a0\u00bb<\/p>\n<p>Une faille juridique d\u00e9nonc\u00e9e<\/p>\n<p data-end=\"1251\" data-start=\"1111\">Le cabinet Leigh Day, qui repr\u00e9sente Kelly, a interpell\u00e9 la nouvelle secr\u00e9taire d&rsquo;\u00c9tat \u00e0 la Justice, Shabana Mahmood, pour demander <strong>une r\u00e9vision urgente des r\u00e8gles.<\/strong><\/p>\n<p data-end=\"1251\" data-start=\"1111\">L\u2019avocate de la victime, Claire Powell, d\u00e9nonce une incoh\u00e9rence flagrante : depuis 1996,<strong> la loi britannique sur l\u2019aviation civile permet de juger les crimes commis dans des avions \u00e9trangers atterrissant au Royaume-Uni. <\/strong>Mais cette \u00e9volution n\u2019a jamais \u00e9t\u00e9 int\u00e9gr\u00e9e au dispositif d\u2019indemnisation. \u00ab\u00a0Cet \u00e9cart doit \u00eatre combl\u00e9 de toute urgence, surtout au regard de l\u2019engagement affich\u00e9 du gouvernement \u00e0 lutter contre les violences faites aux femmes et aux filles\u00a0\u00bb, insiste-t-elle.<\/p>\n<p data-end=\"1251\" data-start=\"1111\">Mais de son c\u00f4t\u00e9, le minist\u00e8re de la Justice, par la voix d&rsquo;un porte-parole, a simplement exprim\u00e9 sa compassion envers Kelly et r\u00e9affirm\u00e9 la volont\u00e9 du gouvernement de r\u00e9duire de moiti\u00e9 les violences faites aux femmes. Il rappelle que les r\u00e8gles du CICS sont fix\u00e9es par le Parlement et invite les victimes \u00e0 se tourner vers d\u2019autres dispositifs d\u2019aide.<\/p>\n","protected":false},"excerpt":{"rendered":"Agress\u00e9e sexuellement en plein vol vers Londres, une jeune Britannique se voit refuser une indemnisation parce que l\u2019avion&hellip;\n","protected":false},"author":2,"featured_media":330778,"comment_status":"","ping_status":"","sticky":false,"template":"","format":"standard","meta":{"footnotes":""},"categories":[1588],"tags":[11,1777,674,12,473,1853,1851,1850,1852],"class_list":{"0":"post-330777","1":"post","2":"type-post","3":"status-publish","4":"format-standard","5":"has-post-thumbnail","7":"category-royaume-uni","8":"tag-actualites","9":"tag-eu","10":"tag-europe","11":"tag-news","12":"tag-royaume-uni","13":"tag-royaume-uni-de-grande-bretagne-et-dirlande-du-nord","14":"tag-uk","15":"tag-united-kingdom","16":"tag-united-kingdom-of-great-britain-and-northern-ireland"},"share_on_mastodon":{"url":"https:\/\/pubeurope.com\/@fr\/115059162102828094","error":""},"_links":{"self":[{"href":"https:\/\/www.europesays.com\/fr\/wp-json\/wp\/v2\/posts\/330777","targetHints":{"allow":["GET"]}}],"collection":[{"href":"https:\/\/www.europesays.com\/fr\/wp-json\/wp\/v2\/posts"}],"about":[{"href":"https:\/\/www.europesays.com\/fr\/wp-json\/wp\/v2\/types\/post"}],"author":[{"embeddable":true,"href":"https:\/\/www.europesays.com\/fr\/wp-json\/wp\/v2\/users\/2"}],"replies":[{"embeddable":true,"href":"https:\/\/www.europesays.com\/fr\/wp-json\/wp\/v2\/comments?post=330777"}],"version-history":[{"count":0,"href":"https:\/\/www.europesays.com\/fr\/wp-json\/wp\/v2\/posts\/330777\/revisions"}],"wp:featuredmedia":[{"embeddable":true,"href":"https:\/\/www.europesays.com\/fr\/wp-json\/wp\/v2\/media\/330778"}],"wp:attachment":[{"href":"https:\/\/www.europesays.com\/fr\/wp-json\/wp\/v2\/media?parent=330777"}],"wp:term":[{"taxonomy":"category","embeddable":true,"href":"https:\/\/www.europesays.com\/fr\/wp-json\/wp\/v2\/categories?post=330777"},{"taxonomy":"post_tag","embeddable":true,"href":"https:\/\/www.europesays.com\/fr\/wp-json\/wp\/v2\/tags?post=330777"}],"curies":[{"name":"wp","href":"https:\/\/api.w.org\/{rel}","templated":true}]}}