{"id":330783,"date":"2025-08-20T04:19:17","date_gmt":"2025-08-20T04:19:17","guid":{"rendered":"https:\/\/www.europesays.com\/fr\/330783\/"},"modified":"2025-08-20T04:19:17","modified_gmt":"2025-08-20T04:19:17","slug":"les-garanties-de-securite-pour-lukraine-encore-en-discussion-selon-la-commission-europeenne","status":"publish","type":"post","link":"https:\/\/www.europesays.com\/fr\/330783\/","title":{"rendered":"Les garanties de s\u00e9curit\u00e9 pour l\u2019Ukraine encore en discussion, selon la Commission europ\u00e9enne"},"content":{"rendered":"<p>Le format d\u00e9finitif des garanties de s\u00e9curit\u00e9 pour l\u2019Ukraine n\u2019est pas encore arr\u00eat\u00e9, mais des \u00e9quipes techniques am\u00e9ricaines et europ\u00e9ennes poursuivront leur travail sur ce dossier au cours des prochains jours et semaines, a d\u00e9clar\u00e9 la porte-parole de la Commission europ\u00e9enne, Arianna Podest\u00e0.<\/p>\n<p style=\"text-align: justify;\">\u00ab \u00c0 ce stade, nous n\u2019avons pas d\u2019information pr\u00e9cise sur la forme que prendront ces garanties. Les \u00e9quipes techniques continueront d\u2019\u00e9laborer les d\u00e9tails dans les semaines \u00e0 venir, avec la participation des \u00c9tats-Unis, des pays europ\u00e9ens repr\u00e9sent\u00e9s \u00e0 la r\u00e9union, ainsi que de la Commission europ\u00e9enne \u00bb, a-t-elle indiqu\u00e9.<\/p>\n<p style=\"text-align: justify;\">Podest\u00e0 a soulign\u00e9 qu\u2019il convenait avant tout de se concentrer sur le renforcement de l\u2019arm\u00e9e ukrainienne, comme l\u2019a rappel\u00e9 la pr\u00e9sidente Ursula von der Leyen lors de sa conf\u00e9rence de presse du 17 ao\u00fbt aux c\u00f4t\u00e9s du pr\u00e9sident Volodymyr Zelensky. Elle a \u00e9galement salu\u00e9 l\u2019engagement des \u00c9tats-Unis \u00e0 contribuer \u00e0 des garanties de s\u00e9curit\u00e9 comparables \u00e0 celles pr\u00e9vues par l\u2019article 5 du trait\u00e9 de l\u2019OTAN.<\/p>\n<p style=\"text-align: justify;\">La porte-parole a ajout\u00e9 que l\u2019Union europ\u00e9enne apportait d\u00e9j\u00e0 une contribution active, en poursuivant le renforcement des forces arm\u00e9es ukrainiennes tout en consolidant la d\u00e9fense europ\u00e9enne.<\/p>\n<p style=\"text-align: justify;\">De son c\u00f4t\u00e9, le pr\u00e9sident ukrainien Volodymyr Zelensky a confirm\u00e9 que Kiev travaillait d\u00e9j\u00e0 sur le contenu concret de ces garanties, \u00e0 la suite de ses entretiens \u00e0 Washington avec le pr\u00e9sident am\u00e9ricain et des dirigeants europ\u00e9ens.<\/p>\n","protected":false},"excerpt":{"rendered":"Le format d\u00e9finitif des garanties de s\u00e9curit\u00e9 pour l\u2019Ukraine n\u2019est pas encore arr\u00eat\u00e9, mais des \u00e9quipes techniques am\u00e9ricaines&hellip;\n","protected":false},"author":2,"featured_media":330784,"comment_status":"","ping_status":"","sticky":false,"template":"","format":"standard","meta":{"footnotes":""},"categories":[1586],"tags":[11,1777,674,1779,1011,27,12,25,1778,364],"class_list":{"0":"post-330783","1":"post","2":"type-post","3":"status-publish","4":"format-standard","5":"has-post-thumbnail","7":"category-europe","8":"tag-actualites","9":"tag-eu","10":"tag-europe","11":"tag-european-union","12":"tag-fr","13":"tag-france","14":"tag-news","15":"tag-republique-francaise","16":"tag-ue","17":"tag-union-europeenne"},"share_on_mastodon":{"url":"https:\/\/pubeurope.com\/@fr\/115059173861641621","error":""},"_links":{"self":[{"href":"https:\/\/www.europesays.com\/fr\/wp-json\/wp\/v2\/posts\/330783","targetHints":{"allow":["GET"]}}],"collection":[{"href":"https:\/\/www.europesays.com\/fr\/wp-json\/wp\/v2\/posts"}],"about":[{"href":"https:\/\/www.europesays.com\/fr\/wp-json\/wp\/v2\/types\/post"}],"author":[{"embeddable":true,"href":"https:\/\/www.europesays.com\/fr\/wp-json\/wp\/v2\/users\/2"}],"replies":[{"embeddable":true,"href":"https:\/\/www.europesays.com\/fr\/wp-json\/wp\/v2\/comments?post=330783"}],"version-history":[{"count":0,"href":"https:\/\/www.europesays.com\/fr\/wp-json\/wp\/v2\/posts\/330783\/revisions"}],"wp:featuredmedia":[{"embeddable":true,"href":"https:\/\/www.europesays.com\/fr\/wp-json\/wp\/v2\/media\/330784"}],"wp:attachment":[{"href":"https:\/\/www.europesays.com\/fr\/wp-json\/wp\/v2\/media?parent=330783"}],"wp:term":[{"taxonomy":"category","embeddable":true,"href":"https:\/\/www.europesays.com\/fr\/wp-json\/wp\/v2\/categories?post=330783"},{"taxonomy":"post_tag","embeddable":true,"href":"https:\/\/www.europesays.com\/fr\/wp-json\/wp\/v2\/tags?post=330783"}],"curies":[{"name":"wp","href":"https:\/\/api.w.org\/{rel}","templated":true}]}}