{"id":330785,"date":"2025-08-20T04:20:42","date_gmt":"2025-08-20T04:20:42","guid":{"rendered":"https:\/\/www.europesays.com\/fr\/330785\/"},"modified":"2025-08-20T04:20:42","modified_gmt":"2025-08-20T04:20:42","slug":"la-restauratrice-reconnait-ses-voleurs-laffaire-prend-un-tournant-inattendu","status":"publish","type":"post","link":"https:\/\/www.europesays.com\/fr\/330785\/","title":{"rendered":"la restauratrice reconna\u00eet ses voleurs, l&rsquo;affaire prend un tournant inattendu"},"content":{"rendered":"<p>            Par<br \/>\n        <strong><br \/>\n            <a href=\"https:\/\/actu.fr\/auteur\/pierrechemel\" title=\"Consulter tous les articles de Pierre Chemel\" target=\"_blank\" rel=\"noopener\">Pierre Chemel<\/a><br \/>\n        <\/strong><\/p>\n<p>        Publi\u00e9 le<\/p>\n<p>            19 ao\u00fbt 2025 \u00e0 15h58        <\/p>\n<p>C\u2019est une histoire pour le moins <strong>insolite<\/strong> qui s\u2019est d\u00e9roul\u00e9e dans la torpeur du mois d\u2019ao\u00fbt \u00e0 <a href=\"https:\/\/actu.fr\/bourgogne-franche-comte\/lons-le-saunier_39300\" target=\"_blank\" rel=\"noopener\">Lons-le-Saunier<\/a> (Jura). Apr\u00e8s avoir \u00e9t\u00e9 victime d\u2019un vol d\u00e9but ao\u00fbt, la g\u00e9rante du <strong>restaurant Le Manguier<\/strong> a choisi d\u2019interpeller directement ses voleurs sur <strong>Facebook<\/strong>. Surprise : le lendemain, ces derniers sont venus ramener une partie du mobilier d\u00e9rob\u00e9.<\/p>\n<p>Des voleurs film\u00e9s et identifi\u00e9s<\/p>\n<p class=\" wall-content\">Dans la nuit du 7 ao\u00fbt, les cam\u00e9ras de surveillance du restaurant, situ\u00e9 dans le centre-ville de Lons, captent une <strong>sc\u00e8ne improbable<\/strong> : un homme fait le guet, cigarette \u00e0 la main, tandis qu\u2019une femme en robe rouge charge dix <strong>chaises de terrasse<\/strong> et des <strong>bacs de plantes<\/strong> dans une voiture. En repartant, dans leur man\u0153uvre, les voleurs accrochent m\u00eame le v\u00e9hicule de la g\u00e9rante.<\/p>\n<p class=\" wall-content\">Le lendemain matin, pr\u00e9venue par la soci\u00e9t\u00e9 de t\u00e9l\u00e9surveillance, Barkissa Teguerat, la propri\u00e9taire et g\u00e9rante du restaurant constate l\u2019<strong>ampleur des d\u00e9g\u00e2ts<\/strong> : des fleurs arrach\u00e9es, des herbes aromatiques emport\u00e9es et dix chaises manquantes, d\u2019une valeur estim\u00e9e \u00e0 190 \u20ac chacune. Sans compter les d\u00e9g\u00e2ts sur sa voiture.<\/p>\n<p class=\" wall-content\">Mais la surprise la plus <strong>d\u00e9sagr\u00e9able<\/strong> intervient lorsque la restauratrice reconna\u00eet l\u2019un des deux auteurs en visionnant les images de <strong>vid\u00e9osurveillance<\/strong>. \u00ab\u00a0Cela m\u2019a r\u00e9volt\u00e9e de voir que l\u2019homme qui faisait le guet est un commer\u00e7ant que je connais tr\u00e8s bien. Moi j\u2019avais spontan\u00e9ment pens\u00e9 \u00e0 de la petite racaille, mais si on se fait \u00e7a entre nous, entre commer\u00e7ants, o\u00f9 on va ?\u00a0\u00bb<\/p>\n<p>\u00ab Ma tr\u00e8s ch\u00e8re voleuse en robe rouge\u2026 \u00bb<\/p>\n<p class=\" wall-content\">Dix jours plus tard, exc\u00e9d\u00e9e, elle publie un message sur la page Facebook du Manguier. Elle y interpelle sans d\u00e9tour les deux auteurs :<\/p>\n<p class=\" wall-content\">\u00ab Ma tr\u00e8s ch\u00e8re voleuse en robe rouge avec petite bi\u00e8re 1664 sur la table de terrasse avec son complice commer\u00e7ant que je connais tr\u00e8s bien, qui fume sa cigarette en faisant le guet [\u2026] Je vous demanderais de ramener tout ce que vous avez vol\u00e9 sur la terrasse du Manguier et de faire marcher votre assurance pour la r\u00e9paration de la voiture. \u00bb<\/p>\n<p>Vid\u00e9os : en ce moment sur Actu<br \/>\n    <a href=\"https:\/\/www.facebook.com\/plugins\/post.php?href=https%3A%2F%2Fwww.facebook.com%2Fpermalink.php%3Fstory_fbid%3Dpfbid0CKKCDDQoHExPL8Pf3bW9YHv93WTAezmNT9pSGVaYrCfwrnKQVw7N9WLqpVp2R3r6l%26id%3D100057027507221&amp;show_text=true&amp;width=350\" title=\"Ouvrie le lien\" target=\"_blank\" rel=\"noopener\">Cliquez ici pour visualiser le contenu<\/a><\/p>\n<p class=\" wall-content\">La publication, largement partag\u00e9e, ne laisse gu\u00e8re de place \u00e0 l\u2019<strong>anonymat<\/strong> des deux complices.<\/p>\n<p>Votre r\u00e9gion, votre actu !<\/p>\n<p>Recevez chaque jour les infos qui comptent pour vous.<\/p>\n<p>\t<a href=\"https:\/\/actu.fr\/newsletter\" class=\"ac-btn ac-btn--corner ac-btn--medium ac-btn--blue800\" target=\"_blank\" rel=\"noopener\">S&rsquo;incrire<\/a><br \/>\nRestitution inattendue<\/p>\n<p class=\" wall-content\">Et contre toute attente, le mardi 19 ao\u00fbt, nouveau message sur Facebook : la restauratrice annonce que les voleurs sont venus <strong>restituer<\/strong> 6 chaises sur 10 dans la nuit. \u00ab Gr\u00e2ce \u00e0 vous, on m\u2019a restitu\u00e9 une partie de mon mobilier, ch\u00e8re madame en robe rouge et son complice commer\u00e7ant \u00bb, \u00e9crit-elle, avant de pr\u00e9ciser qu\u2019il manque encore des herbes aromatiques et que les bacs devront \u00eatre remis en \u00e9tat.<\/p>\n<p class=\" wall-content\">Dans un geste surprenant, elle propose m\u00eame aux auteurs de passer la voir pour discuter de la <strong>r\u00e9paration de sa voiture<\/strong>, promettant : \u00ab Je ne vous ferai rien et je retirerai ma plainte apr\u00e8s la r\u00e9paration de ma voiture \u00bb.<\/p>\n<p>Une affaire pas commune<\/p>\n<p class=\" wall-content\">Si la plainte d\u00e9pos\u00e9e le 11 ao\u00fbt suit toujours son cours, cette restitution <strong>inattendue<\/strong> donne un tournant in\u00e9dit \u00e0 l\u2019affaire. Car <strong>rares<\/strong> sont les vols de ce type qui se terminent par un retour du butin, encore moins apr\u00e8s une<strong> interpellation publique<\/strong> sur les r\u00e9seaux sociaux.<\/p>\n<p class=\" wall-content\">\u00ab\u00a0Peu importe ce qu\u2019il s\u2019est pass\u00e9, \u00e0 partir du moment o\u00f9 tout est r\u00e9par\u00e9, j\u2019aurai toujours de bons rapports avec cette personne, je ne sais pas ce qu\u2019il lui est pass\u00e9 par la t\u00eate, il a peut-\u00eatre eu des probl\u00e8mes. Je ne souhaite pas entretenir l\u2019animosit\u00e9\u00a0\u00bb, conclue la restauratrice,\u00a0 magnanime.<\/p>\n<p class=\" wall-content\">Personnalisez votre actualit\u00e9 en ajoutant vos villes et m\u00e9dias en favori avec <a href=\"https:\/\/moncompte.actu.fr\" title=\"D\u00e9couvez Mon Actu\" rel=\"nofollow noopener\" data-trk=\"{&quot;cta&quot;:{&quot;action&quot;:&quot;https:\\\/\\\/moncompte.actu.fr&quot;,&quot;category&quot;:&quot;mon compte&quot;,&quot;from&quot;:&quot;article footer&quot;,&quot;name&quot;:&quot;Mon actu&quot;,&quot;type&quot;:&quot;cta&quot;}}\" target=\"_blank\">Mon Actu<\/a>.<\/p>\n","protected":false},"excerpt":{"rendered":"Par Pierre Chemel Publi\u00e9 le 19 ao\u00fbt 2025 \u00e0 15h58 C\u2019est une histoire pour le moins insolite qui&hellip;\n","protected":false},"author":2,"featured_media":330786,"comment_status":"","ping_status":"","sticky":false,"template":"","format":"standard","meta":{"footnotes":""},"categories":[2],"tags":[11,118,1011,27,1757,12,1072,25,7939],"class_list":{"0":"post-330785","1":"post","2":"type-post","3":"status-publish","4":"format-standard","5":"has-post-thumbnail","7":"category-actualites","8":"tag-actualites","9":"tag-faits-divers","10":"tag-fr","11":"tag-france","12":"tag-insolite","13":"tag-news","14":"tag-police","15":"tag-republique-francaise","16":"tag-videosurveillance"},"share_on_mastodon":{"url":"https:\/\/pubeurope.com\/@fr\/115059177806978228","error":""},"_links":{"self":[{"href":"https:\/\/www.europesays.com\/fr\/wp-json\/wp\/v2\/posts\/330785","targetHints":{"allow":["GET"]}}],"collection":[{"href":"https:\/\/www.europesays.com\/fr\/wp-json\/wp\/v2\/posts"}],"about":[{"href":"https:\/\/www.europesays.com\/fr\/wp-json\/wp\/v2\/types\/post"}],"author":[{"embeddable":true,"href":"https:\/\/www.europesays.com\/fr\/wp-json\/wp\/v2\/users\/2"}],"replies":[{"embeddable":true,"href":"https:\/\/www.europesays.com\/fr\/wp-json\/wp\/v2\/comments?post=330785"}],"version-history":[{"count":0,"href":"https:\/\/www.europesays.com\/fr\/wp-json\/wp\/v2\/posts\/330785\/revisions"}],"wp:featuredmedia":[{"embeddable":true,"href":"https:\/\/www.europesays.com\/fr\/wp-json\/wp\/v2\/media\/330786"}],"wp:attachment":[{"href":"https:\/\/www.europesays.com\/fr\/wp-json\/wp\/v2\/media?parent=330785"}],"wp:term":[{"taxonomy":"category","embeddable":true,"href":"https:\/\/www.europesays.com\/fr\/wp-json\/wp\/v2\/categories?post=330785"},{"taxonomy":"post_tag","embeddable":true,"href":"https:\/\/www.europesays.com\/fr\/wp-json\/wp\/v2\/tags?post=330785"}],"curies":[{"name":"wp","href":"https:\/\/api.w.org\/{rel}","templated":true}]}}