{"id":330789,"date":"2025-08-20T04:22:10","date_gmt":"2025-08-20T04:22:10","guid":{"rendered":"https:\/\/www.europesays.com\/fr\/330789\/"},"modified":"2025-08-20T04:22:10","modified_gmt":"2025-08-20T04:22:10","slug":"presque-toute-la-france-placee-en-vigilance-les-previsions","status":"publish","type":"post","link":"https:\/\/www.europesays.com\/fr\/330789\/","title":{"rendered":"presque toute la France plac\u00e9e en vigilance, les pr\u00e9visions"},"content":{"rendered":"<p>            Par<br \/>\n        <strong><br \/>\n            <a href=\"https:\/\/actu.fr\/auteur\/briac-trebert\" title=\"Consulter tous les articles de Briac Tr\u00e9bert\" rel=\"nofollow noopener\" target=\"_blank\">Briac Tr\u00e9bert<\/a><br \/>\n        <\/strong><\/p>\n<p>        Publi\u00e9 le<\/p>\n<p>            20 ao\u00fbt 2025 \u00e0 6h13        <\/p>\n<p>Apr\u00e8s la <a href=\"https:\/\/actu.fr\/tag\/canicule\" rel=\"nofollow noopener\" target=\"_blank\">canicule<\/a>, les trombes d\u2019eau et les <a href=\"https:\/\/actu.fr\/tag\/orages\" rel=\"nofollow noopener\" target=\"_blank\">orages<\/a>. Le ballet des vigilances se poursuit en France. Une bande pluvio-orageuse stagnera ce mercredi 20 ao\u00fbt 2025 du nord-est jusqu\u2019au Centre-Val-de-Loire. Et les cumuls de pluie attendus pourront (encore) \u00eatre localement importants.<\/p>\n<p>La liste des d\u00e9partements en vigilance<\/p>\n<p class=\" wall-content\">Dans son bulletin de 6h, ce mercredi 20 ao\u00fbt, M\u00e9t\u00e9o France a ainsi plac\u00e9 11 d\u00e9partements en vigilance orange pour pluie-inondation.<\/p>\n<ul class=\" wall-content\">\n<li>Cher : pluie-inondation<\/li>\n<li>Doubs : pluie-inondation<\/li>\n<li>Eure-et-Loir : pluie-inondation<\/li>\n<li>Loir-et-Cher : pluie-inondation<\/li>\n<li>Loiret : pluie-inondation<\/li>\n<li>Ni\u00e8vre : pluie-inondation<\/li>\n<li>Haut-Rhin : pluie-inondation<\/li>\n<li>Haute-Sa\u00f4ne : pluie-inondation<\/li>\n<li>Vosges : pluie-inondation<\/li>\n<li>Yonne : pluie-inondation<\/li>\n<li>Terr. de Belfort : pluie-inondation<\/li>\n<\/ul>\n<p class=\" wall-content\">Au total, 88 d\u00e9partements sont en vigilance jaune pour des risques de crue, d\u2019orages ou de pluie-inondation. Les voici :\u00a0<\/p>\n<ul class=\" wall-content\">\n<li>Ain : orages<\/li>\n<li>Allier : pluie-inondation, orages<\/li>\n<li>Alpes-de-Haute-Provence : orages<\/li>\n<li>Hautes-Alpes : orages<\/li>\n<li>Alpes-Maritimes : orages<\/li>\n<li>Ard\u00e8che : orages, crues<\/li>\n<li>Ari\u00e8ge : orages<\/li>\n<li>Aube : pluie-inondation, orages<\/li>\n<li>Aveyron : orages<\/li>\n<li>Bouches-du-Rh\u00f4ne : orages<\/li>\n<li>Calvados : orages<\/li>\n<li>Cantal : orages<\/li>\n<li>Charente : orages<\/li>\n<li>Charente-Maritime : orages<\/li>\n<li>Cher : orages<\/li>\n<li>Corr\u00e8ze : orages<\/li>\n<li>Corse : pluie-inondation, orages<\/li>\n<li>C\u00f4te-d\u2019Or : pluie-inondation, orages<\/li>\n<li>C\u00f4tes d\u2019Armor : orages<\/li>\n<li>Creuse : orages<\/li>\n<li>Dordogne : orages<\/li>\n<li>Doubs : orages<\/li>\n<li>Dr\u00f4me : orages<\/li>\n<li>Eure-et-Loir : orages<\/li>\n<li>Finist\u00e8re : orages<\/li>\n<li>Gard : orages, crues<\/li>\n<li>Haute-Garonne : orages<\/li>\n<li>Gers : orages<\/li>\n<li>Gironde : orages<\/li>\n<li>H\u00e9rault : crues<\/li>\n<li>Ille-et-Vilaine : orages<\/li>\n<li>Indre : pluie-inondation, orages<\/li>\n<li>Indre-et-Loire : pluie-inondation, orages<\/li>\n<li>Is\u00e8re : orages<\/li>\n<li>Jura : pluie-inondation, orages<\/li>\n<li>Landes : orages<\/li>\n<li>Loir-et-Cher : orages<\/li>\n<li>Loire : orages<\/li>\n<li>Haute-Loire : orages, crues<\/li>\n<li>Loire-Atlantique : orages<\/li>\n<li>Loiret : orages<\/li>\n<li>Lot : orages<\/li>\n<li>Lot-et-Garonne : orages<\/li>\n<li>Loz\u00e8re : orages, crues<\/li>\n<li>Maine-et-Loire : orages<\/li>\n<li>Manche : orages<\/li>\n<li>Marne : pluie-inondation, orages<\/li>\n<li>Haute-Marne : pluie-inondation, orages<\/li>\n<li>Mayenne : pluie-inondation, orages<\/li>\n<li>Meurthe-et-Moselle : pluie-inondation, orages<\/li>\n<li>Meuse : pluie-inondation, orages<\/li>\n<li>Morbihan : orages<\/li>\n<li>Moselle : pluie-inondation, orages<\/li>\n<li>Ni\u00e8vre : orages<\/li>\n<li>Orne : orages<\/li>\n<li>Puy-de-D\u00f4me : orages<\/li>\n<li>Pyr\u00e9n\u00e9es-Atlantiques : pluie-inondation, orages<\/li>\n<li>Hautes-Pyr\u00e9n\u00e9es : orages<\/li>\n<li>Pyr\u00e9n\u00e9es-Orientales : orages<\/li>\n<li>Bas-Rhin : pluie-inondation, orages<\/li>\n<li>Haut-Rhin : orages<\/li>\n<li>Rh\u00f4ne : orages<\/li>\n<li>Haute-Sa\u00f4ne : orages<\/li>\n<li>Sa\u00f4ne-et-Loire : pluie-inondation, orages<\/li>\n<li>Sarthe : pluie-inondation, orages<\/li>\n<li>Savoie : orages<\/li>\n<li>Haute-Savoie : orages<\/li>\n<li>Paris : pluie-inondation, orages<\/li>\n<li>Seine-et-Marne : pluie-inondation, orages<\/li>\n<li>Yvelines : pluie-inondation, orages<\/li>\n<li>Deux-S\u00e8vres : orages<\/li>\n<li>Tarn : orages<\/li>\n<li>Tarn-et-Garonne : orages<\/li>\n<li>Var : orages<\/li>\n<li>Vaucluse : orages<\/li>\n<li>Vend\u00e9e : orages<\/li>\n<li>Vienne : orages<\/li>\n<li>Haute-Vienne : orages<\/li>\n<li>Vosges : orages<\/li>\n<li>Yonne : orages<\/li>\n<li>Terr. de Belfort : orages<\/li>\n<li>Essonne : pluie-inondation, orages<\/li>\n<li>Hauts-de-Seine : pluie-inondation, orages<\/li>\n<li>Seine-St-Denis : pluie-inondation, orages<\/li>\n<li>Val-de-Marne : pluie-inondation, orages<\/li>\n<li>Val-D\u2019Oise : pluie-inondation, orages<\/li>\n<li>Andorre : orages<\/li>\n<\/ul>\n<p>Un temps instable qui continue<\/p>\n<p class=\" wall-content\">Pour faire simple, ce mercredi 20 ao\u00fbt, le temps instable d\u00e9but\u00e9 ce mardi va se poursuivre sur la plupart des r\u00e9gions. Et les temp\u00e9ratures, elles, continueront de baisser apr\u00e8s la fournaise de la semaine pass\u00e9e.<\/p>\n<p>Votre r\u00e9gion, votre actu !<\/p>\n<p>Recevez chaque jour les infos qui comptent pour vous.<\/p>\n<p>\t<a href=\"https:\/\/actu.fr\/newsletter\" class=\"ac-btn ac-btn--corner ac-btn--medium ac-btn--blue800\" rel=\"nofollow noopener\" target=\"_blank\">S&rsquo;incrire<\/a><\/p>\n<p class=\" wall-content\">La majorit\u00e9 du pays sera expos\u00e9e \u00e0 des pr\u00e9cipitations et parfois \u00e0 de l\u2019orage. \u00ab\u00a0Les pluies orageuses seront particuli\u00e8rement copieuses sur le quart nord-est, notamment de la Bourgogne-Franche-Comt\u00e9 au sud de la Champagne et \u00e0 l\u2019est de l\u2019\u00cele-de-France\u00a0\u00bb, pr\u00e9vient l\u2019organisme <a href=\"https:\/\/actu.fr\/meteo\" rel=\"nofollow noopener\" target=\"_blank\">m\u00e9t\u00e9o<\/a>.<\/p>\n<blockquote class=\"ac-article-quote wall-content\">\n<p>Ce mercredi 20 ao\u00fbt 2025, les averses vont s\u2019attarder\u00a0tout au long de la journ\u00e9e entre les Pays de la Loire et la Franche-Comt\u00e9, ainsi que le sud de l\u2019Alsace, avec un caract\u00e8re orageux localement \u00e0 l\u2019est. D\u2019importants cumuls sur la dur\u00e9e sont \u00e0 pr\u00e9voir.<br \/>\nEt ces orages concerneront encore le quart sud-est d\u00e8s le matin, et un autre paquet orageux gagnera la Nouvelle-Aquitaine par le littoral atlantique&#8230;\n<\/p>\n<p>    <strong>M\u00e9t\u00e9o France<\/strong>\n            <\/p><\/blockquote>\n<p class=\" wall-content\">Le matin, ces pr\u00e9cipitations s\u2019\u00e9tendront jusqu\u2019\u00e0 la Normandie, la Bretagne et les Pays de la Loire, avant que des \u00e9claircies ne reviennent par la Manche l\u2019apr\u00e8s-midi. Mais dans le sud-est, particuli\u00e8rement en Provence-Alpes-C\u00f4te d\u2019Azur et en Corse, des risques d\u2019orages potentiellement forts menaceront plus longtemps.<\/p>\n<p>La baisse des temp\u00e9ratures se poursuit\u00a0<\/p>\n<p class=\" wall-content\">Seul l\u2019extr\u00eame nord du pays a en r\u00e9alit\u00e9 de bonnes chances de rester \u00e0 l\u2019\u00e9cart des pr\u00e9cipitations. La baisse des temp\u00e9ratures s\u2019annonce, elle, tr\u00e8s nette ce mercredi apr\u00e8s-midi, avec 20 \u00e0 25\u00b0C en g\u00e9n\u00e9ral, localement 26-28\u00b0C sur les r\u00e9gions m\u00e9diterran\u00e9ennes, et jusqu\u2019\u00e0 un peu plus de 30\u00b0C sur le Var et surtout la Corse.<\/p>\n<p class=\" wall-content\">Et ces pluies, parfois m\u00eal\u00e9es d\u2019orages, seront encore abondantes et localement intenses dans la nuit de mercredi \u00e0 ce jeudi 21 ao\u00fbt sur la Bourgogne-Franche-Comt\u00e9 et le Grand Est, pr\u00e9vient d\u2019ores et d\u00e9j\u00e0 M\u00e9t\u00e9o France. Ces pr\u00e9cipitations se poursuivront une partie de la journ\u00e9e de ce jeudi du nord-est du pays \u00e0 l\u2019Auvergne-Rh\u00f4ne-Alpes avec des orages encore possibles dans l\u2019apr\u00e8s-midi.<\/p>\n<p class=\" wall-content\">Il faudra attendre vendredi pour que la situation m\u00e9t\u00e9o redevienne calme sans ph\u00e9nom\u00e8nes dangereux envisag\u00e9s, <a href=\"https:\/\/actu.fr\/meteo\/l-ouragan-erin-bientot-une-tempete-en-france-rafales-a-170-km-h-vagues-de-10-m-les-premieres-previsions_63051037.html\" rel=\"nofollow noopener\" target=\"_blank\">avant que les restes de l\u2019ouragan Erin ne viennent s\u2019inviter dans les pr\u00e9visions m\u00e9t\u00e9o de la semaine prochaine<\/a>\u2026\u00a0<\/p>\n<p class=\" wall-content\">Personnalisez votre actualit\u00e9 en ajoutant vos villes et m\u00e9dias en favori avec <a href=\"https:\/\/moncompte.actu.fr\" title=\"D\u00e9couvez Mon Actu\" rel=\"nofollow noopener\" data-trk=\"{&quot;cta&quot;:{&quot;action&quot;:&quot;https:\\\/\\\/moncompte.actu.fr&quot;,&quot;category&quot;:&quot;mon compte&quot;,&quot;from&quot;:&quot;article footer&quot;,&quot;name&quot;:&quot;Mon actu&quot;,&quot;type&quot;:&quot;cta&quot;}}\" target=\"_blank\">Mon Actu<\/a>.<\/p>\n","protected":false},"excerpt":{"rendered":"Par Briac Tr\u00e9bert Publi\u00e9 le 20 ao\u00fbt 2025 \u00e0 6h13 Apr\u00e8s la canicule, les trombes d\u2019eau et les&hellip;\n","protected":false},"author":2,"featured_media":330790,"comment_status":"","ping_status":"","sticky":false,"template":"","format":"standard","meta":{"footnotes":""},"categories":[4],"tags":[11,1011,27,2839,2487,2357,12,4594,25],"class_list":{"0":"post-330789","1":"post","2":"type-post","3":"status-publish","4":"format-standard","5":"has-post-thumbnail","7":"category-france","8":"tag-actualites","9":"tag-fr","10":"tag-france","11":"tag-inondations","12":"tag-meteo","13":"tag-meteo-france","14":"tag-news","15":"tag-orages","16":"tag-republique-francaise"},"share_on_mastodon":{"url":"https:\/\/pubeurope.com\/@fr\/115059185577720232","error":""},"_links":{"self":[{"href":"https:\/\/www.europesays.com\/fr\/wp-json\/wp\/v2\/posts\/330789","targetHints":{"allow":["GET"]}}],"collection":[{"href":"https:\/\/www.europesays.com\/fr\/wp-json\/wp\/v2\/posts"}],"about":[{"href":"https:\/\/www.europesays.com\/fr\/wp-json\/wp\/v2\/types\/post"}],"author":[{"embeddable":true,"href":"https:\/\/www.europesays.com\/fr\/wp-json\/wp\/v2\/users\/2"}],"replies":[{"embeddable":true,"href":"https:\/\/www.europesays.com\/fr\/wp-json\/wp\/v2\/comments?post=330789"}],"version-history":[{"count":0,"href":"https:\/\/www.europesays.com\/fr\/wp-json\/wp\/v2\/posts\/330789\/revisions"}],"wp:featuredmedia":[{"embeddable":true,"href":"https:\/\/www.europesays.com\/fr\/wp-json\/wp\/v2\/media\/330790"}],"wp:attachment":[{"href":"https:\/\/www.europesays.com\/fr\/wp-json\/wp\/v2\/media?parent=330789"}],"wp:term":[{"taxonomy":"category","embeddable":true,"href":"https:\/\/www.europesays.com\/fr\/wp-json\/wp\/v2\/categories?post=330789"},{"taxonomy":"post_tag","embeddable":true,"href":"https:\/\/www.europesays.com\/fr\/wp-json\/wp\/v2\/tags?post=330789"}],"curies":[{"name":"wp","href":"https:\/\/api.w.org\/{rel}","templated":true}]}}