{"id":330793,"date":"2025-08-20T04:26:14","date_gmt":"2025-08-20T04:26:14","guid":{"rendered":"https:\/\/www.europesays.com\/fr\/330793\/"},"modified":"2025-08-20T04:26:14","modified_gmt":"2025-08-20T04:26:14","slug":"apres-atmane-le-n-1-francais-arthur-fils-renonce-a-son-tour","status":"publish","type":"post","link":"https:\/\/www.europesays.com\/fr\/330793\/","title":{"rendered":"apr\u00e8s Atmane, le N.1 fran\u00e7ais Arthur Fils renonce \u00e0 son tour"},"content":{"rendered":"<p class=\"mb-4 text-lg md:leading-8 break-words\">S\u00e9rie noire pour les Bleus du tennis: le N.1 fran\u00e7ais Arthur Fils, bless\u00e9, a annonc\u00e9 mardi son forfait pour l&rsquo;US Open, quelques heures apr\u00e8s le renoncement de la nouvelle sensation du tennis tricolore Terence Atmane.<\/p>\n<p class=\"mb-4 text-lg md:leading-8 break-words\">Handicap\u00e9 depuis la fin mai par une blessure au dos qui l&rsquo;avait contraint \u00e0 d\u00e9clarer forfait avant son troisi\u00e8me tour \u00e0 Roland-Garros, le 20e joueur mondial avait d\u00e9j\u00e0 renonc\u00e9 \u00e0 disputer Wimbledon.<\/p>\n<p class=\"mb-4 text-lg md:leading-8 break-words\">\u00ab\u00a0Une alerte ressentie \u00e0 la reprise, d&rsquo;abord \u00e0 Toronto puis \u00e0 Cincinnati, m&rsquo;a conduit \u00e0 prendre la d\u00e9cision difficile mais raisonnable de renoncer \u00e0 l&rsquo;US Open\u00a0\u00bb (24 ao\u00fbt-7 septembre), a indiqu\u00e9 Arthur Fils sur son compte Instagram.<\/p>\n<p class=\"mb-4 text-lg md:leading-8 break-words\">Fin juillet, apr\u00e8s deux mois d&rsquo;absence du circuit, le triple vainqueur de tournois ATP s&rsquo;\u00e9tait impos\u00e9 en deux sets pour son entr\u00e9e en lice au Masters 1000 du Canada.<\/p>\n<p class=\"mb-4 text-lg md:leading-8 break-words\">Fils avait ensuite subi la loi du Tch\u00e8que Jiri Lehecka en trois sets au troisi\u00e8me tour, et n&rsquo;a plus disput\u00e9 de match officiel depuis.<\/p>\n<p class=\"mb-4 text-lg md:leading-8 break-words\">En tout d\u00e9but d&rsquo;ann\u00e9e \u00e0 l&rsquo;Open d&rsquo;Australie, le Francilien de 21 ans avait d\u00e9j\u00e0 d\u00fb jeter l&rsquo;\u00e9ponge \u00e0 cause d&rsquo;une douleur au pied gauche, au beau milieu d&rsquo;un duel serr\u00e9 au troisi\u00e8me tour contre son compatriote Ugo Humbert.<\/p>\n<p class=\"mb-4 text-lg md:leading-8 break-words\">Petite source de r\u00e9confort dans ses d\u00e9boires physiques chroniques en Grand Chelem cette saison, Arthur Fils n&rsquo;avait que peu de points \u00e0 d\u00e9fendre \u00e0 l&rsquo;US Open.<\/p>\n<p class=\"mb-4 text-lg md:leading-8 break-words\">En 2024, il avait en effet \u00e9t\u00e9 battu d\u00e8s le deuxi\u00e8me tour \u00e0 New York, comme en 2023.<\/p>\n<p class=\"mb-4 text-lg md:leading-8 break-words\">\u00ab\u00a0Je travaille dur chaque jour avec mon \u00e9quipe\u00a0\u00bb, a assur\u00e9 Fils mardi, \u00ab\u00a0pour revenir en pleine forme et \u00eatre pr\u00eat pour cette fin de saison\u00a0\u00bb, o\u00f9 il devra notamment d\u00e9fendre fin septembre les points de son titre conquis en 2024 \u00e0 l&rsquo;ATP 500 de Tokyo.<\/p>\n<p class=\"mb-4 text-lg md:leading-8 break-words\">A plus courte \u00e9ch\u00e9ance se profile le deuxi\u00e8me tour des qualifications de la Coupe Davis.<\/p>\n<p class=\"mb-4 text-lg md:leading-8 break-words\">Les 12 et 13 septembre, la France se d\u00e9placera en Croatie pour tenter d&rsquo;arracher son billet pour le \u00ab\u00a0Final 8\u00a0\u00bb de la comp\u00e9tition par \u00e9quipes nationales, pr\u00e9vu en novembre \u00e0 Bologne. <\/p>\n<p class=\"mb-4 text-lg md:leading-8 break-words\">Si Arthur Fils ne figure pas dans la premi\u00e8re \u00e9bauche de s\u00e9lection d\u00e9voil\u00e9e mi-ao\u00fbt, le capitaine Paul-Henri Mathieu a le droit d&rsquo;ajouter un cinqui\u00e8me joueur \u00e0 l&rsquo;effectif tricolore dans les prochaines semaines, ce qui laisse la porte ouverte \u00e0 un \u00e9ventuel retour de Fils en Coupe Davis.<\/p>\n<p class=\"mb-4 text-lg md:leading-8 break-words\">Apr\u00e8s son forfait \u00e0 Roland-Garros, Fils avait expliqu\u00e9 tra\u00eener une fragilit\u00e9 au dos depuis sa jeunesse.<\/p>\n<p class=\"mb-4 text-lg md:leading-8 break-words\">Le Fran\u00e7ais esp\u00e9rait \u00e0 l&rsquo;\u00e9poque \u00eatre absent \u00ab\u00a0quatre \u00e0 six semaines\u00a0\u00bb.<\/p>\n<p class=\"mb-4 text-lg md:leading-8 break-words\">&#8211; Atmane forfait, Humbert inqui\u00e8te &#8211;<\/p>\n<p class=\"mb-4 text-lg md:leading-8 break-words\">\u00ab\u00a0J&rsquo;ai encore beaucoup d&rsquo;entra\u00eenement \u00e0 faire pour mieux g\u00e9rer plein de choses, les matches dans la dur\u00e9e, les tournois (&#8230;) de plus en plus longs, les matchs (&#8230;) de plus en plus intensifs\u00a0\u00bb, avait-il \u00e9num\u00e9r\u00e9 \u00e0 Paris.<\/p>\n<p class=\"mb-4 text-lg md:leading-8 break-words\">Le forfait du chef de file du tennis tricolore s&rsquo;ajoute \u00e0 celui de son compatriote Terence Atmane.<\/p>\n<p class=\"mb-4 text-lg md:leading-8 break-words\">Apr\u00e8s son \u00e9pop\u00e9e surprise jusqu&rsquo;aux demi-finales du Masters 1000 de Cincinnati, qui lui a ouvert les portes du top 100, le nouveau 69e mondial devait disputer les qualifications de l&rsquo;US Open qui ont d\u00e9but\u00e9 lundi.<\/p>\n<p class=\"mb-4 text-lg md:leading-8 break-words\">Mais son nom a disparu du tableau des qualifications au profit de l&rsquo;Argentin Andrea Collarini, sans que les organisateurs ne fournissent d&rsquo;explication imm\u00e9diate \u00e0 son forfait.<\/p>\n<p class=\"mb-4 text-lg md:leading-8 break-words\">Le joueur a pr\u00e9cis\u00e9 mardi sur son compte Instagram qu&rsquo;il souffrait d&rsquo;une l\u00e9sion musculaire \u00e0 un orteil.<\/p>\n<p class=\"mb-4 text-lg md:leading-8 break-words\">En l&rsquo;absence de Fils et Atmane, le joueur fran\u00e7ais le mieux class\u00e9 \u00e0 New York sera Ugo Humbert (23e).<\/p>\n<p class=\"mb-4 text-lg md:leading-8 break-words\">Mais le Messin de 27 ans est aussi plomb\u00e9 par les blessures cette saison.<\/p>\n<p class=\"mb-4 text-lg md:leading-8 break-words\">Bless\u00e9 \u00e0 la main droite au printemps et contraint de jouer plusieurs tournois sur terre battue avec une attelle, le gaucher s&rsquo;est fait mal au dos en pr\u00e9parant la tourn\u00e9e am\u00e9ricaine sur dur.<\/p>\n<p class=\"mb-4 text-lg md:leading-8 break-words\">Battu au premier tour de Wimbledon d\u00e9but juillet, Humbert a \u00e9t\u00e9 \u00e9limin\u00e9 au troisi\u00e8me tour du Masters 1000 de Cincinnati d\u00e9but ao\u00fbt.<\/p>\n<p class=\"mb-4 text-lg md:leading-8 break-words\">A l&rsquo;US Open, il n&rsquo;a encore jamais franchi le deuxi\u00e8me tour en sept participations au tableau final.<\/p>\n<p class=\"mb-4 text-lg md:leading-8 break-words\">dga\/dar<\/p>\n","protected":false},"excerpt":{"rendered":"S\u00e9rie noire pour les Bleus du tennis: le N.1 fran\u00e7ais Arthur Fils, bless\u00e9, a annonc\u00e9 mardi son forfait&hellip;\n","protected":false},"author":2,"featured_media":330794,"comment_status":"","ping_status":"","sticky":false,"template":"","format":"standard","meta":{"footnotes":""},"categories":[1415],"tags":[3768,46845,29616,1011,27,60,1467,46844,26946],"class_list":{"0":"post-330793","1":"post","2":"type-post","3":"status-publish","4":"format-standard","5":"has-post-thumbnail","7":"category-tennis","8":"tag-arthur-fils","9":"tag-atmane","10":"tag-deuxieme-tour","11":"tag-fr","12":"tag-france","13":"tag-sports","14":"tag-tennis","15":"tag-terence-atmane","16":"tag-tournoi-de-roland-garros"},"share_on_mastodon":{"url":"https:\/\/pubeurope.com\/@fr\/115059201326049353","error":""},"_links":{"self":[{"href":"https:\/\/www.europesays.com\/fr\/wp-json\/wp\/v2\/posts\/330793","targetHints":{"allow":["GET"]}}],"collection":[{"href":"https:\/\/www.europesays.com\/fr\/wp-json\/wp\/v2\/posts"}],"about":[{"href":"https:\/\/www.europesays.com\/fr\/wp-json\/wp\/v2\/types\/post"}],"author":[{"embeddable":true,"href":"https:\/\/www.europesays.com\/fr\/wp-json\/wp\/v2\/users\/2"}],"replies":[{"embeddable":true,"href":"https:\/\/www.europesays.com\/fr\/wp-json\/wp\/v2\/comments?post=330793"}],"version-history":[{"count":0,"href":"https:\/\/www.europesays.com\/fr\/wp-json\/wp\/v2\/posts\/330793\/revisions"}],"wp:featuredmedia":[{"embeddable":true,"href":"https:\/\/www.europesays.com\/fr\/wp-json\/wp\/v2\/media\/330794"}],"wp:attachment":[{"href":"https:\/\/www.europesays.com\/fr\/wp-json\/wp\/v2\/media?parent=330793"}],"wp:term":[{"taxonomy":"category","embeddable":true,"href":"https:\/\/www.europesays.com\/fr\/wp-json\/wp\/v2\/categories?post=330793"},{"taxonomy":"post_tag","embeddable":true,"href":"https:\/\/www.europesays.com\/fr\/wp-json\/wp\/v2\/tags?post=330793"}],"curies":[{"name":"wp","href":"https:\/\/api.w.org\/{rel}","templated":true}]}}