{"id":330797,"date":"2025-08-20T04:29:10","date_gmt":"2025-08-20T04:29:10","guid":{"rendered":"https:\/\/www.europesays.com\/fr\/330797\/"},"modified":"2025-08-20T04:29:10","modified_gmt":"2025-08-20T04:29:10","slug":"f1-toyota-avec-un-moteur-maison-et-proche-de-racheter-une-equipe-haas-en-loccurrence","status":"publish","type":"post","link":"https:\/\/www.europesays.com\/fr\/330797\/","title":{"rendered":"F1 Toyota avec un moteur maison et proche de racheter une \u00e9quipe, Haas en l&rsquo;occurrence ?"},"content":{"rendered":"<p>C\u2019est une question qui se pose de plus en plus, concernant Haas F1. Pour l\u2019heure, malgr\u00e9 une certaine r\u00e9ussite et notamment une pole position (Kevin Magnussen), le Team am\u00e9ricain n\u2019a toujours pas r\u00e9colt\u00e9 le moindre podium. Ce qui, en dix ans, peut \u00eatre consid\u00e9r\u00e9 comme un \u00e9chec. Si bien que les rumeurs de revente par le propri\u00e9taire, Gene Haas, sont in\u00e9vitables.<\/p>\n<p>Haas F1 : Komatsu est-il charg\u00e9 de pr\u00e9parer la transition avec Toyota ?<\/p>\n<p>Aussi, sous l\u2019\u00e8re Komatsu, la formation en question s\u2019est rapproch\u00e9e consid\u00e9rablement du Japon. Tout d\u2019abord, il y a eu le partenariat avec Toyota, qui ne fournit pas de moteur, le bloc <a href=\"https:\/\/lemagsportauto.ouest-france.fr\/tag\/ferrari\/\" target=\"_blank\" rel=\"noopener\">Ferrari<\/a> \u00e9tant toujours utilis\u00e9. Puis, toujours sous l\u2019impulsion du patron nippon, plusieurs pilotes issus du Pays au Soleil Levant ont eu l\u2019occasion de tester la monoplace. Un d\u00e9fil\u00e9 assez surprenant qui laisse penser que l\u2019on pr\u00e9pare le terrain \u00e0 autre chose\u2026<\/p>\n<p>R\u00e9cemment, c\u2019est Ryo Hirakawa qui a pris les commandes de la Haas, sur le circuit de Fuji. Autre r\u00e9f\u00e9rence embl\u00e9matique au Japon, trac\u00e9 f\u00e9tiche de la marque Toyota. Alors, oui, nous ne serions pas surpris que cette marque annonce, tr\u00e8s prochainement, une v\u00e9ritable fourniture moteur o\u00f9 carr\u00e9ment, le rachat de l\u2019\u00e9quipe. En attendant, voici le tour de circuit en question, en cam\u00e9ra embarqu\u00e9e.<\/p>\n<\/p>\n<p>Article publi\u00e9 le 20\/08\/2025 \u00e0 5h36<\/p>\n","protected":false},"excerpt":{"rendered":"C\u2019est une question qui se pose de plus en plus, concernant Haas F1. Pour l\u2019heure, malgr\u00e9 une certaine&hellip;\n","protected":false},"author":2,"featured_media":330798,"comment_status":"","ping_status":"","sticky":false,"template":"","format":"standard","meta":{"footnotes":""},"categories":[1412],"tags":[1451,1452,1453,1454,1455,1011,27,4443,60,20239],"class_list":{"0":"post-330797","1":"post","2":"type-post","3":"status-publish","4":"format-standard","5":"has-post-thumbnail","7":"category-f1","8":"tag-f1","9":"tag-formula-1","10":"tag-formula1","11":"tag-formule-1","12":"tag-formule1","13":"tag-fr","14":"tag-france","15":"tag-haas","16":"tag-sports","17":"tag-toyota"},"share_on_mastodon":{"url":"https:\/\/pubeurope.com\/@fr\/115059213202659033","error":""},"_links":{"self":[{"href":"https:\/\/www.europesays.com\/fr\/wp-json\/wp\/v2\/posts\/330797","targetHints":{"allow":["GET"]}}],"collection":[{"href":"https:\/\/www.europesays.com\/fr\/wp-json\/wp\/v2\/posts"}],"about":[{"href":"https:\/\/www.europesays.com\/fr\/wp-json\/wp\/v2\/types\/post"}],"author":[{"embeddable":true,"href":"https:\/\/www.europesays.com\/fr\/wp-json\/wp\/v2\/users\/2"}],"replies":[{"embeddable":true,"href":"https:\/\/www.europesays.com\/fr\/wp-json\/wp\/v2\/comments?post=330797"}],"version-history":[{"count":0,"href":"https:\/\/www.europesays.com\/fr\/wp-json\/wp\/v2\/posts\/330797\/revisions"}],"wp:featuredmedia":[{"embeddable":true,"href":"https:\/\/www.europesays.com\/fr\/wp-json\/wp\/v2\/media\/330798"}],"wp:attachment":[{"href":"https:\/\/www.europesays.com\/fr\/wp-json\/wp\/v2\/media?parent=330797"}],"wp:term":[{"taxonomy":"category","embeddable":true,"href":"https:\/\/www.europesays.com\/fr\/wp-json\/wp\/v2\/categories?post=330797"},{"taxonomy":"post_tag","embeddable":true,"href":"https:\/\/www.europesays.com\/fr\/wp-json\/wp\/v2\/tags?post=330797"}],"curies":[{"name":"wp","href":"https:\/\/api.w.org\/{rel}","templated":true}]}}