{"id":330799,"date":"2025-08-20T04:30:16","date_gmt":"2025-08-20T04:30:16","guid":{"rendered":"https:\/\/www.europesays.com\/fr\/330799\/"},"modified":"2025-08-20T04:30:16","modified_gmt":"2025-08-20T04:30:16","slug":"la-liste-des-coureurs-engages-sur-la-vuelta-2025-lequipe","status":"publish","type":"post","link":"https:\/\/www.europesays.com\/fr\/330799\/","title":{"rendered":"La liste des coureurs engag\u00e9s sur la Vuelta 2025 &#8211; L&#039;\u00c9quipe"},"content":{"rendered":"<ol>\n<li><a href=\"https:\/\/news.google.com\/rss\/articles\/CBMirgFBVV95cUxNenZZb3ZHTm93WXl0RUJ1T041dFJUeGEzTzlfQnV4TTBnTjk1V0lTSV9BOFVGbWJ5S0JSRHY5YVh5VTBDVzl6VE5wOWtQQ0U4cE9zQk44dFpYdGtCZmd0VndUYjBVd2M4X2xRZkxFUWRMb2VIZ2N5NDZDZlMwSVk4VEdBUWdWZ2tRbGNyeDNWSGNVZzlYemVEdEJZUTEzeWhFeHpYVG1SeXNPR2dHUUE?oc=5\" target=\"_blank\" rel=\"nofollow noopener\">La liste des coureurs engag\u00e9s sur la Vuelta 2025<\/a>&nbsp;&nbsp;L&rsquo;\u00c9quipe<\/li>\n<li><a href=\"https:\/\/news.google.com\/rss\/articles\/CBMikgJBVV95cUxONW1TS3VTcGdwTWFhTTV5WkxxbFprV0NTVGI1RGJ3enBXWnhoc3BzdldzcHVDM1RGVGNhNWhRRWg4dVVCcHZ2QVQzbFoyMGhoMFUyVWJkTVVWNFlOTkZLTGdQZU1ldG42UWFPbmhadk5fbWprMGNsd0xJSVp2WEtZQldCbl90Tk5ndVA0dGR6SXJpX0RXcHlvTjVLcmNwUHBIeEZUNXp0YWVyQ250dHNOdkp3dE8zQy1wc2ZITzhxVG9FaE9LcktSVUlrTjVkaXJsUktkYmRWRHZ0MEZUZUg5NWNqaUttblpsOVdGcDJmdk4tWnQ5OXI1VnNIbFdNbVJ1OGY0aFJJbkotRnJuMlhwcnZB?oc=5\" target=\"_blank\" rel=\"nofollow noopener\">Cyclisme : la Vuelta menac\u00e9e ? Les incendies qui frappent l\u2019Espagne pourraient pousser les organisateurs \u00e0 modifier le parcours par s\u00e9curit\u00e9<\/a>&nbsp;&nbsp;ladepeche.fr<\/li>\n<li><a href=\"https:\/\/news.google.com\/rss\/articles\/CBMinAFBVV95cUxQQXE3MkNtQlhlcnBIYWNXV1pfQ0VjVUpwNnNWQUZBSURTRlB1cmYyTENMLWFxQXk0ZUdKYVh3RGhrZE5fNXBlbHo0ZW5sM3FwWGRINzVJc0hBT2ZwRkVjUzU0TjdyQi1yUDBVcy1LNEFoVHJ6ZEp5T2puU0JLbWlpelBCYlA1Vno4R3cxRGhQcnE1NkJuMFpUQURhR0I?oc=5\" target=\"_blank\" rel=\"nofollow noopener\">Circulation. Le Tour d\u2019Espagne va bloquer une route en Savoie<\/a>&nbsp;&nbsp;Le Dauphin\u00e9 Lib\u00e9r\u00e9<\/li>\n<li><a href=\"https:\/\/news.google.com\/rss\/articles\/CBMikgJBVV95cUxNQ0ExLXZtZmF1U25YZlctWEU0RzhpWVhuWWtUbUp0TU05VU1uS25rbFprRTF1M3pabFBGSHJNeXBuTGlFWlpfX1VLV1RfYWRUU0dSYkxXUC0teWtXeWNtQkpCU0gtVkVJQU01TjR6Q2VYMEJjNVlXZXNXaXpUdG1fSlJzVnNTTGNtS0Y0ODhnam9IaG1FS1JGVUZLaXpibks0QWthY1RlaTlJT19CNWw1dG56amNmU0NDemZSV2Y0Sl9xNklkZzlXeUw5SkVPdkptTm1hb2VpUk0xdkdlczIzUzBQX2RLaXJWazZFOGRkVk9JM3hGcTYtVk5acThNcTg3am9KUndSTDlOTC1MT3ZfSm1R?oc=5\" target=\"_blank\" rel=\"nofollow noopener\">Vuelta 2025. EF Education-EasyPost d\u00e9voile son \u00e9quipe avec Esteban Chaves et Markel Beloki<\/a>&nbsp;&nbsp;Ouest-France<\/li>\n<li><a href=\"https:\/\/news.google.com\/rss\/articles\/CBMi0wFBVV95cUxNTmw5RTVCU1NSUDcyb0JFWUxZYWdTZkNGMUtnR2pjdUN1WmpmM3ljeF9oYzRjLU1HZXpDekxKQlppYTBLMDNWdEJGRDZIZ0RQcEJraUNXNWdaNW5zdUc5ZnZyaXMzVXdNN1dFNi1IYmN0UUxRVG9iZGpLc2wtT2ZVa3NacVVtczlKLVlZU19ZaTJIU3pVSHJUUnhxTzN5OGFwdjRJOHhqZld4TXJ4VE9NRVl5aWMwUHNzSWY1OXJWeG1hQWNxbDN3eDdxT0xaY0F1R2tj0gHSAUFVX3lxTE41UkthTEdHV0dfdG81Rzl2R3FMZFRrWXYzTVFNSUk1WG1wVDFFblItWEZ4UGVIQzlIaW04S0VHZ0hVNDZDb25XbTFqX0d5aEgxSGc1MXRXbExBd0pNaHEtUDIyOWcxWkw2ZmlqNG80aldEbTZ5bW11TWFYNzctWmQyWUhPa0toXzFtTVUySUpIVE1vUWxLcFVzMk5Uc2R6WVdOMGZhUFdBSTVxYXd5VVNfYmpJRTFEeEZKbEwxSXFIWlcwYVcwRmRoamcxVDZqQzcyUQ?oc=5\" target=\"_blank\" rel=\"nofollow noopener\">Vuelta : Cofidis avec Coquard et Herrada pour viser les \u00e9tapes<\/a>&nbsp;&nbsp;Orange Actualit\u00e9s | Sports<\/li>\n<\/ol>\n","protected":false},"excerpt":{"rendered":"La liste des coureurs engag\u00e9s sur la Vuelta 2025&nbsp;&nbsp;L&rsquo;\u00c9quipe Cyclisme : la Vuelta menac\u00e9e ? Les incendies qui&hellip;\n","protected":false},"author":2,"featured_media":330800,"comment_status":"","ping_status":"","sticky":false,"template":"","format":"standard","meta":{"footnotes":""},"categories":[1411],"tags":[1154,207,1011,27,60],"class_list":{"0":"post-330799","1":"post","2":"type-post","3":"status-publish","4":"format-standard","5":"has-post-thumbnail","7":"category-cyclisme","8":"tag-cycling","9":"tag-cyclisme","10":"tag-fr","11":"tag-france","12":"tag-sports"},"share_on_mastodon":{"url":"https:\/\/pubeurope.com\/@fr\/115059217097276984","error":""},"_links":{"self":[{"href":"https:\/\/www.europesays.com\/fr\/wp-json\/wp\/v2\/posts\/330799","targetHints":{"allow":["GET"]}}],"collection":[{"href":"https:\/\/www.europesays.com\/fr\/wp-json\/wp\/v2\/posts"}],"about":[{"href":"https:\/\/www.europesays.com\/fr\/wp-json\/wp\/v2\/types\/post"}],"author":[{"embeddable":true,"href":"https:\/\/www.europesays.com\/fr\/wp-json\/wp\/v2\/users\/2"}],"replies":[{"embeddable":true,"href":"https:\/\/www.europesays.com\/fr\/wp-json\/wp\/v2\/comments?post=330799"}],"version-history":[{"count":0,"href":"https:\/\/www.europesays.com\/fr\/wp-json\/wp\/v2\/posts\/330799\/revisions"}],"wp:featuredmedia":[{"embeddable":true,"href":"https:\/\/www.europesays.com\/fr\/wp-json\/wp\/v2\/media\/330800"}],"wp:attachment":[{"href":"https:\/\/www.europesays.com\/fr\/wp-json\/wp\/v2\/media?parent=330799"}],"wp:term":[{"taxonomy":"category","embeddable":true,"href":"https:\/\/www.europesays.com\/fr\/wp-json\/wp\/v2\/categories?post=330799"},{"taxonomy":"post_tag","embeddable":true,"href":"https:\/\/www.europesays.com\/fr\/wp-json\/wp\/v2\/tags?post=330799"}],"curies":[{"name":"wp","href":"https:\/\/api.w.org\/{rel}","templated":true}]}}