{"id":330805,"date":"2025-08-20T04:33:40","date_gmt":"2025-08-20T04:33:40","guid":{"rendered":"https:\/\/www.europesays.com\/fr\/330805\/"},"modified":"2025-08-20T04:33:40","modified_gmt":"2025-08-20T04:33:40","slug":"est-ce-quon-a-fini-par-avaler-ce-quon-veut-nous-faire-croire-quil-y-aurait-une-culture-populaire-et-une-autre-qui-ne-serait-pas-pour-nous-tous","status":"publish","type":"post","link":"https:\/\/www.europesays.com\/fr\/330805\/","title":{"rendered":"\u00ab\u00a0Est-ce qu\u2019on a fini par avaler ce qu\u2019on veut nous faire croire, qu\u2019il y aurait une culture populaire et une autre qui ne serait pas pour nous tous\u00a0?\u00a0\u00bb"},"content":{"rendered":"\n<p class=\"article__paragraph  \">Cet \u00e9t\u00e9, \u00e0 la Fondation Marguerite et Aim\u00e9 Maeght\u00a0[qui regroupe des milliers d\u2019\u0153uvres d\u2019art moderne et contemporain, \u00e0 Saint-Paul-de-Vence, dans les Alpes-Maritimes], en parcourant l\u2019exposition \u00ab\u00a0Art &amp;\u00a0Life\u00a0\u00bb de <a href=\"https:\/\/www.lemonde.fr\/archives\/article\/1975\/05\/22\/mort-du-sculpteur-britannique-barbara-hepworth_2589060_1819218.html\" rel=\"nofollow noopener\" target=\"_blank\">la sculptrice britannique Barbara Hepworth<\/a> (1903-1975), je d\u00e9couvre une femme engag\u00e9e qui, comme d\u2019autres artistes du collectif Abstraction-Cr\u00e9ation, estimait que la cr\u00e9ation et l\u2019abstraction en particulier pouvaient participer \u00e0 la transformation sociale et \u00e0 la lutte contre le fascisme. Elle \u00e9crit en\u00a01937\u00a0: \u00ab\u00a0Le langage de la couleur et de la forme est universel et non r\u00e9serv\u00e9 \u00e0 une classe particuli\u00e8re\u2026 C\u2019est une pens\u00e9e qui donne la m\u00eame vie, la m\u00eame expansion, la m\u00eame libert\u00e9 individuelle \u00e0 chacun.\u00a0\u00bb<\/p>\n<p class=\"article__paragraph  \">Je me surprends \u00e0 me dire\u00a0: \u00ab\u00a0Voil\u00e0 bien une pens\u00e9e r\u00e9volue, une pens\u00e9e du XXe\u00a0si\u00e8cle\u00a0\u00bb, et je suis sid\u00e9r\u00e9e par ces mots \u00e9nonc\u00e9s dans le secret de mon c\u0153ur, bien plus sid\u00e9r\u00e9e que si je les avais prof\u00e9r\u00e9s devant une assembl\u00e9e. Alors je les prof\u00e8re, je les porte silencieusement en avant, je les \u00e9cris dans cette tribune parce qu\u2019ils me font honte et parce que j\u2019ose croire qu\u2019ils ne sont pas miens.<\/p>\n<p>                                   Lire aussi |  Article r\u00e9serv\u00e9 \u00e0 nos abonn\u00e9s  <a href=\"https:\/\/www.lemonde.fr\/m-styles\/article\/2024\/07\/06\/la-fondation-maeght-se-refait-une-modernite_6247286_4497319.html\" class=\"js-article-read-also catcher--favoris__link\" data-premium=\"1\" id=\"article-title-3380118\" rel=\"nofollow noopener\" target=\"_blank\">La Fondation Maeght se refait une modernit\u00e9<\/a>    <\/p>\n<p>   Lire plus tard  <\/p>\n<p class=\"article__paragraph  \">D\u2019ailleurs, tout en moi s\u2019insurge contre eux, tout ce en quoi je crois toujours, tout mon parcours. Dans les ann\u00e9es 1970, lorsque j\u2019\u00e9tais adolescente et m\u2019ennuyais au lyc\u00e9e de Cannes, o\u00f9 j\u2019habitais alors, je suis venue seule en stop \u00e0 la Fondation Maeght. J\u2019ignore ce qui a pu me donner un tel d\u00e9sir. Rien ne me pr\u00e9disposait \u00e0 \u00e9prouver un quelconque int\u00e9r\u00eat pour la peinture, que je ne connaissais que dans les livres. Et c\u2019\u00e9tait d\u00e9j\u00e0 beaucoup.<\/p>\n<p class=\"article__paragraph  \">Gr\u00e2ces soient rendues au professeur d\u2019histoire-g\u00e9o qui, avant les grandes vacances, \u00e0 la fin du coll\u00e8ge, me fit cadeau sans un mot d\u2019explication de quatre volumes d\u2019une Histoire g\u00e9n\u00e9rale de la peinture, dont Les Grands Ma\u00eetres de la peinture moderne, que je d\u00e9couvrirais, en vrai, \u00e0 la Fondation Maeght, au sein d\u2019une architecture exaltante. Braque, Sta\u00ebl, Tapies ou Giacometti, j\u2019ai \u00e9t\u00e9 \u00e9blouie.<\/p>\n<p class=\"reading-mode-only \"><strong>Il vous reste 68.45% de cet article \u00e0 lire. La suite est r\u00e9serv\u00e9e aux abonn\u00e9s.<\/strong><\/p>\n","protected":false},"excerpt":{"rendered":"Cet \u00e9t\u00e9, \u00e0 la Fondation Marguerite et Aim\u00e9 Maeght\u00a0[qui regroupe des milliers d\u2019\u0153uvres d\u2019art moderne et contemporain, \u00e0&hellip;\n","protected":false},"author":2,"featured_media":330806,"comment_status":"","ping_status":"","sticky":false,"template":"","format":"standard","meta":{"footnotes":""},"categories":[1358],"tags":[1348,1384,1385,1386,58,59,1011,27],"class_list":{"0":"post-330805","1":"post","2":"type-post","3":"status-publish","4":"format-standard","5":"has-post-thumbnail","7":"category-arts-et-design","8":"tag-arts","9":"tag-arts-and-design","10":"tag-arts-et-design","11":"tag-design","12":"tag-divertissement","13":"tag-entertainment","14":"tag-fr","15":"tag-france"},"share_on_mastodon":{"url":"https:\/\/pubeurope.com\/@fr\/115059228884951357","error":""},"_links":{"self":[{"href":"https:\/\/www.europesays.com\/fr\/wp-json\/wp\/v2\/posts\/330805","targetHints":{"allow":["GET"]}}],"collection":[{"href":"https:\/\/www.europesays.com\/fr\/wp-json\/wp\/v2\/posts"}],"about":[{"href":"https:\/\/www.europesays.com\/fr\/wp-json\/wp\/v2\/types\/post"}],"author":[{"embeddable":true,"href":"https:\/\/www.europesays.com\/fr\/wp-json\/wp\/v2\/users\/2"}],"replies":[{"embeddable":true,"href":"https:\/\/www.europesays.com\/fr\/wp-json\/wp\/v2\/comments?post=330805"}],"version-history":[{"count":0,"href":"https:\/\/www.europesays.com\/fr\/wp-json\/wp\/v2\/posts\/330805\/revisions"}],"wp:featuredmedia":[{"embeddable":true,"href":"https:\/\/www.europesays.com\/fr\/wp-json\/wp\/v2\/media\/330806"}],"wp:attachment":[{"href":"https:\/\/www.europesays.com\/fr\/wp-json\/wp\/v2\/media?parent=330805"}],"wp:term":[{"taxonomy":"category","embeddable":true,"href":"https:\/\/www.europesays.com\/fr\/wp-json\/wp\/v2\/categories?post=330805"},{"taxonomy":"post_tag","embeddable":true,"href":"https:\/\/www.europesays.com\/fr\/wp-json\/wp\/v2\/tags?post=330805"}],"curies":[{"name":"wp","href":"https:\/\/api.w.org\/{rel}","templated":true}]}}