{"id":330807,"date":"2025-08-20T04:34:14","date_gmt":"2025-08-20T04:34:14","guid":{"rendered":"https:\/\/www.europesays.com\/fr\/330807\/"},"modified":"2025-08-20T04:34:14","modified_gmt":"2025-08-20T04:34:14","slug":"mazamet-claire-scure-livre-son-histoire-devant-des-lecteurs","status":"publish","type":"post","link":"https:\/\/www.europesays.com\/fr\/330807\/","title":{"rendered":"Mazamet. Claire Scure livre son histoire devant des lecteurs"},"content":{"rendered":"<p>Deux lectures publiques de l\u2019ouvrage de Claire Scure \u00ab\u00a0Agripper les nuages\u00a0\u00bb ont eu lieu dans le Tarn, \u00e0 la librairie Coulier \u00e0 Castres puis chez Calligram\u2019\u00e0 Mazamet, qui inaugurait ce mode de pr\u00e9sentation. \u00c9voquons ces exp\u00e9riences.<\/p>\n<p>Les personnes r\u00e9unies autour des trois lectrices (Monique Bernot, Florence Launay, Zina Dilmi) sont d\u2019abord captiv\u00e9es par la force des mots. Elles vivent un t\u00e9moignage authentique. Il s\u2019agit d\u2019un jeune \u00eatre qui se cherche et qui se forme, en surmontant les \u00e9preuves que lui attire sa trop grande na\u00efvet\u00e9.<\/p>\n<p>Les extraits du livre, partag\u00e9s sobrement et sinc\u00e8rement, sont pleins de v\u00e9rit\u00e9. Tellement que l\u2019\u00e9motion est pr\u00e9sente dans la salle. Les phrases, sans affectation ni pose, emportent l\u2019adh\u00e9sion. Comme dans un r\u00e9cital, elles circulent et colorent les images d\u2019un r\u00e9cit sans concession. Du r\u00e9el, du pr\u00e9sent, voil\u00e0 ce que l\u2019on per\u00e7oit.<\/p>\n<p>Il est question du d\u00e9s\u00e9quilibre et de la d\u00e9mesure d\u2019un homme. Et ce qu\u2019ils portent de malentendus, de violences, d\u2019injustices. Puis l\u2019on voit une future m\u00e8re, malgr\u00e9 la souffrance, se tourner vers l\u2019espoir et la vie. Claire Scure d\u00e9crit, en chemin, l\u2019indiff\u00e9rence et la passivit\u00e9 de certaines autorit\u00e9s devant la douleur intime.<\/p>\n<p>Dans l\u2019assistance, la compr\u00e9hension se m\u00eale \u00e0 l\u2019enthousiasme. Les r\u00e9actions sont de sympathie, mais aussi d\u2019admiration.<\/p>\n<p>Et l\u2019on sait gr\u00e9 \u00e0 la narratrice de nous avoir d\u00e9voil\u00e9s, sans fard, de rares et d\u00e9licats moments de vie.<\/p>\n<p>La prochaine lecture aura lieu \u00e0 la librairie Coulier \u00e0 Castres, samedi 11 octobre. \u00c0 suivre, sans aucune r\u00e9serve.<\/p>\n","protected":false},"excerpt":{"rendered":"Deux lectures publiques de l\u2019ouvrage de Claire Scure \u00ab\u00a0Agripper les nuages\u00a0\u00bb ont eu lieu dans le Tarn, \u00e0&hellip;\n","protected":false},"author":2,"featured_media":330808,"comment_status":"","ping_status":"","sticky":false,"template":"","format":"standard","meta":{"footnotes":""},"categories":[1357],"tags":[1379,58,59,1011,27,1380],"class_list":{"0":"post-330807","1":"post","2":"type-post","3":"status-publish","4":"format-standard","5":"has-post-thumbnail","7":"category-livres","8":"tag-books","9":"tag-divertissement","10":"tag-entertainment","11":"tag-fr","12":"tag-france","13":"tag-livres"},"share_on_mastodon":{"url":"https:\/\/pubeurope.com\/@fr\/115059232967046832","error":""},"_links":{"self":[{"href":"https:\/\/www.europesays.com\/fr\/wp-json\/wp\/v2\/posts\/330807","targetHints":{"allow":["GET"]}}],"collection":[{"href":"https:\/\/www.europesays.com\/fr\/wp-json\/wp\/v2\/posts"}],"about":[{"href":"https:\/\/www.europesays.com\/fr\/wp-json\/wp\/v2\/types\/post"}],"author":[{"embeddable":true,"href":"https:\/\/www.europesays.com\/fr\/wp-json\/wp\/v2\/users\/2"}],"replies":[{"embeddable":true,"href":"https:\/\/www.europesays.com\/fr\/wp-json\/wp\/v2\/comments?post=330807"}],"version-history":[{"count":0,"href":"https:\/\/www.europesays.com\/fr\/wp-json\/wp\/v2\/posts\/330807\/revisions"}],"wp:featuredmedia":[{"embeddable":true,"href":"https:\/\/www.europesays.com\/fr\/wp-json\/wp\/v2\/media\/330808"}],"wp:attachment":[{"href":"https:\/\/www.europesays.com\/fr\/wp-json\/wp\/v2\/media?parent=330807"}],"wp:term":[{"taxonomy":"category","embeddable":true,"href":"https:\/\/www.europesays.com\/fr\/wp-json\/wp\/v2\/categories?post=330807"},{"taxonomy":"post_tag","embeddable":true,"href":"https:\/\/www.europesays.com\/fr\/wp-json\/wp\/v2\/tags?post=330807"}],"curies":[{"name":"wp","href":"https:\/\/api.w.org\/{rel}","templated":true}]}}