{"id":330811,"date":"2025-08-20T04:37:10","date_gmt":"2025-08-20T04:37:10","guid":{"rendered":"https:\/\/www.europesays.com\/fr\/330811\/"},"modified":"2025-08-20T04:37:10","modified_gmt":"2025-08-20T04:37:10","slug":"un-rappeur-du-trio-nord-irlandais-kneecap-comparait-a-londres-accuse-de-soutien-au-hezbollah-actualites","status":"publish","type":"post","link":"https:\/\/www.europesays.com\/fr\/330811\/","title":{"rendered":"Un rappeur du trio nord-irlandais Kneecap compara\u00eet \u00e0 Londres, accus\u00e9 de soutien au Hezbollah : Actualit\u00e9s"},"content":{"rendered":"<p class=\"lead \">Le rappeur Mo Chara du trio nord-irlandais Kneecap, accus\u00e9 d&rsquo;avoir arbor\u00e9 un drapeau du mouvement Hezbollah lors d&rsquo;un concert, compara\u00eet mercredi devant un tribunal londonien pour \u00ab\u00a0infraction terroriste\u00a0\u00bb.<\/p>\n<p class=\"lead \">Liam Og O Hannaidh &#8212; son vrai nom en ga\u00e9lique &#8212; a \u00e9t\u00e9 inculp\u00e9 le 21 mai pour s&rsquo;\u00eatre couvert d&rsquo;un drapeau du mouvement islamiste libanais pro-iranien, class\u00e9 terroriste au Royaume-Uni, pendant un concert du groupe \u00e0 Londres le 21 novembre 2024.<\/p>\n<p class=\"lead \">Il lui est \u00e9galement reproch\u00e9 d&rsquo;avoir cri\u00e9 \u00ab\u00a0Allez le Hamas ! Allez le Hezbollah !\u00a0\u00bb.<\/p>\n<p class=\"lead \">Le rappeur de 27 ans doit compara\u00eetre devant le tribunal de Westminster (Magistrates&rsquo; Court) \u00e0 10H00 heure locale (09H00 GMT). Le groupe a toujours ni\u00e9 tout soutien au Hezbollah, d\u00e9non\u00e7ant une d\u00e9cision \u00ab\u00a0politique\u00a0\u00bb.<\/p>\n<p class=\"lead \">\u00ab\u00a0Demain, Mo Chara sera de retour devant le tribunal judiciaire de Westminster, alors que le gouvernement britannique continue de faire diversion\u00a0\u00bb, a \u00e9crit mardi le groupe originaire de Belfast sur son compte X, en critiquant Isra\u00ebl.<\/p>\n<p class=\"lead \">Il a invit\u00e9 ses supporters \u00e0 venir mercredi devant le tribunal.<\/p>\n<p class=\"lead \">&#8211; Provocateurs &#8211;<\/p>\n<p class=\"lead \">Mi-juin, lors d&rsquo;une premi\u00e8re audience, les avocats du rappeur avaient affirm\u00e9 que son inculpation avait eu lieu hors du d\u00e9lai l\u00e9gal de six mois. L&rsquo;affaire avait alors \u00e9t\u00e9 report\u00e9e \u00e0 la fin ao\u00fbt et ce point doit \u00eatre examin\u00e9 mercredi.<\/p>\n<p class=\"lead \">Provocateurs audacieux pour leurs fans, extr\u00e9mistes dangereux pour leurs d\u00e9tracteurs, les membres du groupe ont attir\u00e9 l&rsquo;attention m\u00e9diatique et politique ces derniers mois au Royaume-Uni. <\/p>\n<p class=\"lead \">En cause: des d\u00e9clarations virulentes contre Isra\u00ebl et la guerre dans la bande de Gaza. Cette guerre a \u00e9t\u00e9 d\u00e9clench\u00e9e apr\u00e8s l&rsquo;attaque sans pr\u00e9c\u00e9dent du Hamas en Isra\u00ebl le 7 octobre 2023.<\/p>\n<p class=\"lead \">Malgr\u00e9 des appels pressants d&rsquo;\u00e9lus conservateurs \u00e0 d\u00e9programmer le groupe du prestigieux festival de Glastonbury fin juin, il a pu s&rsquo;y produire, persistant dans ses critiques contre Isra\u00ebl.<\/p>\n<p class=\"lead \">Kneecap s&rsquo;est toutefois vu interdit d&rsquo;entrer en Hongrie fin juillet, o\u00f9 il devait donner concert.<\/p>\n<p class=\"lead \">Lors de l&rsquo;audience mi-juin, le procureur Michael Bisgrove a assur\u00e9 que \u00ab\u00a0cette affaire ne porte pas sur le soutien de M. O&rsquo;Hanna au peuple palestinien, ni sur ses critiques \u00e0 l&rsquo;\u00e9gard d&rsquo;Isra\u00ebl\u00a0\u00bb.<\/p>\n<p class=\"lead \">Des centaines de fans s&rsquo;\u00e9taient rassembl\u00e9s aux abords du tribunal, en soutien.<\/p>\n<p class=\"lead \">Le trio nord-irlandais a acc\u00e9d\u00e9 \u00e0 la notori\u00e9t\u00e9 en 2024 avec son album \u00ab\u00a0Fine Art\u00a0\u00bb et un docu-fiction survolt\u00e9, \u00ab\u00a0Kneecap\u00a0\u00bb. Prim\u00e9 notamment au festival du film de Sundance, aux Etats-Unis, ce film est sorti en France en juin. Fond\u00e9 en 2017, Kneecap d\u00e9fend la r\u00e9unification de l&rsquo;Irlande et consid\u00e8re sa langue comme un cri \u00ab\u00a0anticolonialiste\u00a0\u00bb face \u00e0 la puissance britannique.<\/p>\n<p class=\"lead \">Le nom du groupe lui-m\u00eame vient de la pratique des groupes paramilitaires qui tiraient sur leurs victimes au niveau des genoux pendant le conflit nord-irlandais.<\/p>\n<p class=\"small font-weight-bold text-gray3 \"> publi\u00e9 le 20 ao\u00fbt \u00e0 04h09, AFP<\/p>\n<p>                             Partager<\/p>\n","protected":false},"excerpt":{"rendered":"Le rappeur Mo Chara du trio nord-irlandais Kneecap, accus\u00e9 d&rsquo;avoir arbor\u00e9 un drapeau du mouvement Hezbollah lors d&rsquo;un&hellip;\n","protected":false},"author":2,"featured_media":330812,"comment_status":"","ping_status":"","sticky":false,"template":"","format":"standard","meta":{"footnotes":""},"categories":[1355],"tags":[1971,58,59,1011,27,6228,516,664,1361,873,7621,4780],"class_list":{"0":"post-330811","1":"post","2":"type-post","3":"status-publish","4":"format-standard","5":"has-post-thumbnail","7":"category-musique","8":"tag-clbrits","9":"tag-divertissement","10":"tag-entertainment","11":"tag-fr","12":"tag-france","13":"tag-gb","14":"tag-irlande","15":"tag-israel","16":"tag-music","17":"tag-musique","18":"tag-palestiniens","19":"tag-procs"},"share_on_mastodon":{"url":"https:\/\/pubeurope.com\/@fr\/115059244657021294","error":""},"_links":{"self":[{"href":"https:\/\/www.europesays.com\/fr\/wp-json\/wp\/v2\/posts\/330811","targetHints":{"allow":["GET"]}}],"collection":[{"href":"https:\/\/www.europesays.com\/fr\/wp-json\/wp\/v2\/posts"}],"about":[{"href":"https:\/\/www.europesays.com\/fr\/wp-json\/wp\/v2\/types\/post"}],"author":[{"embeddable":true,"href":"https:\/\/www.europesays.com\/fr\/wp-json\/wp\/v2\/users\/2"}],"replies":[{"embeddable":true,"href":"https:\/\/www.europesays.com\/fr\/wp-json\/wp\/v2\/comments?post=330811"}],"version-history":[{"count":0,"href":"https:\/\/www.europesays.com\/fr\/wp-json\/wp\/v2\/posts\/330811\/revisions"}],"wp:featuredmedia":[{"embeddable":true,"href":"https:\/\/www.europesays.com\/fr\/wp-json\/wp\/v2\/media\/330812"}],"wp:attachment":[{"href":"https:\/\/www.europesays.com\/fr\/wp-json\/wp\/v2\/media?parent=330811"}],"wp:term":[{"taxonomy":"category","embeddable":true,"href":"https:\/\/www.europesays.com\/fr\/wp-json\/wp\/v2\/categories?post=330811"},{"taxonomy":"post_tag","embeddable":true,"href":"https:\/\/www.europesays.com\/fr\/wp-json\/wp\/v2\/tags?post=330811"}],"curies":[{"name":"wp","href":"https:\/\/api.w.org\/{rel}","templated":true}]}}