{"id":330820,"date":"2025-08-20T04:43:11","date_gmt":"2025-08-20T04:43:11","guid":{"rendered":"https:\/\/www.europesays.com\/fr\/330820\/"},"modified":"2025-08-20T04:43:11","modified_gmt":"2025-08-20T04:43:11","slug":"des-crevettes-de-walmart-visees-par-un-rappel-sanitaire-pour-cause-de-radioactivite","status":"publish","type":"post","link":"https:\/\/www.europesays.com\/fr\/330820\/","title":{"rendered":"Des crevettes de Walmart vis\u00e9es par un rappel sanitaire pour cause de radioactivit\u00e9"},"content":{"rendered":"<p>Les autorit\u00e9s sanitaires am\u00e9ricaines ont annonc\u00e9 mardi le rappel de crevettes import\u00e9es d\u2019<a href=\"https:\/\/www.20minutes.fr\/dossier\/indonesie\" target=\"_blank\" class=\"c-link c-link--is-underlined\" rel=\"noopener\">Indon\u00e9sie<\/a>, apr\u00e8s la d\u00e9tection de traces radioactives dans une cargaison destin\u00e9e au g\u00e9ant de la distribution Walmart. Ce rappel concerne 13 Etats am\u00e9ricains.<\/p>\n<p>Selon la <a href=\"https:\/\/www.fda.gov\/food\/alerts-advisories-safety-information\/fda-advises-public-not-eat-sell-or-serve-certain-imported-frozen-shrimp-indonesian-firm\" rel=\"nofollow noopener\" target=\"_blank\" class=\"c-link c-link--is-underlined\">Food and Drug Administration (FDA)<\/a>, les contr\u00f4les douaniers ont mis en \u00e9vidence la pr\u00e9sence de C\u00e9sium 137 \u00ab\u00a0dans une cargaison de crevettes congel\u00e9es\u00a0\u00bb en provenance de la soci\u00e9t\u00e9 PT. Bahari Makmur Sejati. Cet isotope <a href=\"https:\/\/www.20minutes.fr\/planete\/radioactivite\/\" target=\"_blank\" class=\"c-link c-link--is-underlined\" rel=\"noopener\">radioactif<\/a>, utilis\u00e9 comme indicateur de contamination nucl\u00e9aire, est associ\u00e9 \u00e0 des risques pour la sant\u00e9 lorsqu\u2019il s\u2019accumule dans l\u2019organisme.<\/p>\n<\/p>\n<p>Un niveau jug\u00e9 \u00ab\u00a0minime\u00a0\u00bb<\/p>\n<p>La FDA a toutefois pr\u00e9cis\u00e9 que le niveau d\u00e9tect\u00e9 \u00e9tait \u00ab\u00a0minime\u00a0\u00bb et que \u00ab\u00a0le produit ne pr\u00e9senterait pas de danger grave pour les <a href=\"https:\/\/www.20minutes.fr\/dossier\/consommateurs\" target=\"_blank\" class=\"c-link c-link--is-underlined\" rel=\"noopener\">consommateurs<\/a>\u00a0\u00bb. Les autorit\u00e9s n\u2019ont pas encore confirm\u00e9 si les lots d\u00e9j\u00e0 pr\u00e9sents dans les rayons am\u00e9ricains \u00e9taient eux aussi contamin\u00e9s, mais elles soulignent que ces produits semblent avoir \u00e9t\u00e9 pr\u00e9par\u00e9s ou stock\u00e9s \u00ab\u00a0dans des conditions insalubres\u00a0\u00bb.<\/p>\n<p><a href=\"https:\/\/www.20minutes.fr\/monde\/etats-unis\/\" target=\"_blank\" class=\"c-link c-btn c-btn--primary\" rel=\"noopener\">Tous nos articles sur les Etats-Unis<\/a><\/p>\n<p>L\u2019agence f\u00e9d\u00e9rale rappelle \u00e9galement qu\u2019une exposition r\u00e9p\u00e9t\u00e9e, m\u00eame \u00e0 de faibles doses de C\u00e9sium 137, peut entra\u00eener \u00ab\u00a0un risque accru de cancer\u00a0\u00bb. Par pr\u00e9caution, elle a demand\u00e9 \u00e0 Walmart d\u2019organiser une campagne nationale de rappel et appelle les consommateurs \u00e0 ne pas consommer les crevettes concern\u00e9es.<\/p>\n","protected":false},"excerpt":{"rendered":"Les autorit\u00e9s sanitaires am\u00e9ricaines ont annonc\u00e9 mardi le rappel de crevettes import\u00e9es d\u2019Indon\u00e9sie, apr\u00e8s la d\u00e9tection de traces&hellip;\n","protected":false},"author":2,"featured_media":330821,"comment_status":"","ping_status":"","sticky":false,"template":"","format":"standard","meta":{"footnotes":""},"categories":[6],"tags":[47,35,6409,33,34,73,1011,27,25902,74,46848,25575,71],"class_list":{"0":"post-330820","1":"post","2":"type-post","3":"status-publish","4":"format-standard","5":"has-post-thumbnail","7":"category-economie","8":"tag-actualite","9":"tag-business","10":"tag-consommateurs","11":"tag-economie","12":"tag-economy","13":"tag-etats-unis","14":"tag-fr","15":"tag-france","16":"tag-indonesie","17":"tag-monde","18":"tag-radioactivite","19":"tag-rappel-de-produit","20":"tag-sante"},"share_on_mastodon":{"url":"https:\/\/pubeurope.com\/@fr\/115059268254922623","error":""},"_links":{"self":[{"href":"https:\/\/www.europesays.com\/fr\/wp-json\/wp\/v2\/posts\/330820","targetHints":{"allow":["GET"]}}],"collection":[{"href":"https:\/\/www.europesays.com\/fr\/wp-json\/wp\/v2\/posts"}],"about":[{"href":"https:\/\/www.europesays.com\/fr\/wp-json\/wp\/v2\/types\/post"}],"author":[{"embeddable":true,"href":"https:\/\/www.europesays.com\/fr\/wp-json\/wp\/v2\/users\/2"}],"replies":[{"embeddable":true,"href":"https:\/\/www.europesays.com\/fr\/wp-json\/wp\/v2\/comments?post=330820"}],"version-history":[{"count":0,"href":"https:\/\/www.europesays.com\/fr\/wp-json\/wp\/v2\/posts\/330820\/revisions"}],"wp:featuredmedia":[{"embeddable":true,"href":"https:\/\/www.europesays.com\/fr\/wp-json\/wp\/v2\/media\/330821"}],"wp:attachment":[{"href":"https:\/\/www.europesays.com\/fr\/wp-json\/wp\/v2\/media?parent=330820"}],"wp:term":[{"taxonomy":"category","embeddable":true,"href":"https:\/\/www.europesays.com\/fr\/wp-json\/wp\/v2\/categories?post=330820"},{"taxonomy":"post_tag","embeddable":true,"href":"https:\/\/www.europesays.com\/fr\/wp-json\/wp\/v2\/tags?post=330820"}],"curies":[{"name":"wp","href":"https:\/\/api.w.org\/{rel}","templated":true}]}}