{"id":330826,"date":"2025-08-20T04:47:09","date_gmt":"2025-08-20T04:47:09","guid":{"rendered":"https:\/\/www.europesays.com\/fr\/330826\/"},"modified":"2025-08-20T04:47:09","modified_gmt":"2025-08-20T04:47:09","slug":"le-sentier-des-crassiers-une-nouvelle-randonnee-pour-decouvrir-le-bassin-minier-stephanois","status":"publish","type":"post","link":"https:\/\/www.europesays.com\/fr\/330826\/","title":{"rendered":"Le Sentier des crassiers : une nouvelle randonn\u00e9e pour d\u00e9couvrir le bassin minier st\u00e9phanois\u00a0\u00a0"},"content":{"rendered":"<p>Le Sentier des crassiers a \u00e9t\u00e9 cr\u00e9\u00e9 en juin dernier par Thomas Goumarre et Adriano Duarte, entre Saint-\u00c9tienne et Firminy. Leur objectif : faire red\u00e9couvrir le pass\u00e9 minier local.<\/p>\n<p>C&rsquo;est une boucle de 55 km<b>\u00a0<\/b>qui part de <b>Saint-\u00c9tienne,<\/b>\u00a0en direction de <b>Firminy <\/b>! <\/p>\n<p>Le <a class=\"url\" href=\"https:\/\/sentierdescrassiers.fr\/\" target=\"_blank\" rel=\"nofollow noopener\">Sentier des crassiers<\/a>, lanc\u00e9 en juin dernier, passe devant une trentaine de <b>crassiers, mais aussi des cit\u00e9s et jardins ouvriers, des friches ou encore d&rsquo;anciens chemins de fer<\/b>.\u00a0Au total, une centaine de points d&rsquo;int\u00e9r\u00eat sont recens\u00e9s.<\/p>\n<p>Le projet a \u00e9t\u00e9 lanc\u00e9 en janvier par l&rsquo;\u00e9tudiant en art <b>Thomas Goumarre<\/b> et le paysagiste concepteur<b> Adriano Duarte<\/b>. Dans le cadre d&rsquo;un workshop \u00e0 la Biennale du Design de 2025, ils avaient \u00e9tudi\u00e9 la temp\u00e9rature des crassiers. <\/p>\n<p>Les crassiers, des monuments \u00ab\u00a0non revendiqu\u00e9s\u00a0\u00bb<\/p>\n<p>Un constat ressort : les crassiers ne sont pas assez mis en valeur, comme l&rsquo;explique Thomas Goumarre :<\/p>\n<blockquote><p>\u00ab\u00a0Pour nous, les crassiers, c&rsquo;est comme des contre-monuments qui sont involontaires dans la ville. L&rsquo;id\u00e9e de ce projet, c&rsquo;\u00e9tait de partir de ce constat-l\u00e0. Ce sont des monuments non revendiqu\u00e9s, comment on peut essayer de les consid\u00e9rer comme des monuments en mouvement. Ce sentier \u00e7a ne permet pas de les contr\u00f4ler, mais plut\u00f4t de les faire voir, les rep\u00e9rer dans le paysage.\u00a0\u00bb<\/p><\/blockquote>\n<p>En plus du trac\u00e9, le site internet du Sentier des crassiers propose de la <a class=\"url\" href=\"https:\/\/sentierdescrassiers.fr\/documentations\/\" target=\"_blank\" rel=\"nofollow noopener\">documentation<\/a>\u00a0pour en apprendre plus au niveau <b>scientifique <\/b>et <b>historique<\/b>.<\/p>\n<p>Les crassiers aujourd&rsquo;hui interdits d&rsquo;acc\u00e8s<\/p>\n<p>M\u00eame s&rsquo;il est aujourd&rsquo;hui impossible de se rendre sur l&rsquo;un des crassiers du bassin st\u00e9phanois, Thomas Goumarre esp\u00e8re \u00e0 terme cr\u00e9er <b>des trac\u00e9s passant au c\u0153ur du crassier<\/b> : <\/p>\n<blockquote><p>\u00ab\u00a0La premi\u00e8re \u00e9tape du Sentier des crassiers, c&rsquo;est d\u00e9j\u00e0 de les rendre visibles, de les r\u00e9unir ensemble. Mais la prochaine \u00e9tape va \u00eatre de n\u00e9gocier l&rsquo;acc\u00e8s de ces crassiers et de cr\u00e9er des sentiers pour, par exemple, tourner autour du terril plut\u00f4t que de faire une ligne droite. Et pourquoi ne pas promener son chien sur le crassier Couriot.\u00a0\u00bb<\/p><\/blockquote>\n<p>Un nouveau trac\u00e9 est d\u00e9j\u00e0 en cr\u00e9ation. Il devrait relier les crassiers en direction de <b>La Talaudi\u00e8re et Saint-Jean-Bonnefonds<\/b>.<\/p>\n<p>Si vous souhaitez, vous aussi, partir \u00e0 la d\u00e9couverte des vestiges miniers st\u00e9phanois,<b> le plan du Sentier des crassiers <\/b>est disponible <a class=\"url\" href=\"https:\/\/sentierdescrassiers.fr\/wp-content\/uploads\/2025\/06\/Print_Carte-Sentier-Des-Crassiers.pdf\" target=\"_blank\" rel=\"nofollow noopener\">ici<\/a>.<\/p>\n<p><\/p>\n","protected":false},"excerpt":{"rendered":"Le Sentier des crassiers a \u00e9t\u00e9 cr\u00e9\u00e9 en juin dernier par Thomas Goumarre et Adriano Duarte, entre Saint-\u00c9tienne&hellip;\n","protected":false},"author":2,"featured_media":330827,"comment_status":"","ping_status":"","sticky":false,"template":"","format":"standard","meta":{"footnotes":""},"categories":[9653],"tags":[1111,11,2430,1777,674,10282,1011,27,8404,12,25,4001,43799],"class_list":{"0":"post-330826","1":"post","2":"type-post","3":"status-publish","4":"format-standard","5":"has-post-thumbnail","7":"category-saint-etienne","8":"tag-actu","9":"tag-actualites","10":"tag-auvergne-rhone-alpes","11":"tag-eu","12":"tag-europe","13":"tag-firminy","14":"tag-fr","15":"tag-france","16":"tag-mines","17":"tag-news","18":"tag-republique-francaise","19":"tag-saint-etienne","20":"tag-sentier-des-crassiers"},"share_on_mastodon":{"url":"https:\/\/pubeurope.com\/@fr\/115059283981524497","error":""},"_links":{"self":[{"href":"https:\/\/www.europesays.com\/fr\/wp-json\/wp\/v2\/posts\/330826","targetHints":{"allow":["GET"]}}],"collection":[{"href":"https:\/\/www.europesays.com\/fr\/wp-json\/wp\/v2\/posts"}],"about":[{"href":"https:\/\/www.europesays.com\/fr\/wp-json\/wp\/v2\/types\/post"}],"author":[{"embeddable":true,"href":"https:\/\/www.europesays.com\/fr\/wp-json\/wp\/v2\/users\/2"}],"replies":[{"embeddable":true,"href":"https:\/\/www.europesays.com\/fr\/wp-json\/wp\/v2\/comments?post=330826"}],"version-history":[{"count":0,"href":"https:\/\/www.europesays.com\/fr\/wp-json\/wp\/v2\/posts\/330826\/revisions"}],"wp:featuredmedia":[{"embeddable":true,"href":"https:\/\/www.europesays.com\/fr\/wp-json\/wp\/v2\/media\/330827"}],"wp:attachment":[{"href":"https:\/\/www.europesays.com\/fr\/wp-json\/wp\/v2\/media?parent=330826"}],"wp:term":[{"taxonomy":"category","embeddable":true,"href":"https:\/\/www.europesays.com\/fr\/wp-json\/wp\/v2\/categories?post=330826"},{"taxonomy":"post_tag","embeddable":true,"href":"https:\/\/www.europesays.com\/fr\/wp-json\/wp\/v2\/tags?post=330826"}],"curies":[{"name":"wp","href":"https:\/\/api.w.org\/{rel}","templated":true}]}}