{"id":330834,"date":"2025-08-20T04:51:12","date_gmt":"2025-08-20T04:51:12","guid":{"rendered":"https:\/\/www.europesays.com\/fr\/330834\/"},"modified":"2025-08-20T04:51:12","modified_gmt":"2025-08-20T04:51:12","slug":"ici-la-faune-et-la-flore-sont-tres-interessantes-la-plage-de-la-verne-a-la-seyne-tres-pittoresque","status":"publish","type":"post","link":"https:\/\/www.europesays.com\/fr\/330834\/","title":{"rendered":"\u00ab\u00a0Ici la faune et la flore sont tr\u00e8s int\u00e9ressantes\u00a0\u00bb: la plage de la Verne \u00e0 La Seyne, tr\u00e8s pittoresque"},"content":{"rendered":"<p>Vous r\u00eavez d\u2019une sieste \u00e0 l\u2019ombre des pins, avec le doux son du chant des cigales pour vous bercer? Ne cherchez plus, la plage de La Verne est faite pour vous. \u00c0 peine arriv\u00e9s, vous serez tout de suite happ\u00e9s par son cadre pittoresque avec les cales \u00e0 bateaux &#8211; des pointus comme on dit chez nous -, et par sa tranquillit\u00e9. Encadr\u00e9e par des grands pins, cette plage familiale est id\u00e9ale pour des pique-niques \u00e0 l\u2019ombre, mais aussi pour plonger dans une eau avec une faune et une flore tr\u00e8s riches.<\/p>\n<p>Ne soyez d\u2019ailleurs pas surpris de voir des cormorans p\u00eacher ou prendre le soleil sur les pierres chaudes.<\/p>\n<p>Cette grande anse de rochers abrite une quantit\u00e9 de petites criques, vous ne serez donc pas trop proches de vos voisins pour entendre leur conversation. Vous pourrez donc vous d\u00e9tendre en toute tranquillit\u00e9 et profiter de ce beau soleil du mois d\u2019ao\u00fbt.<\/p>\n<p>Les plus<\/p>\n<p>\u00ab\u00a0C\u2019est tr\u00e8s calme ici, on peut \u00e9taler sa serviette, c\u2019est agr\u00e9able\u00a0\u00bb, expliquent Nicole et Ang\u00e9lique, venues passer des vacances dans la r\u00e9gion. Il est vrai que cette plage n\u2019est pas des plus fr\u00e9quent\u00e9es, ce qui est rare sur la c\u00f4te m\u00e9diterran\u00e9enne, et le calme est appr\u00e9ci\u00e9.<\/p>\n<p>              <img ci-src=\"https:\/\/www.varmatin.com\/vie-locale\/protec\/DATA_ART_16100156-ZkETSNud.jpg?vh=1439c2&amp;ci_seal=52562374ec\" alt=\"\"\/><br \/>\n        Nicole et Ang\u00e9lique sont ici en vacances pour la premi\u00e8re fois.  <strong>Photo bianca turco.<\/strong> <\/p>\n<p>Elles soulignent \u00e9galement qu\u2019il y a des parties ensabl\u00e9es, pour ceux qui n\u2019aiment pas les cailloux.<\/p>\n<p>Marine et Soizic appr\u00e9cient la beaut\u00e9 des fonds marins de cette crique. \u00ab\u00a0Ici la faune et la flore sont tr\u00e8s int\u00e9ressantes, il y a d\u2019ailleurs des panneaux explicatifs en dessous de certaines bou\u00e9es, qui d\u00e9crivent les esp\u00e8ces que l\u2019on peut trouver en M\u00e9diterran\u00e9e. C\u2019est tr\u00e8s p\u00e9dagogique, pour ceux qui aiment les fonds marins, c\u2019est vraiment chouette \u00ab\u00a0, d\u00e9clare Soizic. Sa fille Marine ajoute qu\u2019elle appr\u00e9cie les cailloux, qui permettent d\u2019\u00e9viter les grains de sable \u00e0 la maison. Toutes les deux viennent souvent ici avec les enfants de Marine.<\/p>\n<p>              <img ci-src=\"https:\/\/www.varmatin.com\/vie-locale\/protec\/DATA_ART_16100154-DNehMqiV.jpg?vh=6d5f82&amp;ci_seal=39ffe76c99\" alt=\"\"\/><br \/>\n        Bien \u00e9quip\u00e9s, les enfants adorent jouer dans les rochers et chercher des crabes.  <strong>Photo bianca turco.<\/strong> <\/p>\n<p>                                Les moins<\/p>\n<p>\u00ab\u00a0Il faut faire attention aux petits cailloux quand on entre dans l\u2019eau, on peut se faire mal\u00a0\u00bb, d\u00e9plore Ang\u00e9lique. Il est vrai que pour se baigner ici, il vaut mieux \u00eatre \u00e9quip\u00e9 de chaussures de bain pour \u00e9viter les blessures \u00e0 cause des rochers ou des oursins. Pas de point d\u2019eau sur la crique, donc pensez \u00e0 bien prendre une bouteille avant de partir. La plage n\u2019est pas abrit\u00e9e du vent d\u2019est, il vaut mieux y aller quand la brise vient de l\u2019ouest.<\/p>\n<p>            Infos pratiques<\/p>\n<p>La plage de la Verne est situ\u00e9e chemin du Ravin, 83500 La Seyne-sur-Mer.<br \/>&#13;<br \/>\nBaignade surveill\u00e9e.<br \/>&#13;<br \/>\nParking gratuit \u00e0 proximit\u00e9.<br \/>&#13;<br \/>\nRestaurant de plage (fourchette des prix situ\u00e9e entre 30 et 40 euros par personne).<\/p>\n","protected":false},"excerpt":{"rendered":"Vous r\u00eavez d\u2019une sieste \u00e0 l\u2019ombre des pins, avec le doux son du chant des cigales pour vous&hellip;\n","protected":false},"author":2,"featured_media":330835,"comment_status":"","ping_status":"","sticky":false,"template":"","format":"standard","meta":{"footnotes":""},"categories":[9619],"tags":[1111,11,1777,674,1011,27,12,882,25,2310,3366],"class_list":{"0":"post-330834","1":"post","2":"type-post","3":"status-publish","4":"format-standard","5":"has-post-thumbnail","7":"category-toulon","8":"tag-actu","9":"tag-actualites","10":"tag-eu","11":"tag-europe","12":"tag-fr","13":"tag-france","14":"tag-news","15":"tag-provence-alpes-cote-dazur","16":"tag-republique-francaise","17":"tag-toulon","18":"tag-vie-locale"},"share_on_mastodon":{"url":"https:\/\/pubeurope.com\/@fr\/115059299638874221","error":""},"_links":{"self":[{"href":"https:\/\/www.europesays.com\/fr\/wp-json\/wp\/v2\/posts\/330834","targetHints":{"allow":["GET"]}}],"collection":[{"href":"https:\/\/www.europesays.com\/fr\/wp-json\/wp\/v2\/posts"}],"about":[{"href":"https:\/\/www.europesays.com\/fr\/wp-json\/wp\/v2\/types\/post"}],"author":[{"embeddable":true,"href":"https:\/\/www.europesays.com\/fr\/wp-json\/wp\/v2\/users\/2"}],"replies":[{"embeddable":true,"href":"https:\/\/www.europesays.com\/fr\/wp-json\/wp\/v2\/comments?post=330834"}],"version-history":[{"count":0,"href":"https:\/\/www.europesays.com\/fr\/wp-json\/wp\/v2\/posts\/330834\/revisions"}],"wp:featuredmedia":[{"embeddable":true,"href":"https:\/\/www.europesays.com\/fr\/wp-json\/wp\/v2\/media\/330835"}],"wp:attachment":[{"href":"https:\/\/www.europesays.com\/fr\/wp-json\/wp\/v2\/media?parent=330834"}],"wp:term":[{"taxonomy":"category","embeddable":true,"href":"https:\/\/www.europesays.com\/fr\/wp-json\/wp\/v2\/categories?post=330834"},{"taxonomy":"post_tag","embeddable":true,"href":"https:\/\/www.europesays.com\/fr\/wp-json\/wp\/v2\/tags?post=330834"}],"curies":[{"name":"wp","href":"https:\/\/api.w.org\/{rel}","templated":true}]}}