{"id":330836,"date":"2025-08-20T04:53:11","date_gmt":"2025-08-20T04:53:11","guid":{"rendered":"https:\/\/www.europesays.com\/fr\/330836\/"},"modified":"2025-08-20T04:53:11","modified_gmt":"2025-08-20T04:53:11","slug":"cannabis-tabac-de-contrebande-et-voiture-volee-deux-nimois-de-17-et-19-ans-interpelles-en-pleine-nuit-a-la-paillade-a-montpellier","status":"publish","type":"post","link":"https:\/\/www.europesays.com\/fr\/330836\/","title":{"rendered":"Cannabis, tabac de contrebande et voiture vol\u00e9e\u00a0: deux N\u00eemois de 17 et 19 ans interpell\u00e9s en pleine nuit \u00e0 La Paillade \u00e0 Montpellier"},"content":{"rendered":"<p>\n                                                                Deux N\u00eemois, \u00e2g\u00e9s de 19 et 17 ans, ont \u00e9t\u00e9 interpell\u00e9s et plac\u00e9s en garde \u00e0 vue, ce week-end \u00e0 Montpellier, apr\u00e8s avoir \u00e9t\u00e9 interpell\u00e9s, quartier de La Paillade, dans une voiture vol\u00e9e. Un v\u00e9hicule dans lequel les policiers ont mis la main sur du cannabis, des cigarettes de contrebande et 450\u00a0euros en liquide.\n                            <\/p>\n<p>Un contr\u00f4le de routine effectu\u00e9 par un \u00e9quipage de\u00a0police secours, dans la nuit du samedi au dimanche 17\u00a0ao\u00fbt, vers 1\u00a0h\u00a015 du matin, a permis de mettre la main sur un v\u00e9hicule vol\u00e9, du cannabis et plusieurs cartouches de cigarettes de contrebande.<\/p>\n<p>Les faits se d\u00e9roulent\u00a0rue de Tipasa, dans le quartier de La Paillade \u00e0 Montpellier o\u00f9 les\u00a0policiers remarquent une voiture stationn\u00e9e dans un cul-de-sac, feux allum\u00e9s. \u00c0 l\u2019approche de l\u2019\u00e9quipage, qui sent une forte odeur de cannabis s\u2019\u00e9chapper de l\u2019habitacle, les deux occupants paraissent nerveux. Et pour cause, sous le si\u00e8ge passager, les fonctionnaires d\u00e9couvrent rapidement des produits stup\u00e9fiants. En l\u2019occurrence, 7\u00a0g\u00a0d\u2019herbe et un peu plus de 20\u00a0g\u00a0de r\u00e9sine.<\/p>\n<p>450\u00a0euros d\u2019argent de poche<\/p>\n<p>La v\u00e9rification du v\u00e9hicule r\u00e9v\u00e8le en outre qu\u2019il est signal\u00e9 vol\u00e9 depuis le 10\u00a0juillet \u00e0 Paris. La fouille permet \u00e9galement de retrouver trois cartouches de cigarettes Philip Morris en provenance d\u2019Espagne, quinze sachets translucides contenant chacun vingt cigarettes reconditionn\u00e9es\u00a0ainsi que 450\u00a0euros en liquide au pied du passager. Ce dernier a expliqu\u00e9\u00a0qu\u2019il s\u2019agissait de son \u00ab\u00a0argent de poche\u00a0\u00bb.<\/p>\n<p>Les deux jeunes hommes, originaires de N\u00eemes, affirment \u00eatre simplement venus \u00ab\u00a0faire un tour \u00e0 Montpellier\u00a0\u00bb\u00a0et nient les infractions qui leur sont reproch\u00e9es. En l\u2019esp\u00e8ce, le recel de vol de v\u00e9hicule, le transport illicite de stup\u00e9fiants et la d\u00e9tention frauduleuse de tabac en vue de la revente. Ils expliquent \u00eatre mont\u00e9s\u00a0dans cette\u00a0voiture de location sans pr\u00eater attention \u00e0 ce qu\u2019elle contenait.<\/p>\n<p>Interdiction de para\u00eetre \u00e0 Montpellier<\/p>\n<p>De nationalit\u00e9 espagnole, le conducteur est \u00e2g\u00e9 de 19 ans et domicili\u00e9 \u00e0 N\u00eemes. Son passager est un mineur de 17 ans qui\u00a0vit dans le m\u00eame quartier. \u00c0 l\u2019issue de leur garde \u00e0 vue, le mineur a \u00e9t\u00e9 convoqu\u00e9 devant le tribunal de N\u00eemes le 12\u00a0d\u00e9cembre 2025 dans le cadre d\u2019une COPJ (convocation par officier de police judiciaire).<\/p>\n<p>Le majeur a, lui, \u00e9t\u00e9 d\u00e9f\u00e9r\u00e9 ce lundi 18\u00a0ao\u00fbt devant le parquet de Montpellier. Il fait l\u2019objet d\u2019une comparution sur reconnaissance pr\u00e9alable de culpabilit\u00e9 (CRPC). Ils font tous les deux l\u2019objet d\u2019une interdiction de para\u00eetre \u00e0 Montpellier.<\/p>\n<p>Quant \u00e0 la voiture, elle\u00a0a \u00e9t\u00e9\u00a0restitu\u00e9e \u00e0 son propri\u00e9taire.<\/p>\n","protected":false},"excerpt":{"rendered":"Deux N\u00eemois, \u00e2g\u00e9s de 19 et 17 ans, ont \u00e9t\u00e9 interpell\u00e9s et plac\u00e9s en garde \u00e0 vue, ce&hellip;\n","protected":false},"author":2,"featured_media":330837,"comment_status":"","ping_status":"","sticky":false,"template":"","format":"standard","meta":{"footnotes":""},"categories":[9599],"tags":[1111,11,1777,674,1011,27,2208,12,2680,25],"class_list":{"0":"post-330836","1":"post","2":"type-post","3":"status-publish","4":"format-standard","5":"has-post-thumbnail","7":"category-montpellier","8":"tag-actu","9":"tag-actualites","10":"tag-eu","11":"tag-europe","12":"tag-fr","13":"tag-france","14":"tag-montpellier","15":"tag-news","16":"tag-occitanie","17":"tag-republique-francaise"},"share_on_mastodon":{"url":"https:\/\/pubeurope.com\/@fr\/115059307489426788","error":""},"_links":{"self":[{"href":"https:\/\/www.europesays.com\/fr\/wp-json\/wp\/v2\/posts\/330836","targetHints":{"allow":["GET"]}}],"collection":[{"href":"https:\/\/www.europesays.com\/fr\/wp-json\/wp\/v2\/posts"}],"about":[{"href":"https:\/\/www.europesays.com\/fr\/wp-json\/wp\/v2\/types\/post"}],"author":[{"embeddable":true,"href":"https:\/\/www.europesays.com\/fr\/wp-json\/wp\/v2\/users\/2"}],"replies":[{"embeddable":true,"href":"https:\/\/www.europesays.com\/fr\/wp-json\/wp\/v2\/comments?post=330836"}],"version-history":[{"count":0,"href":"https:\/\/www.europesays.com\/fr\/wp-json\/wp\/v2\/posts\/330836\/revisions"}],"wp:featuredmedia":[{"embeddable":true,"href":"https:\/\/www.europesays.com\/fr\/wp-json\/wp\/v2\/media\/330837"}],"wp:attachment":[{"href":"https:\/\/www.europesays.com\/fr\/wp-json\/wp\/v2\/media?parent=330836"}],"wp:term":[{"taxonomy":"category","embeddable":true,"href":"https:\/\/www.europesays.com\/fr\/wp-json\/wp\/v2\/categories?post=330836"},{"taxonomy":"post_tag","embeddable":true,"href":"https:\/\/www.europesays.com\/fr\/wp-json\/wp\/v2\/tags?post=330836"}],"curies":[{"name":"wp","href":"https:\/\/api.w.org\/{rel}","templated":true}]}}