{"id":330838,"date":"2025-08-20T04:54:12","date_gmt":"2025-08-20T04:54:12","guid":{"rendered":"https:\/\/www.europesays.com\/fr\/330838\/"},"modified":"2025-08-20T04:54:12","modified_gmt":"2025-08-20T04:54:12","slug":"orages-la-prefecture-de-lherault-lance-un-appel-a-la-vigilance-pour-ce-mardi-soir","status":"publish","type":"post","link":"https:\/\/www.europesays.com\/fr\/330838\/","title":{"rendered":"Orages\u00a0: la pr\u00e9fecture de l&rsquo;H\u00e9rault lance un appel \u00e0 la vigilance pour ce mardi soir"},"content":{"rendered":"<p>L&rsquo;H\u00e9rault est plac\u00e9 en vigilance orange \u00e0 cause des orages ce mardi soir. Le pr\u00e9fet de l&rsquo;H\u00e9rault lance un appel \u00e0 la prudence et demande \u00e0 chacun de prendre ses responsabilit\u00e9s. <\/p>\n<p>Apr\u00e8s la canicule, les orages. Le d\u00e9partement de l&rsquo;H\u00e9rault est plac\u00e9 en vigilance orange et d&rsquo;apr\u00e8s M\u00e9t\u00e9o France, des cellules orageuses pourraient traverser le d\u00e9partement ce mardi entre 18h et 22h.<\/p>\n<p>Le pr\u00e9fet de l&rsquo;H\u00e9rault Fran\u00e7ois-Lauch a d\u00e9j\u00e0 pris contact avec les maires du d\u00e9partement, pour leur demander de faire particuli\u00e8rement attention <strong>aux campings qui sont en zone inondable<\/strong>. Il y a des risques de ruissellement et il est recommand\u00e9 de ne pas traverser les passages \u00e0 gu\u00e9. \u00ab\u00a0Les alertes sont toujours \u00e0 prendre au s\u00e9rieux. Il peut y avoir des morts, il peut se passer des choses graves, il peut aussi ne rien se passer du tout, mais on ne peut pas pr\u00e9voir\u00a0\u00bb insiste Fran\u00e7ois-Xavier Lauch.<\/p>\n<p>D&rsquo;apr\u00e8s M\u00e9t\u00e9o France et Predict, les orages devraient surtout toucher <strong>le nord du d\u00e9partement,<\/strong> \u00ab\u00a0de l&rsquo;Espinouse au Pic-Saint-Loup\u00a0\u00bb\u00a0 mais pourraient aussi atteindre <strong>la r\u00e9gion montpelli\u00e9raine<\/strong> vers 21h ou 22h. \u00ab\u00a0Il est demand\u00e9 aux habitants de l&rsquo;H\u00e9rault et aux touristes de limiter voire de reporter leurs d\u00e9placements s&rsquo;il y a des orages, et surtout de ne pas s&rsquo;engager sur les routes inond\u00e9es\u00a0\u00bb rappelle la pr\u00e9fecture.<\/p>\n<p>Interdiction de stationner et fermeture des parcs<\/p>\n<p>Par pr\u00e9caution, la Ville de Montpellier interdit le stationnement le long du Lez sur le quai du Pir\u00e9e et ferme les parcs et les jardins \u00e0 partir de 18h.<\/p>\n","protected":false},"excerpt":{"rendered":"L&rsquo;H\u00e9rault est plac\u00e9 en vigilance orange \u00e0 cause des orages ce mardi soir. Le pr\u00e9fet de l&rsquo;H\u00e9rault lance&hellip;\n","protected":false},"author":2,"featured_media":330839,"comment_status":"","ping_status":"","sticky":false,"template":"","format":"standard","meta":{"footnotes":""},"categories":[9599],"tags":[1111,11,1777,674,1011,27,2208,12,2680,25],"class_list":{"0":"post-330838","1":"post","2":"type-post","3":"status-publish","4":"format-standard","5":"has-post-thumbnail","7":"category-montpellier","8":"tag-actu","9":"tag-actualites","10":"tag-eu","11":"tag-europe","12":"tag-fr","13":"tag-france","14":"tag-montpellier","15":"tag-news","16":"tag-occitanie","17":"tag-republique-francaise"},"share_on_mastodon":{"url":"https:\/\/pubeurope.com\/@fr\/115059311400624645","error":""},"_links":{"self":[{"href":"https:\/\/www.europesays.com\/fr\/wp-json\/wp\/v2\/posts\/330838","targetHints":{"allow":["GET"]}}],"collection":[{"href":"https:\/\/www.europesays.com\/fr\/wp-json\/wp\/v2\/posts"}],"about":[{"href":"https:\/\/www.europesays.com\/fr\/wp-json\/wp\/v2\/types\/post"}],"author":[{"embeddable":true,"href":"https:\/\/www.europesays.com\/fr\/wp-json\/wp\/v2\/users\/2"}],"replies":[{"embeddable":true,"href":"https:\/\/www.europesays.com\/fr\/wp-json\/wp\/v2\/comments?post=330838"}],"version-history":[{"count":0,"href":"https:\/\/www.europesays.com\/fr\/wp-json\/wp\/v2\/posts\/330838\/revisions"}],"wp:featuredmedia":[{"embeddable":true,"href":"https:\/\/www.europesays.com\/fr\/wp-json\/wp\/v2\/media\/330839"}],"wp:attachment":[{"href":"https:\/\/www.europesays.com\/fr\/wp-json\/wp\/v2\/media?parent=330838"}],"wp:term":[{"taxonomy":"category","embeddable":true,"href":"https:\/\/www.europesays.com\/fr\/wp-json\/wp\/v2\/categories?post=330838"},{"taxonomy":"post_tag","embeddable":true,"href":"https:\/\/www.europesays.com\/fr\/wp-json\/wp\/v2\/tags?post=330838"}],"curies":[{"name":"wp","href":"https:\/\/api.w.org\/{rel}","templated":true}]}}