{"id":330841,"date":"2025-08-20T04:58:09","date_gmt":"2025-08-20T04:58:09","guid":{"rendered":"https:\/\/www.europesays.com\/fr\/330841\/"},"modified":"2025-08-20T04:58:09","modified_gmt":"2025-08-20T04:58:09","slug":"grenoble-en-tres-mauvaise-posture-dans-ce-classement-lavenir-sannonce-inquietant","status":"publish","type":"post","link":"https:\/\/www.europesays.com\/fr\/330841\/","title":{"rendered":"Grenoble en tr\u00e8s mauvaise posture dans ce classement : l&rsquo;avenir s&rsquo;annonce inqui\u00e9tant"},"content":{"rendered":"<p>            Par<br \/>\n        <strong><br \/>\n            <a href=\"https:\/\/actu.fr\/auteur\/julien-sournies\" title=\"Consulter tous les articles de Julien Sournies\" target=\"_blank\" rel=\"noopener\">Julien Sournies<\/a><br \/>\n        <\/strong><\/p>\n<p>        Publi\u00e9 le<\/p>\n<p>            20 ao\u00fbt 2025 \u00e0 6h24        <\/p>\n<p>Fera-t-il bon d\u2019habiter \u00e0 <a href=\"https:\/\/actu.fr\/auvergne-rhone-alpes\/grenoble_38185\" target=\"_blank\" rel=\"noopener\">Grenoble<\/a> (<a href=\"https:\/\/actu.fr\/auvergne-rhone-alpes\/isere_38\" target=\"_blank\" rel=\"noopener\">Is\u00e8re<\/a>) \u00e0 l\u2019avenir, alors que les inqui\u00e9tudes autour du r\u00e9chauffement climatique ne cessent de prendre de l\u2019ampleur, notamment en raison de la r\u00e9cente <a href=\"https:\/\/actu.fr\/meteo\/l-isere-et-grenoble-toujours-en-vigilance-rouge-canicule-des-records-de-chaleur-battus_63028432.html\" target=\"_blank\" rel=\"noopener\">canicule<\/a> en France\u2009? Ce lundi 18\u00a0ao\u00fbt 2025, nos confr\u00e8res\u00a0du <a href=\"https:\/\/www.leparisien.fr\/environnement\/climat\/ou-vivre-face-au-changement-climatique-notre-classement-exclusif-des-villes-francaises-les-plus-et-moins-menacees-18-08-2025-PYCK5FL7A5GM7FHEX2GS5WX4SE.php\" target=\"_blank\" rel=\"noopener\">Parisien\u00a0<\/a>se sont pench\u00e9s sur la question, publiant un classement des villes fran\u00e7aises de plus de 20\u2009000\u00a0habitants, \u00e9tabli \u00e0 partir d\u2019une <strong>vingtaine de crit\u00e8res li\u00e9s au changement climatique<\/strong>.<br \/>En tout cas, une chose est s\u00fbre, l\u2019inqui\u00e9tude peut \u00eatre de mise dans la capitale des Alpes.<\/p>\n<p class=\" wall-content\">Ainsi, plusieurs crit\u00e8res li\u00e9s au changement climatique, r\u00e9unis par cat\u00e9gories, ont \u00e9t\u00e9 retenus\u2009: temp\u00e9ratures futures, nombre de jours de canicule, nombre de nuits tropicales, risques d\u2019inondations, de feux de for\u00eat ou encore de submersion marine\u2026<\/p>\n<p>Grenoble \u00e0 la 389\u1d49 place<\/p>\n<p class=\" wall-content\">Dans ce classement national, lequel r\u00e9pertorie un total de 454 villes, Grenoble est tr\u00e8s mal class\u00e9e, pointant \u00e0 la<strong> 389\u1d49 place<\/strong>, preuve d\u2019une grande vuln\u00e9rabilit\u00e9 face aux fortes chaleurs attendues dans le futur.<\/p>\n<p class=\" wall-content\">Du c\u00f4t\u00e9 des autres communes du d\u00e9partement is\u00e9rois, ce n\u2019est pas beaucoup mieux\u2009: Saint-Martin-d\u2019H\u00e8res pointe \u00e0 la 369\u1d49 place, tandis que Bourgoin-Jallieu figure \u00e0 la 277e position.<\/p>\n<p class=\" wall-content\">Au sein des d\u00e9partements frontaliers, \u00e0 l\u2019instar du Rh\u00f4ne, on retrouve par ailleurs des mauvais \u00e9l\u00e8ves\u2009: <a href=\"https:\/\/actu.fr\/auvergne-rhone-alpes\/lyon_69123\/lyon-en-tres-mauvaise-position-dans-ce-classement-qui-inquiete-pour-l-avenir_63050230.html\" target=\"_blank\" rel=\"noopener\">Lyon<\/a> (409e), Villeurbanne (403e) ou encore Caluire-et-Cuire (406e).<\/p>\n<p>\u00ab\u2009La r\u00e9gion est l\u2019une des plus touch\u00e9es par la hausse des temp\u00e9ratures\u2009\u00bb<\/p>\n<p class=\" wall-content\">Mais, comme le mentionnait R\u00e9seau action climat, association sp\u00e9cialis\u00e9e dans les changements climatiques, dans son bulletin dat\u00e9 de septembre\u00a02024, c\u2019est tout sauf une surprise si les villes de la r\u00e9gion font p\u00e2le figure dans ce classement.<\/p>\n<blockquote class=\"ac-article-quote wall-content\">\n<p>La r\u00e9gion Auvergne-Rh\u00f4ne-Alpes est l\u2019une des plus touch\u00e9es par la hausse des temp\u00e9ratures, surtout lors de la saison estivale : entre 1963 et 2022, on observe d\u00e9j\u00e0 un r\u00e9chauffement de +3,3 \u00b0C en moyenne en \u00e9t\u00e9. Le nombre de journ\u00e9es chaudes est particuli\u00e8rement \u00e9lev\u00e9, une tendance qui se poursuivra dans les d\u00e9cennies \u00e0 venir.<\/p>\n<p>    <strong>R\u00e9seau action climat<\/strong>\n            <\/p><\/blockquote>\n<p>Votre r\u00e9gion, votre actu !<\/p>\n<p>Recevez chaque jour les infos qui comptent pour vous.<\/p>\n<p>\t<a href=\"https:\/\/actu.fr\/newsletter\" class=\"ac-btn ac-btn--corner ac-btn--medium ac-btn--blue800\" target=\"_blank\" rel=\"noopener\">S&rsquo;incrire<\/a><br \/>\nFoug\u00e8res tout en haut du classement, S\u00e8te au fond<\/p>\n<p class=\" wall-content\">Concernant le reste du classement, c\u2019est la ville bretonne de Foug\u00e8res (Ille-et-Villaine) qui figure \u00e0 la premi\u00e8re place, suivie de pr\u00e8s par Hazebrouck (Nord) et Lannion (C\u00f4tes-d\u2019Armor).<\/p>\n<p class=\" wall-content\">Aux antipodes, on retrouve, en revanche, des villes du sud\u2009: Marseille (452e), Agde (453e) et S\u00e8te (454e).<\/p>\n<p class=\" wall-content\">Personnalisez votre actualit\u00e9 en ajoutant vos villes et m\u00e9dias en favori avec <a href=\"https:\/\/moncompte.actu.fr\" title=\"D\u00e9couvez Mon Actu\" rel=\"nofollow noopener\" data-trk=\"{&quot;cta&quot;:{&quot;action&quot;:&quot;https:\\\/\\\/moncompte.actu.fr&quot;,&quot;category&quot;:&quot;mon compte&quot;,&quot;from&quot;:&quot;article footer&quot;,&quot;name&quot;:&quot;Mon actu&quot;,&quot;type&quot;:&quot;cta&quot;}}\" target=\"_blank\">Mon Actu<\/a>.<\/p>\n","protected":false},"excerpt":{"rendered":"Par Julien Sournies Publi\u00e9 le 20 ao\u00fbt 2025 \u00e0 6h24 Fera-t-il bon d\u2019habiter \u00e0 Grenoble (Is\u00e8re) \u00e0 l\u2019avenir,&hellip;\n","protected":false},"author":2,"featured_media":330842,"comment_status":"","ping_status":"","sticky":false,"template":"","format":"standard","meta":{"footnotes":""},"categories":[9566],"tags":[1111,11,2430,4734,1777,674,1011,27,2731,12,5140,25,104,15637],"class_list":{"0":"post-330841","1":"post","2":"type-post","3":"status-publish","4":"format-standard","5":"has-post-thumbnail","7":"category-grenoble","8":"tag-actu","9":"tag-actualites","10":"tag-auvergne-rhone-alpes","11":"tag-changement-climatique","12":"tag-eu","13":"tag-europe","14":"tag-fr","15":"tag-france","16":"tag-grenoble","17":"tag-news","18":"tag-rechauffement-climatique","19":"tag-republique-francaise","20":"tag-societe","21":"tag-vague-de-chaleur"},"share_on_mastodon":{"url":"https:\/\/pubeurope.com\/@fr\/115059327655094257","error":""},"_links":{"self":[{"href":"https:\/\/www.europesays.com\/fr\/wp-json\/wp\/v2\/posts\/330841","targetHints":{"allow":["GET"]}}],"collection":[{"href":"https:\/\/www.europesays.com\/fr\/wp-json\/wp\/v2\/posts"}],"about":[{"href":"https:\/\/www.europesays.com\/fr\/wp-json\/wp\/v2\/types\/post"}],"author":[{"embeddable":true,"href":"https:\/\/www.europesays.com\/fr\/wp-json\/wp\/v2\/users\/2"}],"replies":[{"embeddable":true,"href":"https:\/\/www.europesays.com\/fr\/wp-json\/wp\/v2\/comments?post=330841"}],"version-history":[{"count":0,"href":"https:\/\/www.europesays.com\/fr\/wp-json\/wp\/v2\/posts\/330841\/revisions"}],"wp:featuredmedia":[{"embeddable":true,"href":"https:\/\/www.europesays.com\/fr\/wp-json\/wp\/v2\/media\/330842"}],"wp:attachment":[{"href":"https:\/\/www.europesays.com\/fr\/wp-json\/wp\/v2\/media?parent=330841"}],"wp:term":[{"taxonomy":"category","embeddable":true,"href":"https:\/\/www.europesays.com\/fr\/wp-json\/wp\/v2\/categories?post=330841"},{"taxonomy":"post_tag","embeddable":true,"href":"https:\/\/www.europesays.com\/fr\/wp-json\/wp\/v2\/tags?post=330841"}],"curies":[{"name":"wp","href":"https:\/\/api.w.org\/{rel}","templated":true}]}}