{"id":330843,"date":"2025-08-20T04:59:13","date_gmt":"2025-08-20T04:59:13","guid":{"rendered":"https:\/\/www.europesays.com\/fr\/330843\/"},"modified":"2025-08-20T04:59:13","modified_gmt":"2025-08-20T04:59:13","slug":"linquietante-descente-en-gamme-du-territoire-grenoblois","status":"publish","type":"post","link":"https:\/\/www.europesays.com\/fr\/330843\/","title":{"rendered":"L&rsquo;INQUI\u00c9TANTE DESCENTE EN GAMME DU TERRITOIRE GRENOBLOIS"},"content":{"rendered":"<p>Posted On 20 ao\u00fbt 2025 <\/p>\n<p style=\"text-align: justify;\">Le dernier classement mondial des universit\u00e9s publi\u00e9 par Shanghai Ranking Consultancy, commun\u00e9ment appel\u00e9 \u00ab\u00a0classement de Shanghai\u00a0\u00bb, la r\u00e9f\u00e9rence, acte le recul de Grenoble Alpes Universit\u00e9 qui passe de dans la tranche 151-200, alors qu\u2019elle figurait l\u2019an dernier entre la 101e et la 150e place.\u00a0<\/p>\n<p style=\"text-align: justify;\">Cette glissade de ce que nous avons de meilleur et que rien ne justifie compte tenu de la qualit\u00e9 de l&rsquo;enseignement et de la recherche, des \u00e9coles sp\u00e9cialis\u00e9es, illustre ce que vit en r\u00e9alit\u00e9 notre territoire : <a href=\"https:\/\/grenoble-le-changement.fr\/2024\/09\/12\/insecurite-luniversite-envisage-de-se-retirer-du-sud-de-la-metropole\/\" rel=\"nofollow noopener\" target=\"_blank\">l&rsquo;environnement cr\u00e9\u00e9<\/a> par <a href=\"https:\/\/grenoble-le-changement.fr\/2024\/08\/29\/universite-recherche-piolle-et-ses-elus-torpillent-le-developpement\/\" rel=\"nofollow noopener\" target=\"_blank\">les \u00e9lus locaux<\/a> devient un handicap consid\u00e9rable pour eux. Ce qu&rsquo;avait clairement exprim\u00e9 <a href=\"https:\/\/grenoble-le-changement.fr\/2018\/02\/05\/p-levy-president-de-luniversite-ce-territoire-est-en-difficultes\/\" rel=\"nofollow noopener\" target=\"_blank\">Pierre L\u00e9vy, le pr\u00e9c\u00e9dent Pr\u00e9sident de l&rsquo;UGA.<\/a> Le climat anxiog\u00e8ne produit de multiples r\u00e9percussions n\u00e9gatives \u00e0 tous les niveaux.\u00a0<\/p>\n<p><a href=\"https:\/\/i2.wp.com\/grenoble-le-changement.fr\/wp-content\/uploads\/2025\/08\/Capture-de\u0301cran-2025-08-19-a\u0300-14.22.22.png?ssl=1\" rel=\"lightbox[84113] nofollow noopener\" target=\"_blank\"><img decoding=\"async\" data-id=\"84114\" src=\"https:\/\/i2.wp.com\/grenoble-le-changement.fr\/wp-content\/uploads\/2025\/08\/Capture-de\u0301cran-2025-08-19-a\u0300-14.22.22.png?w=678&amp;ssl=1\" alt=\"\" class=\"wp-image-84114 jetpack-lazy-image\" data-recalc-dims=\"1\" data-lazy-src=\"https:\/\/i2.wp.com\/grenoble-le-changement.fr\/wp-content\/uploads\/2025\/08\/Capture-de\u0301cran-2025-08-19-a\u0300-14.22.22.png?w=678&amp;is-pending-load=1#038;ssl=1\" \/><\/a><br \/>\nLa superbe Universit\u00e9 Grenoble Alpes victime des politiques locales <\/p>\n<p><strong>LES PROPRI\u00c9TAIRES GRENOBLOIS ONT \u00c9T\u00c9 SPOLI\u00c9S DE 2000 \u20ac PAR M2<\/strong><\/p>\n<p style=\"text-align: justify;\">La traduction s&rsquo;\u00e9tablit sur tous les plans. <a href=\"https:\/\/grenoble-le-changement.fr\/2025\/04\/10\/logement-la-pauperisation-de-la-ville-saccelere\/\" rel=\"nofollow noopener\" target=\"_blank\">L&rsquo;immobilier \u00e9tant le plus spectaculaire<\/a> : en 30 ans les propri\u00e9taires grenoblois ont perdu de l&rsquo;ordre de 2000 \u20ac par m2 si on observe l&rsquo;\u00e9volution. La plupart des grandes villes comparables se situent entre 4 et 5000 \u20ac le m2. La valeur moyenne est tomb\u00e9e \u00e0 2600 \u20ac le M2 \u00e0 Grenoble en 2025. Il y a 30 ans la valeur des biens \u00e0 Grenoble \u00e9tait sup\u00e9rieure \u00e0 Lyon, Bordeaux ou Strasbourg et Nantes. La spoliation est \u00e9norme.\u00a0<\/p>\n<p style=\"text-align: justify;\"><strong>LA MUNICIPALIT\u00c9 PIOLLE CR\u00c9E UN GHETTO DE PAUVRES<\/strong><\/p>\n<p style=\"text-align: justify;\">La municipalit\u00e9 Piolle a parfaitement <a href=\"https:\/\/grenoble-le-changement.fr\/2025\/08\/01\/contre-les-ghettos-de-riches-piolle-a-cree-une-ville-ghetto-de-pauvres\/\" rel=\"nofollow noopener\" target=\"_blank\">r\u00e9ussi \u00e0 cr\u00e9er un \u00ab\u00a0ghetto de pauvres\u00a0\u00bb<\/a> qui est actuellement \u00e9tendu \u00e0 la M\u00e9tropole quand on constate la \u00ab\u00a0b\u00e9tonisation\u00a0\u00bb effrayante de communes comme St Egr\u00e8ve, Seyssinet, Seyssins, Meylan &#8230; autrefois respirables. Ces communes connaissent la m\u00eame pente.\u00a0<\/p>\n<p style=\"text-align: justify;\"><strong>LA<\/strong> <strong>BAISSE DE GAMME SE TRADUIT PARTOUT\u00a0<\/strong><\/p>\n<p style=\"text-align: justify;\"><a href=\"https:\/\/grenoble-le-changement.fr\/2025\/04\/09\/insecurite-toutes-les-stats-qui-confirment-que-grenoble-est-n1\/\" rel=\"nofollow noopener\" target=\"_blank\">Cette baisse de gamme<\/a> se traduit dans les rues de la ville avec les magasins \u00e0 bas prix qui pullulent jusqu&rsquo;avenue Alsace Lorraine. Avenue Jean Perrot, \u00e0 Teisseire, quand LIDL remplace Auchan, m\u00eame si l&rsquo;enseigne hard-discount a \u00e9volu\u00e9, ce n&rsquo;est pas un signe de mont\u00e9e en standing du quartier.\u00a0<\/p>\n<p style=\"text-align: justify;\"><strong>LA FABRIQUE OP\u00c9RA EN REDRESSEMENT JUDICIAIRE&#8230;<\/strong><\/p>\n<p style=\"text-align: justify;\">M\u00eame si la Fabrique Op\u00e9ra dirig\u00e9e de main de maitre par Patrick Souillot, le chef d&rsquo;orchestre, conduit une popularisation de l&rsquo;Op\u00e9ra afin que le plus grand nombre acc\u00e8de \u00e0 cet art complet m\u00ealant la musique, la litt\u00e9rature, le th\u00e9\u00e2tre et la danse, il s&rsquo;agit d&rsquo;un genre qui classe ses aficionados dans une \u00e9lite. Le fait qu&rsquo;un tr\u00e8s large public grenoblois se soit reconnu dans cet art \u00e9tait le signe d&rsquo;une vitalit\u00e9 et apportait aussi \u00e0 la ville une qualit\u00e9 redorant son blason.<\/p>\n<p style=\"text-align: justify;\"><strong>&#8230;L&rsquo;\u00c9COLE DU V\u00c9LO, 1,2 MILLIONS D&rsquo;EUROS DE BUDGET POUR 100 INSCRITS<\/strong><\/p>\n<p style=\"text-align: justify;\"><a href=\"https:\/\/grenoble-le-changement.fr\/2025\/06\/09\/la-bobine-la-fabrique-opera-la-municipalite-eteint-la-lumiere\/\" rel=\"nofollow noopener\" target=\"_blank\">L&rsquo;association a du d\u00e9poser son bilan<\/a> ayant re\u00e7u &#8230; 4000 \u20ac de subventions de la ville sur un budget de\u00a0 600 000 \u20ac.\u00a0Rappelons que l&rsquo;\u00e9cole municipale du V\u00e9lo qui vient concurrencer celle de l&rsquo;ADTC existante, qui a re\u00e7u une centaine <a href=\"https:\/\/grenoble-le-changement.fr\/2024\/10\/15\/ecole-du-velo-un-an-de-gadget-hors-de-prix\/\" rel=\"nofollow noopener\" target=\"_blank\">d&rsquo;inscriptions la premi\u00e8re ann\u00e9e , dispose d&rsquo;un budget de 1,2 millions d&rsquo;euros !\u00a0<\/a><\/p>\n<p><a href=\"https:\/\/i2.wp.com\/grenoble-le-changement.fr\/wp-content\/uploads\/2025\/08\/Capture-de\u0301cran-2025-08-19-a\u0300-14.35.47.png?ssl=1\" rel=\"lightbox[84113] nofollow noopener\" target=\"_blank\"><img decoding=\"async\" data-id=\"84115\" src=\"https:\/\/i2.wp.com\/grenoble-le-changement.fr\/wp-content\/uploads\/2025\/08\/Capture-de\u0301cran-2025-08-19-a\u0300-14.35.47.png?resize=678%2C407&amp;ssl=1\" alt=\"\" class=\"wp-image-84115 jetpack-lazy-image\" data-recalc-dims=\"1\" data-lazy-src=\"https:\/\/i2.wp.com\/grenoble-le-changement.fr\/wp-content\/uploads\/2025\/08\/Capture-de\u0301cran-2025-08-19-a\u0300-14.35.47.png?resize=678%2C407&amp;is-pending-load=1#038;ssl=1\" \/><\/a><br \/>\n\u00c0 Teisseire, LIDL remplace Auchan &#8230;<\/p>\n<p><strong>L&rsquo;ATTAQUE CONTRE LES GALERIES LAFAYETTE <\/strong><\/p>\n<p style=\"text-align: justify;\">Le d\u00e9litement s&rsquo;exprime par tous les bouts. La pol\u00e9mique r\u00e9cente avec la mise en cause des Galeries Lafayette &#8211;\u00a0<a target=\"_blank\" href=\"https:\/\/www.grenoblemag.com\/article\/2018\/alain-carignon-apporte-son-soutien-au-directeur-des-galeries-lafayette-de-grenoble-l-une-des-dernieres-locomotives-commerciales-du-centre-ville\" rel=\"nofollow noopener\">\u00ab\u00a0la derni\u00e8re locomotive commerciale du centre ville\u00a0\u00bb <\/a>comme l&rsquo;a rappel\u00e9 Alain Carignon &#8211;\u00a0 rel\u00e8ve du m\u00eame climat et de la m\u00eame tendance. Comment une Adjointe au Maire peut elle \u00eatre autoris\u00e9e par la majorit\u00e9 municipale \u00e0 aller paralyser ce magasin sous pr\u00e9texte de la lutte contre les fourrures qu&rsquo;il ne vend plus depuis 10 ans ? S&rsquo;associant \u00e0 un collectif &#8211; Sife &#8211; dont l&rsquo;objet unique est de combattre les \u00ab\u00a0Galeries Lafayette\u00a0\u00bb en France. On croit r\u00eaver. Il n&rsquo;y a pas mieux \u00e0 faire ? Le Directeur des Galeries a protest\u00e9 contre les intrusions, les menaces et s&rsquo;est \u00e9tonn\u00e9 qu&rsquo;une majorit\u00e9 municipale <a href=\"https:\/\/grenoble-le-changement.fr\/2025\/08\/15\/galeries-lafayette-de-grenoble-la-municipalite-veut-supprimer-un-ghetto-de-riches\/\" rel=\"nofollow noopener\" target=\"_blank\">s&rsquo;attaque \u00e0 ses commerces plut\u00f4t que de les d\u00e9fendre<\/a> dans l&rsquo;\u00e9tat du centre ville.\u00a0<\/p>\n<p style=\"text-align: justify;\"><strong>LA SURENCH\u00c8RE DES AFFRONTEMENTS VERTS\/LFI\/PS\u00a0<\/strong><\/p>\n<p style=\"text-align: justify;\">Cet incident est embl\u00e9matique du <a href=\"https:\/\/grenoble-le-changement.fr\/2025\/08\/13\/piolle-ruffin-la-majorite-municipale-explose-avant-les-municipales\/\" rel=\"nofollow noopener\" target=\"_blank\">climat d\u00e9l\u00e9t\u00e8re que fait r\u00e9gner la municipalit\u00e9<\/a> sur fond de <a href=\"https:\/\/grenoble-le-changement.fr\/2025\/07\/07\/municipales-un-ete-meurtrier-pour-les-gauches-grenobloises\/\" rel=\"nofollow noopener\" target=\"_blank\">concurrences politiques exacerb\u00e9es<\/a> \u00e0 gauche avec les affrontements Verts\/LFI que relance aujourd&rsquo;hui Amandine Germain (PS) dans le DL pour pr\u00e9parer les municipales.<\/p>\n<p style=\"text-align: justify;\"><strong>RAPHA\u00cbL QUENARD : \u00ab\u00a0MAKE GRENOBLE GREAT AGAIN\u00a0\u00bb\u00a0<\/strong><\/p>\n<p style=\"text-align: justify;\">M\u00eame le talentueux Rapha\u00ebl Quenard, qu&rsquo;on ne peut qu&rsquo;admirer, qui\u00a0 se situe visiblement plut\u00f4t \u00e0 gauche, comme tant d&rsquo;artistes, qui a travaill\u00e9 avec un parlementaire PS et qui d\u00e9fend Grenoble \u00e0 Paris &#8211; contre vents et marr\u00e9es &#8211; comme nous, a trouv\u00e9 le slogan pour Grenoble en 2026 (DL du 20\/8\/25) : \u00ab\u00a0Make Grenoble great again ! \u00bb. En effet Grenoble doit retrouver sa grandeur perdue. Pour elle-m\u00eame, pour ses habitants. Afin de renouer \u00e0 la fois la qualit\u00e9 de vie et la fiert\u00e9 du territoire.\u00a0<\/p>\n<p><img decoding=\"async\" data-id=\"84010\" src=\"https:\/\/i2.wp.com\/grenoble-le-changement.fr\/wp-content\/uploads\/2025\/08\/galeries-lafayette-grenoble.png?w=678&amp;ssl=1\" alt=\"\" class=\"wp-image-84010 jetpack-lazy-image\" data-recalc-dims=\"1\" data-lazy-src=\"https:\/\/www.europesays.com\/fr\/wp-content\/uploads\/2025\/08\/galeries-lafayette-grenoble.png\" \/><br \/>\nLa ridicule attaque de la municipalit\u00e9 contre les Galeries Lafayette, la goutte d&rsquo;eau qui a fait d\u00e9border le vase<\/p>\n<p><strong>GRENOBLE NE PEUT PAS RETROUVER SA GRANDEUR AVEC CEUX QUI L&rsquo;ONT ABAISS\u00c9<\/strong><\/p>\n<p style=\"text-align: justify;\"><a href=\"https:\/\/grenoble-le-changement.fr\/2025\/06\/01\/la-gauche-qui-agit-un-nouveau-groupe-qui-change-la-donne-municipale\/\" rel=\"nofollow noopener\" target=\"_blank\">Des acteurs de la gauche qui sont sur le terrain<\/a> ont compris que la <a href=\"https:\/\/grenoble-le-changement.fr\/2025\/08\/08\/logement-piolle-fait-exploser-la-grande-arnaque-de-laurence-ruffin-verts-lfi\/\" rel=\"nofollow noopener\" target=\"_blank\">continuation avec Laurence Ruffin<\/a> de de Piolle sans Piolle conduirait aux m\u00eames d\u00e9g\u00e2ts et en ont honn\u00eatement tir\u00e9 les cons\u00e9quences. Car cette d\u00e9gradation affecte d&rsquo;abord et surtout les plus modestes. Les autres peuvent partir.<\/p>\n<p style=\"text-align: justify;\">L&rsquo;accumulation des faits t\u00eatus, de la r\u00e9alit\u00e9 b\u00eate devrait faire prendre conscience au plus grand nombre que Grenoble ne peut pas retrouver sa grandeur avec ceux qui l&rsquo;ont abaiss\u00e9, m\u00eame si, par militantisme, certains ne manqueront pas de le plaider.<\/p>\n<p style=\"text-align: justify;\">Plus que jamais, dans la tol\u00e9rance et l&rsquo;acceptation des diff\u00e9rences il est indispensable que tous ceux qui y aspirent sinc\u00e8rement <a href=\"https:\/\/grenoble-le-changement.fr\/2025\/05\/16\/les-forces-vives-de-grenoble-sengagent-pour-le-changement-avec-alain-carignon\/\" rel=\"nofollow noopener\" target=\"_blank\">se rassemblent avec les collectifs qui y travaillent<\/a> avec Alain Carignon, qui sont les mieux plac\u00e9s pour la r\u00e9ussir une fois \u00e9lus.<\/p>\n","protected":false},"excerpt":{"rendered":"Posted On 20 ao\u00fbt 2025 Le dernier classement mondial des universit\u00e9s publi\u00e9 par Shanghai Ranking Consultancy, commun\u00e9ment appel\u00e9&hellip;\n","protected":false},"author":2,"featured_media":330844,"comment_status":"","ping_status":"","sticky":false,"template":"","format":"standard","meta":{"footnotes":""},"categories":[9566],"tags":[1111,11,43763,9601,14001,2430,1777,674,46850,1011,27,4238,2731,12,29511,46851,22261,25,46852,23907],"class_list":{"0":"post-330843","1":"post","2":"type-post","3":"status-publish","4":"format-standard","5":"has-post-thumbnail","7":"category-grenoble","8":"tag-actu","9":"tag-actualites","10":"tag-adtc","11":"tag-alain-carignon","12":"tag-amandine-germain","13":"tag-auvergne-rhone-alpes","14":"tag-eu","15":"tag-europe","16":"tag-fabrique-opera","17":"tag-fr","18":"tag-france","19":"tag-galeries-lafayette","20":"tag-grenoble","21":"tag-news","22":"tag-patrick-souillot","23":"tag-pierre-levy","24":"tag-raphael-quenard","25":"tag-republique-francaise","26":"tag-sife","27":"tag-uga"},"share_on_mastodon":{"url":"https:\/\/pubeurope.com\/@fr\/115059331221504275","error":""},"_links":{"self":[{"href":"https:\/\/www.europesays.com\/fr\/wp-json\/wp\/v2\/posts\/330843","targetHints":{"allow":["GET"]}}],"collection":[{"href":"https:\/\/www.europesays.com\/fr\/wp-json\/wp\/v2\/posts"}],"about":[{"href":"https:\/\/www.europesays.com\/fr\/wp-json\/wp\/v2\/types\/post"}],"author":[{"embeddable":true,"href":"https:\/\/www.europesays.com\/fr\/wp-json\/wp\/v2\/users\/2"}],"replies":[{"embeddable":true,"href":"https:\/\/www.europesays.com\/fr\/wp-json\/wp\/v2\/comments?post=330843"}],"version-history":[{"count":0,"href":"https:\/\/www.europesays.com\/fr\/wp-json\/wp\/v2\/posts\/330843\/revisions"}],"wp:featuredmedia":[{"embeddable":true,"href":"https:\/\/www.europesays.com\/fr\/wp-json\/wp\/v2\/media\/330844"}],"wp:attachment":[{"href":"https:\/\/www.europesays.com\/fr\/wp-json\/wp\/v2\/media?parent=330843"}],"wp:term":[{"taxonomy":"category","embeddable":true,"href":"https:\/\/www.europesays.com\/fr\/wp-json\/wp\/v2\/categories?post=330843"},{"taxonomy":"post_tag","embeddable":true,"href":"https:\/\/www.europesays.com\/fr\/wp-json\/wp\/v2\/tags?post=330843"}],"curies":[{"name":"wp","href":"https:\/\/api.w.org\/{rel}","templated":true}]}}