{"id":330847,"date":"2025-08-20T05:02:44","date_gmt":"2025-08-20T05:02:44","guid":{"rendered":"https:\/\/www.europesays.com\/fr\/330847\/"},"modified":"2025-08-20T05:02:44","modified_gmt":"2025-08-20T05:02:44","slug":"andres-gomez-prete-au-bresil","status":"publish","type":"post","link":"https:\/\/www.europesays.com\/fr\/330847\/","title":{"rendered":"Andr\u00e9s G\u00f3mez pr\u00eat\u00e9 au Br\u00e9sil"},"content":{"rendered":"<p>Andr\u00e9s G\u00f3mez va d\u00e9couvrir un nouveau championnat. Le Colombien s&rsquo;est engag\u00e9 sous la forme d&rsquo;un pr\u00eat avec option d&rsquo;achat avec le Club de Regatas Vasco da Gama, actuellement 16e de S\u00e9rie A br\u00e9silienne et \u00e0 la lutte pour le maintien.\u00a0<\/p>\n<p>Rennais depuis le 16 ao\u00fbt 2024, d\u00e9barqu\u00e9 des \u00c9tats-Unis apr\u00e8s avoir brill\u00e9 en MLS avec le Real Salt Lake, ce profil offensif aura d\u00e9fendu \u00e0 19 reprises le blason Rouge et Noir (2 titularisations) et inscrit 3 buts.\u00a0<\/p>\n<p>Bonne saison au Br\u00e9sil Andr\u00e9s !<\/p>\n","protected":false},"excerpt":{"rendered":"Andr\u00e9s G\u00f3mez va d\u00e9couvrir un nouveau championnat. Le Colombien s&rsquo;est engag\u00e9 sous la forme d&rsquo;un pr\u00eat avec option&hellip;\n","protected":false},"author":2,"featured_media":330848,"comment_status":"","ping_status":"","sticky":false,"template":"","format":"standard","meta":{"footnotes":""},"categories":[2821],"tags":[1111,11,829,1777,674,1011,27,12,584,25],"class_list":{"0":"post-330847","1":"post","2":"type-post","3":"status-publish","4":"format-standard","5":"has-post-thumbnail","7":"category-rennes","8":"tag-actu","9":"tag-actualites","10":"tag-bretagne","11":"tag-eu","12":"tag-europe","13":"tag-fr","14":"tag-france","15":"tag-news","16":"tag-rennes","17":"tag-republique-francaise"},"share_on_mastodon":{"url":"https:\/\/pubeurope.com\/@fr\/115059343346568982","error":""},"_links":{"self":[{"href":"https:\/\/www.europesays.com\/fr\/wp-json\/wp\/v2\/posts\/330847","targetHints":{"allow":["GET"]}}],"collection":[{"href":"https:\/\/www.europesays.com\/fr\/wp-json\/wp\/v2\/posts"}],"about":[{"href":"https:\/\/www.europesays.com\/fr\/wp-json\/wp\/v2\/types\/post"}],"author":[{"embeddable":true,"href":"https:\/\/www.europesays.com\/fr\/wp-json\/wp\/v2\/users\/2"}],"replies":[{"embeddable":true,"href":"https:\/\/www.europesays.com\/fr\/wp-json\/wp\/v2\/comments?post=330847"}],"version-history":[{"count":0,"href":"https:\/\/www.europesays.com\/fr\/wp-json\/wp\/v2\/posts\/330847\/revisions"}],"wp:featuredmedia":[{"embeddable":true,"href":"https:\/\/www.europesays.com\/fr\/wp-json\/wp\/v2\/media\/330848"}],"wp:attachment":[{"href":"https:\/\/www.europesays.com\/fr\/wp-json\/wp\/v2\/media?parent=330847"}],"wp:term":[{"taxonomy":"category","embeddable":true,"href":"https:\/\/www.europesays.com\/fr\/wp-json\/wp\/v2\/categories?post=330847"},{"taxonomy":"post_tag","embeddable":true,"href":"https:\/\/www.europesays.com\/fr\/wp-json\/wp\/v2\/tags?post=330847"}],"curies":[{"name":"wp","href":"https:\/\/api.w.org\/{rel}","templated":true}]}}