{"id":330851,"date":"2025-08-20T05:04:10","date_gmt":"2025-08-20T05:04:10","guid":{"rendered":"https:\/\/www.europesays.com\/fr\/330851\/"},"modified":"2025-08-20T05:04:10","modified_gmt":"2025-08-20T05:04:10","slug":"un-nouveau-magasin-ouvre-ce-mercredi-pres-de-strasbourg","status":"publish","type":"post","link":"https:\/\/www.europesays.com\/fr\/330851\/","title":{"rendered":"un nouveau magasin ouvre ce mercredi pr\u00e8s de Strasbourg"},"content":{"rendered":"<p>            Par<br \/>\n        <strong><br \/>\n            <a href=\"https:\/\/actu.fr\/auteur\/ivan-capecchi\" title=\"Consulter tous les articles de Ivan CAPECCHI\" rel=\"nofollow noopener\" target=\"_blank\">Ivan CAPECCHI<\/a><br \/>\n        <\/strong><\/p>\n<p>        Publi\u00e9 le<\/p>\n<p>            20 ao\u00fbt 2025 \u00e0 7h02        <\/p>\n<p>D\u00e9j\u00e0 implant\u00e9e \u00e0 Strasbourg (Rivetoile, Hautepierre, <a href=\"https:\/\/actu.fr\/grand-est\/strasbourg_67482\/strasbourg-voici-quand-va-ouvrir-le-magasin-normal-place-kleber_62740087.html\" rel=\"nofollow noopener\" target=\"_blank\">place Kl\u00e9ber<\/a>) et \u00e0 <strong>Illkirch-Graffenstaden<\/strong>, <strong>Normal<\/strong> s\u2019appr\u00eate \u00e0 inaugurer un <strong>cinqui\u00e8me magasin dans le Bas-Rhin<\/strong>.<\/p>\n<p class=\" wall-content\">Celui-ci prendra place au sein du centre <a href=\"https:\/\/actu.fr\/economie\/photos-shopping-promenade-un-gigantesque-centre-commercial-ouvre-a-20-minutes-de-strasbourg_40340843.html\" rel=\"nofollow noopener\" target=\"_blank\">commercial Shopping Promenade C\u0153ur Alsace<\/a>, \u00e0 Reichstett.<\/p>\n<p class=\" wall-content\">Il ouvrira ses portes aux clients d\u00e8s ce <strong>mercredi 20 ao\u00fbt 2025, \u00e0 partir de 9h30<\/strong>.<\/p>\n<p>Normal : des produits du quotidien \u00e0 bas prix<\/p>\n<p class=\" wall-content\">Normal revendique aujourd\u2019hui <strong>plus de 210 boutiques en France<\/strong> et <strong>plus de 775 en Europe<\/strong>.<\/p>\n<p class=\" wall-content\">Son concept repose sur la <strong>vente de produits de marque du quotidien \u2013 cosm\u00e9tiques, hygi\u00e8ne, produits m\u00e9nagers, snacks \u2013 propos\u00e9s \u00e0 bas prix<\/strong>.<\/p>\n<p>Un accueil festif pour l\u2019inauguration<\/p>\n<p class=\" wall-content\">Chaque magasin adopte une <strong>mise en sc\u00e8ne en forme de labyrinthe.<\/strong><\/p>\n<p class=\" wall-content\">Pour l\u2019ouverture, <strong>un accueil festif est annonc\u00e9<\/strong>, avec ballons, chocolats et petits cadeaux pour les clients.<\/p>\n<p class=\" wall-content\">Personnalisez votre actualit\u00e9 en ajoutant vos villes et m\u00e9dias en favori avec <a href=\"https:\/\/moncompte.actu.fr\" title=\"D\u00e9couvez Mon Actu\" rel=\"nofollow noopener\" data-trk=\"{&quot;cta&quot;:{&quot;action&quot;:&quot;https:\\\/\\\/moncompte.actu.fr&quot;,&quot;category&quot;:&quot;mon compte&quot;,&quot;from&quot;:&quot;article footer&quot;,&quot;name&quot;:&quot;Mon actu&quot;,&quot;type&quot;:&quot;cta&quot;}}\" target=\"_blank\">Mon Actu<\/a>.<\/p>\n","protected":false},"excerpt":{"rendered":"Par Ivan CAPECCHI Publi\u00e9 le 20 ao\u00fbt 2025 \u00e0 7h02 D\u00e9j\u00e0 implant\u00e9e \u00e0 Strasbourg (Rivetoile, Hautepierre, place Kl\u00e9ber)&hellip;\n","protected":false},"author":2,"featured_media":156693,"comment_status":"","ping_status":"","sticky":false,"template":"","format":"standard","meta":{"footnotes":""},"categories":[2820],"tags":[1111,11,215,1777,674,1011,27,775,12,25,104,640],"class_list":{"0":"post-330851","1":"post","2":"type-post","3":"status-publish","4":"format-standard","5":"has-post-thumbnail","7":"category-strasbourg","8":"tag-actu","9":"tag-actualites","10":"tag-commerce","11":"tag-eu","12":"tag-europe","13":"tag-fr","14":"tag-france","15":"tag-grand-est","16":"tag-news","17":"tag-republique-francaise","18":"tag-societe","19":"tag-strasbourg"},"share_on_mastodon":{"url":"https:\/\/pubeurope.com\/@fr\/115059350777584784","error":""},"_links":{"self":[{"href":"https:\/\/www.europesays.com\/fr\/wp-json\/wp\/v2\/posts\/330851","targetHints":{"allow":["GET"]}}],"collection":[{"href":"https:\/\/www.europesays.com\/fr\/wp-json\/wp\/v2\/posts"}],"about":[{"href":"https:\/\/www.europesays.com\/fr\/wp-json\/wp\/v2\/types\/post"}],"author":[{"embeddable":true,"href":"https:\/\/www.europesays.com\/fr\/wp-json\/wp\/v2\/users\/2"}],"replies":[{"embeddable":true,"href":"https:\/\/www.europesays.com\/fr\/wp-json\/wp\/v2\/comments?post=330851"}],"version-history":[{"count":0,"href":"https:\/\/www.europesays.com\/fr\/wp-json\/wp\/v2\/posts\/330851\/revisions"}],"wp:featuredmedia":[{"embeddable":true,"href":"https:\/\/www.europesays.com\/fr\/wp-json\/wp\/v2\/media\/156693"}],"wp:attachment":[{"href":"https:\/\/www.europesays.com\/fr\/wp-json\/wp\/v2\/media?parent=330851"}],"wp:term":[{"taxonomy":"category","embeddable":true,"href":"https:\/\/www.europesays.com\/fr\/wp-json\/wp\/v2\/categories?post=330851"},{"taxonomy":"post_tag","embeddable":true,"href":"https:\/\/www.europesays.com\/fr\/wp-json\/wp\/v2\/tags?post=330851"}],"curies":[{"name":"wp","href":"https:\/\/api.w.org\/{rel}","templated":true}]}}