{"id":330854,"date":"2025-08-20T05:06:09","date_gmt":"2025-08-20T05:06:09","guid":{"rendered":"https:\/\/www.europesays.com\/fr\/330854\/"},"modified":"2025-08-20T05:06:09","modified_gmt":"2025-08-20T05:06:09","slug":"municipales-2026-a-nice-la-guerre-entre-eric-ciotti-et-christian-estrosi-est-officiellement-lancee","status":"publish","type":"post","link":"https:\/\/www.europesays.com\/fr\/330854\/","title":{"rendered":"Municipales 2026\u00a0: \u00e0 Nice, la guerre entre \u00c9ric Ciotti et Christian Estrosi est officiellement lanc\u00e9e"},"content":{"rendered":"<p class=\"paragraph text_align_left lp-f-body-02\">La tension est brutalement mont\u00e9e d\u2019un cran, il y a quelques jours. En cette veille de campagne pour les <a href=\"https:\/\/www.leparisien.fr\/elections\/municipales\/\" target=\"_blank\" rel=\"noreferrer noopener\">\u00e9lections municipales<\/a>, tout le monde \u00e0 Nice (<a href=\"https:\/\/www.leparisien.fr\/alpes-maritimes-06\/\" target=\"_blank\" rel=\"noreferrer noopener\">Alpes-Maritimes<\/a>) sait que les mois qui viennent seront rythm\u00e9s par la rivalit\u00e9 entre le maire actuel, Christian Estrosi, et son ancien premier couteau devenu principal opposant, <a href=\"https:\/\/www.leparisien.fr\/politique\/eric-ciotti\/\" target=\"_blank\" rel=\"noreferrer noopener\">\u00c9ric Ciotti<\/a>. Ce dernier doit officialiser sa candidature dimanche 31 ao\u00fbt lors de sa traditionnelle rentr\u00e9e \u00e0 Levens, au nord de Nice. Comme tout maire sortant, Christian Estrosi pr\u00e9tendra lui \u00ab diriger la ville \u00bb jusqu\u2019au bout, et ne lancera sa campagne qu\u2019en janvier, f\u00e9vrier. Le feuilleton est d\u00e9j\u00e0 programm\u00e9 et promis \u00e0 \u00eatre politiquement violent. Mais personne ne s\u2019attendait \u00e0 ce que les hostilit\u00e9s d\u00e9butent aussi t\u00f4t.<\/p>\n<p class=\"paragraph text_align_left lp-f-body-02\">L\u2019\u00e9tincelle : mardi 12 ao\u00fbt, <a href=\"https:\/\/www.leparisien.fr\/faits-divers\/nice-enquete-ouverte-sur-des-soupcons-de-fichage-par-les-equipes-deric-ciotti-13-08-2025-57YPGZE7HVDTXEKTD23IDUGIT4.php\" target=\"_blank\" rel=\"noreferrer noopener\">des perquisitions sont men\u00e9es \u00e0 Nice<\/a> apr\u00e8s l\u2019ouverture d\u2019une enqu\u00eate par le parquet, visant \u00c9ric Ciotti et son \u00e9quipe, pour des faits suppos\u00e9s \u00ab d\u2019enregistrement ou de conservation de donn\u00e9es \u00e0 caract\u00e8re personnel sensibles sans le consentement des int\u00e9ress\u00e9s \u00bb. Selon Lib\u00e9ration, ces fichiers concerneraient des centaines de Ni\u00e7ois pr\u00e9sent\u00e9s comme \u00ab influents \u00bb et la Commission nationale de l\u2019informatique et des libert\u00e9s (CNIL) a confirm\u00e9 une plainte \u00e0 propos de ces proc\u00e9d\u00e9s de suppos\u00e9 fichage sans consentement.<\/p>\n","protected":false},"excerpt":{"rendered":"La tension est brutalement mont\u00e9e d\u2019un cran, il y a quelques jours. En cette veille de campagne pour&hellip;\n","protected":false},"author":2,"featured_media":330855,"comment_status":"","ping_status":"","sticky":false,"template":"","format":"standard","meta":{"footnotes":""},"categories":[2819],"tags":[1111,11,5949,1777,674,1011,27,3554,12,2401,316,882,25],"class_list":{"0":"post-330854","1":"post","2":"type-post","3":"status-publish","4":"format-standard","5":"has-post-thumbnail","7":"category-nice","8":"tag-actu","9":"tag-actualites","10":"tag-elections","11":"tag-eu","12":"tag-europe","13":"tag-fr","14":"tag-france","15":"tag-municipales","16":"tag-news","17":"tag-nice","18":"tag-politique","19":"tag-provence-alpes-cote-dazur","20":"tag-republique-francaise"},"share_on_mastodon":{"url":"https:\/\/pubeurope.com\/@fr\/115059358598163593","error":""},"_links":{"self":[{"href":"https:\/\/www.europesays.com\/fr\/wp-json\/wp\/v2\/posts\/330854","targetHints":{"allow":["GET"]}}],"collection":[{"href":"https:\/\/www.europesays.com\/fr\/wp-json\/wp\/v2\/posts"}],"about":[{"href":"https:\/\/www.europesays.com\/fr\/wp-json\/wp\/v2\/types\/post"}],"author":[{"embeddable":true,"href":"https:\/\/www.europesays.com\/fr\/wp-json\/wp\/v2\/users\/2"}],"replies":[{"embeddable":true,"href":"https:\/\/www.europesays.com\/fr\/wp-json\/wp\/v2\/comments?post=330854"}],"version-history":[{"count":0,"href":"https:\/\/www.europesays.com\/fr\/wp-json\/wp\/v2\/posts\/330854\/revisions"}],"wp:featuredmedia":[{"embeddable":true,"href":"https:\/\/www.europesays.com\/fr\/wp-json\/wp\/v2\/media\/330855"}],"wp:attachment":[{"href":"https:\/\/www.europesays.com\/fr\/wp-json\/wp\/v2\/media?parent=330854"}],"wp:term":[{"taxonomy":"category","embeddable":true,"href":"https:\/\/www.europesays.com\/fr\/wp-json\/wp\/v2\/categories?post=330854"},{"taxonomy":"post_tag","embeddable":true,"href":"https:\/\/www.europesays.com\/fr\/wp-json\/wp\/v2\/tags?post=330854"}],"curies":[{"name":"wp","href":"https:\/\/api.w.org\/{rel}","templated":true}]}}