{"id":330856,"date":"2025-08-20T05:09:23","date_gmt":"2025-08-20T05:09:23","guid":{"rendered":"https:\/\/www.europesays.com\/fr\/330856\/"},"modified":"2025-08-20T05:09:23","modified_gmt":"2025-08-20T05:09:23","slug":"la-derniere-fois-que-le-fc-nantes-na-pas-cadre-une-frappe-lors-dun-match-cetait-contre-clermont-en-2023","status":"publish","type":"post","link":"https:\/\/www.europesays.com\/fr\/330856\/","title":{"rendered":"La derni\u00e8re fois que le FC Nantes n&rsquo;a pas cadr\u00e9 une frappe lors d&rsquo;un match&#8230; c&rsquo;\u00e9tait contre Clermont en 2023"},"content":{"rendered":"<p data-start=\"319\" data-end=\"676\">Le FC Nantes n\u2019aura pas exist\u00e9 offensivement face au PSG. \u00c0 la Beaujoire, les Canaris se sont inclin\u00e9s sans jamais inqui\u00e9ter Lucas Chevalier : z\u00e9ro tir cadr\u00e9 en 90 minutes. Une statistique gla\u00e7ante qui ram\u00e8ne les supporters un an et demi en arri\u00e8re, <a href=\"https:\/\/www.fcnantes.com\/articles\/article2809.php?num=41915\" rel=\"nofollow noopener\" target=\"_blank\">lors d\u2019un Clermont \u2013 Nantes termin\u00e9 sur un in\u00e9dit 0-0,<\/a> sans la moindre frappe cadr\u00e9e des deux c\u00f4t\u00e9s.<\/p>\n<p data-start=\"678\" data-end=\"993\">Cette fois, les hommes de Luis Castro ont subi la ma\u00eetrise parisienne sans jamais trouver de solutions. Les rares tentatives \u2013 souvent lointaines ou mal ajust\u00e9es \u2013 n\u2019ont jamais accroch\u00e9 le cadre. L\u2019attaque nantaise, musel\u00e9e par une d\u00e9fense parisienne bien en place, a sembl\u00e9 manquer d\u2019id\u00e9es et de liant collectif.<\/p>\n<p data-start=\"995\" data-end=\"1278\">Le contraste est cruel : malgr\u00e9 une discipline d\u00e9fensive correcte et une d\u00e9bauche d\u2019\u00e9nergie, le FCN n\u2019a pas su exister dans la zone de v\u00e9rit\u00e9. Ce mutisme offensif souligne encore la difficult\u00e9 r\u00e9currente des Jaune et Vert \u00e0 se montrer dangereux contre les gros calibres de Ligue 1.<\/p>\n<p data-start=\"1280\" data-end=\"1587\">En janvier 2023, Antoine Kombouar\u00e9 regrettait d\u00e9j\u00e0 une prestation \u00ab pauvre et triste \u00bb face \u00e0 Clermont.<\/p>\n","protected":false},"excerpt":{"rendered":"Le FC Nantes n\u2019aura pas exist\u00e9 offensivement face au PSG. \u00c0 la Beaujoire, les Canaris se sont inclin\u00e9s&hellip;\n","protected":false},"author":2,"featured_media":330857,"comment_status":"","ping_status":"","sticky":false,"template":"","format":"standard","meta":{"footnotes":""},"categories":[2818],"tags":[1111,11,1777,674,1011,27,766,12,2636,25],"class_list":{"0":"post-330856","1":"post","2":"type-post","3":"status-publish","4":"format-standard","5":"has-post-thumbnail","7":"category-nantes","8":"tag-actu","9":"tag-actualites","10":"tag-eu","11":"tag-europe","12":"tag-fr","13":"tag-france","14":"tag-nantes","15":"tag-news","16":"tag-pays-de-la-loire","17":"tag-republique-francaise"},"share_on_mastodon":{"url":"https:\/\/pubeurope.com\/@fr\/115059370477033872","error":""},"_links":{"self":[{"href":"https:\/\/www.europesays.com\/fr\/wp-json\/wp\/v2\/posts\/330856","targetHints":{"allow":["GET"]}}],"collection":[{"href":"https:\/\/www.europesays.com\/fr\/wp-json\/wp\/v2\/posts"}],"about":[{"href":"https:\/\/www.europesays.com\/fr\/wp-json\/wp\/v2\/types\/post"}],"author":[{"embeddable":true,"href":"https:\/\/www.europesays.com\/fr\/wp-json\/wp\/v2\/users\/2"}],"replies":[{"embeddable":true,"href":"https:\/\/www.europesays.com\/fr\/wp-json\/wp\/v2\/comments?post=330856"}],"version-history":[{"count":0,"href":"https:\/\/www.europesays.com\/fr\/wp-json\/wp\/v2\/posts\/330856\/revisions"}],"wp:featuredmedia":[{"embeddable":true,"href":"https:\/\/www.europesays.com\/fr\/wp-json\/wp\/v2\/media\/330857"}],"wp:attachment":[{"href":"https:\/\/www.europesays.com\/fr\/wp-json\/wp\/v2\/media?parent=330856"}],"wp:term":[{"taxonomy":"category","embeddable":true,"href":"https:\/\/www.europesays.com\/fr\/wp-json\/wp\/v2\/categories?post=330856"},{"taxonomy":"post_tag","embeddable":true,"href":"https:\/\/www.europesays.com\/fr\/wp-json\/wp\/v2\/tags?post=330856"}],"curies":[{"name":"wp","href":"https:\/\/api.w.org\/{rel}","templated":true}]}}