{"id":330858,"date":"2025-08-20T05:10:13","date_gmt":"2025-08-20T05:10:13","guid":{"rendered":"https:\/\/www.europesays.com\/fr\/330858\/"},"modified":"2025-08-20T05:10:13","modified_gmt":"2025-08-20T05:10:13","slug":"les-previsions-meteo-du-mercredi-20-aout-a-bordeaux","status":"publish","type":"post","link":"https:\/\/www.europesays.com\/fr\/330858\/","title":{"rendered":"Les pr\u00e9visions m\u00e9t\u00e9o du mercredi 20 ao\u00fbt \u00e0 Bordeaux"},"content":{"rendered":"<p>Ce mercredi \u00e0 <a href=\"http:\/\/bordeaux.fr\" target=\"_blank\" rel=\"noreferrer noopener nofollow\">Bordeaux<\/a>, pr\u00e9pare-toi \u00e0 une journ\u00e9e assez instable. Les temp\u00e9ratures oscilleront entre 18 et 23\u00b0C, avec un ressenti parfois un peu plus chaud l\u2019apr\u00e8s-midi sous le soleil. Globalement, la fiabilit\u00e9 des pr\u00e9visions est assez bonne, mais mieux vaut garder un \u0153il sur le ciel.<\/p>\n<p style=\"font-size:16px\">Le <strong>matin<\/strong>, le temps sera tr\u00e8s <strong>nuageux<\/strong> avec <strong>quelques foyers orageux possibles<\/strong>. Des <strong>averses<\/strong> tomberont surtout en fin de matin\u00e9e. Il fera <strong>18\u00b0C<\/strong>, mais le ressenti sera de 16\u00b0C avec des rafales soufflant jusqu\u2019\u00e0 25 km\/h. Le vent sera principalement orient\u00e9 sud-ouest \u00e0 10 km\/h. Le risque de pluie est de 65 %, et l\u2019indice UV reste faible, \u00e0 2.<\/p>\n<p style=\"font-size:16px\"><strong>L\u2019apr\u00e8s-midi<\/strong>, les <strong>pluies ou averses orageuses continueront<\/strong>, m\u00eame si l\u2019activit\u00e9 orageuse diminuera. La temp\u00e9rature grimpera \u00e0 <strong>23\u00b0C<\/strong>, mais le ressenti pourra atteindre 28\u00b0C au soleil. Le vent du sud-ouest soufflera jusqu\u2019\u00e0 30 km\/h, avec un risque de pluie de 70 %. L\u2019indice UV sera mod\u00e9r\u00e9, autour de 5, donc pense \u00e0 te prot\u00e9ger si tu sors.<\/p>\n<p><img fetchpriority=\"high\" decoding=\"async\" width=\"1024\" height=\"576\" src=\"https:\/\/www.europesays.com\/fr\/wp-content\/uploads\/2025\/07\/nuageux-7-1024x576.png\" alt=\"\" class=\"wp-image-81493\" style=\"width:699px;height:auto\"  \/>Mercredi \u00e0 Bordeaux : temps instable avec averses et orages, temp\u00e9ratures entre 18 et 23\u00b0C.<\/p>\n<p style=\"font-size:16px\">En <strong>soir\u00e9e<\/strong>, le ciel restera tr\u00e8s <strong>nuageux<\/strong> avec <strong>quelques averses et foyers orageux<\/strong> possibles. Il fera <strong>21\u00b0C<\/strong>, ressenti 22\u00b0C, avec des rafales \u00e0 35 km\/h.<\/p>\n<p style=\"font-size:16px\">La <strong>nuit<\/strong> sera <strong>couverte<\/strong> et <strong>orageuse<\/strong> par moments, avec des <strong>averses<\/strong> possibles. Les temp\u00e9ratures redescendront autour de <strong>17\u00b0C<\/strong>, ressenti 16\u00b0C, et le vent sera presque calme \u00e0 15 km\/h.<\/p>\n<p style=\"font-size:16px\">Bref, garde ton parapluie \u00e0 port\u00e9e de main et profite des accalmies pour tes sorties !<\/p>\n<p style=\"font-size:16px\">\u00c0 lire aussi : <a href=\"https:\/\/www.bougerabordeaux.com\/actu\/news\/nouvelle-aquitaine-11-marathons-en-11-jours-pour-la-recherche-sur-alzheimer\/\" target=\"_blank\" rel=\"noreferrer noopener nofollow\">Nouvelle-Aquitaine : 11 marathons en 11 jours pour la recherche sur Alzheimer<\/a><\/p>\n","protected":false},"excerpt":{"rendered":"Ce mercredi \u00e0 Bordeaux, pr\u00e9pare-toi \u00e0 une journ\u00e9e assez instable. Les temp\u00e9ratures oscilleront entre 18 et 23\u00b0C, avec&hellip;\n","protected":false},"author":2,"featured_media":260400,"comment_status":"","ping_status":"","sticky":false,"template":"","format":"standard","meta":{"footnotes":""},"categories":[2817],"tags":[1111,11,1997,1777,674,1011,27,12,2219,25],"class_list":{"0":"post-330858","1":"post","2":"type-post","3":"status-publish","4":"format-standard","5":"has-post-thumbnail","7":"category-bordeaux","8":"tag-actu","9":"tag-actualites","10":"tag-bordeaux","11":"tag-eu","12":"tag-europe","13":"tag-fr","14":"tag-france","15":"tag-news","16":"tag-nouvelle-aquitaine","17":"tag-republique-francaise"},"share_on_mastodon":{"url":"https:\/\/pubeurope.com\/@fr\/115059374426226177","error":""},"_links":{"self":[{"href":"https:\/\/www.europesays.com\/fr\/wp-json\/wp\/v2\/posts\/330858","targetHints":{"allow":["GET"]}}],"collection":[{"href":"https:\/\/www.europesays.com\/fr\/wp-json\/wp\/v2\/posts"}],"about":[{"href":"https:\/\/www.europesays.com\/fr\/wp-json\/wp\/v2\/types\/post"}],"author":[{"embeddable":true,"href":"https:\/\/www.europesays.com\/fr\/wp-json\/wp\/v2\/users\/2"}],"replies":[{"embeddable":true,"href":"https:\/\/www.europesays.com\/fr\/wp-json\/wp\/v2\/comments?post=330858"}],"version-history":[{"count":0,"href":"https:\/\/www.europesays.com\/fr\/wp-json\/wp\/v2\/posts\/330858\/revisions"}],"wp:featuredmedia":[{"embeddable":true,"href":"https:\/\/www.europesays.com\/fr\/wp-json\/wp\/v2\/media\/260400"}],"wp:attachment":[{"href":"https:\/\/www.europesays.com\/fr\/wp-json\/wp\/v2\/media?parent=330858"}],"wp:term":[{"taxonomy":"category","embeddable":true,"href":"https:\/\/www.europesays.com\/fr\/wp-json\/wp\/v2\/categories?post=330858"},{"taxonomy":"post_tag","embeddable":true,"href":"https:\/\/www.europesays.com\/fr\/wp-json\/wp\/v2\/tags?post=330858"}],"curies":[{"name":"wp","href":"https:\/\/api.w.org\/{rel}","templated":true}]}}