{"id":330868,"date":"2025-08-20T05:17:10","date_gmt":"2025-08-20T05:17:10","guid":{"rendered":"https:\/\/www.europesays.com\/fr\/330868\/"},"modified":"2025-08-20T05:17:10","modified_gmt":"2025-08-20T05:17:10","slug":"lactu-vue-par-remaides-drogues-et-grande-precarite-au-centre-ville-de-marseille-a-quoi-jouent-les-pouvoirs-publics","status":"publish","type":"post","link":"https:\/\/www.europesays.com\/fr\/330868\/","title":{"rendered":"L&rsquo;Actu vue par Remaides : Drogues et grande pr\u00e9carit\u00e9 au centre-ville de Marseille : \u00c0 quoi jouent les pouvoirs publics ?"},"content":{"rendered":"<p>\u00a0<\/p>\n<p><img decoding=\"async\" alt=\"cpp\" data-entity-type=\"file\" data-entity-uuid=\"bd0eb4a4-c3e8-4cf9-9785-4809cc81277b\" src=\"https:\/\/www.europesays.com\/fr\/wp-content\/uploads\/2025\/08\/chemsex2_-_grande_7_0.jpeg\" class=\"align-center\"\/><\/p>\n<p class=\"text-align-center\" style=\"margin:1.5em 0px; text-align:center; -webkit-text-stroke-width:0px\"><strong style=\"box-sizing:border-box; font-weight:bolder\">Dr.<\/strong><\/p>\n<p class=\"text-align-center\" style=\"margin:1.5em 0px; text-align:center; -webkit-text-stroke-width:0px\"><strong style=\"box-sizing:border-box; font-weight:bolder; color:#303030; font-family:Roboto, sans-serif; font-size:17px; font-style:normal; font-variant-ligatures:normal; font-variant-caps:normal; letter-spacing:normal; orphans:2; text-align:center; text-transform:none; widows:2; word-spacing:0px; -webkit-text-stroke-width:0px; white-space:normal; background-color:#ffffff; text-decoration-thickness:initial; text-decoration-style:initial; text-decoration-color:initial\">Par\u00a0<\/strong><strong style=\"box-sizing:border-box; font-weight:bolder; font-family:Roboto, sans-serif; font-size:17px; font-style:normal; font-variant-ligatures:normal; font-variant-caps:normal; letter-spacing:normal; orphans:2; text-align:center; text-transform:none; widows:2; word-spacing:0px; -webkit-text-stroke-width:0px; white-space:normal; background-color:#ffffff; text-decoration-thickness:initial; text-decoration-style:initial; text-decoration-color:initial\">Jean-Fran\u00e7ois Laforgerie<\/strong><\/p>\n<p>Drogues et grande pr\u00e9carit\u00e9 au centre-ville de Marseille : A quoi jouent les pouvoirs publics?<\/p>\n<p>\n<strong>Associations de pr\u00e9vention et de r\u00e9duction des risques, collectifs citoyens, structures de prise en charge des addictions, travailleurs-ses de rue et comit\u00e9s de riverains-es \u00e0 Marseille <a href=\"https:\/\/www.aides.org\/communique\/drogues-et-grande-precarite-marseille-un-collectif-dassociations-interpelle-les-pouvoirs\" rel=\"nofollow noopener\" target=\"_blank\">sont r\u00e9cemment remont\u00e9s au front\u00a0p<\/a>our faire part \u00ab\u00a0de nouveau\u00a0\u00bb de leurs \u00ab\u00a0plus s\u00e9rieuses inqui\u00e9tudes\u00a0\u00bb quant \u00e0 la \u00ab\u00a0d\u00e9gradation constante de la situation en centre-ville\u00a0\u00bb, concernant la \u00ab situation des personnes en grande pr\u00e9carit\u00e9 et consommatrices de drogues\u00a0\u00bb.<\/strong><\/p>\n<p>\n<strong>Des personnes \u00ab\u00a0litt\u00e9ralement abandonn\u00e9es par la puissance publique\u00a0\u00bb<\/strong><br \/>Le communiqu\u00e9 sign\u00e9 par plusieurs associations et structures de Marseille (AIDES, ASUD Marseille, Bus 31-32, Collectif Belsunce, M\u00e9decins du Monde, Nouvelle Aube) pointe que \u00ab\u00a0la sant\u00e9 et les conditions de subsistance\u00a0\u00bb des personnes en grande pr\u00e9carit\u00e9 et consommatrices de drogues, se d\u00e9gradent \u00e0 une \u00ab\u00a0vitesse folle depuis 2022\u00a0\u00bb. \u00ab\u00a0Celle des habitants des quartiers concern\u00e9s \u00e9galement, \u00ab\u00a0spectateurs du d\u00e9sespoir\u00a0\u00bb pour paraphraser l\u2019un d\u2019eux, et victimes collat\u00e9rales d\u2019une politique des drogues aussi archa\u00efque qu\u2019inop\u00e9rante\u00a0\u00bb, expliquent les structures signataires.<br \/>Les auteurs-rices du communiqu\u00e9 estiment que\u00a0: \u00ab Faute de dispositifs d\u2019accompagnement social et sanitaire suffisamment dot\u00e9s, faute de structures permettant une consommation supervis\u00e9e ouvrant une porte vers le soin [il n\u2019existe pas de haltes soins addiction, dans la deuxi\u00e8me ville de France, ndlr], et faute d\u2019une r\u00e9elle politique d\u2019acc\u00e8s au logement, il ne reste que la rue pour ces femmes et ces hommes ultra pr\u00e9caris\u00e9s, dont le nombre a doubl\u00e9 en centre-ville depuis 2023.\u00bb<\/p>\n<p><strong>Des tensions qui ne cessent de croitre<\/strong><br \/>Faute d\u2019une r\u00e9ponse efficace en mati\u00e8re de prise en charge et d\u2019accompagnement, les tensions se font plus vives et plus nombreuses entre les personnes \u00e0 la rue et riverains-es, qu\u2019ils-elles soient constitu\u00e9s-es ou pas en association. \u00ab\u00a0Sans solution p\u00e9renne en termes d\u2019acc\u00e8s \u00e0 l\u2019eau, \u00e0 l\u2019hygi\u00e8ne et \u00e0 des toilettes d\u00e9centes, ces personnes doivent lutter quotidiennement contre des conditions de salubrit\u00e9 indignes. De fait, ces conditions impactent \u00e9galement les habitants. Les surdoses, les rixes exacerb\u00e9es par ces conditions de vie extr\u00eames, et le simple fait de vivre dans la rue engendrent r\u00e9guli\u00e8rement des drames qui pourraient \u00eatre \u00e9vit\u00e9s. Et rendent la vie des habitants de plus en plus compliqu\u00e9e\u00a0\u00bb, constatent les signataires du communiqu\u00e9.<\/p>\n<p><strong>Les pouvoirs publics consultent\u2026 et attendent<\/strong><br \/>Le 15 juillet dernier, les associations \u00e9taient convi\u00e9es \u00ab\u00a0en urgence\u00a0\u00bb par la Pr\u00e9fecture des Bouches-du-Rh\u00f4ne et l\u2019Agence r\u00e9gionale de sant\u00e9, afin de \u00ab\u00a0proposer des solutions\u00a0\u00bb et \u00ab\u00a0tenter d\u2019apaiser une situation devenue intenable pour toutes et tous. \u00c0 commencer par les personnes directement concern\u00e9es.\u00a0\u00bb<\/p>\n<p>\u00ab\u00a0Nous avons point\u00e9 le manque de moyens, la saturation des dispositifs m\u00e9dico-sociaux et l\u2019absence de r\u00e9ponse publique adapt\u00e9e en mati\u00e8re d\u2019acc\u00e8s au logement. Pour rappel, les associations d\u2019action sociale et de r\u00e9duction des risques qui travaillent en centre-ville constatent toutes depuis 2023 une hausse sans pr\u00e9c\u00e9dent du nombre de personnes qui ont besoin d\u2019accompagnement m\u00e9dico-psycho-social sur le long terme.\u00a0\u00bb Prenons l\u2019exemple du Caarud ASUD\u00a0Mars Say Yeah o\u00f9 499 personnes \u00e9taient accompagn\u00e9es en 2023, 635 en 2024, et plus d\u2019un millier en projection sur l\u2019ann\u00e9e 2025. Du jamais vu depuis sa cr\u00e9ation il y a 30 ans.<br \/>\u00ab\u00a0Nous avons \u00e9galement rappel\u00e9 que cette situation, largement pr\u00e9visible, est une des cons\u00e9quences directes de l\u2019incapacit\u00e9 de l\u2019\u00c9tat (\u2026) \u00e0 r\u00e9pondre aux besoins primaires d\u2019un public marginalis\u00e9 que personne ne veut voir. L\u2019incapacit\u00e9 aussi \u00e0 mettre en place des dispositifs d\u2019accompagnement, valid\u00e9s par la science depuis plus de 30 ans. Ces dispositifs ont pourtant fait leurs preuves partout en Europe, y compris en France, en r\u00e9duisant de fa\u00e7on drastique les risques li\u00e9s \u00e0 l\u2019usage de drogue et les probl\u00e9matiques de tranquillit\u00e9 publique pour les habitants des quartiers concern\u00e9s. Nous pensons \u00e9videmment aux Haltes soins addictions, (HSA) dont l\u2019implantation marseillaise a \u00e9t\u00e9 abandonn\u00e9e en janvier 2024 sur pression du minist\u00e8re de l\u2019Int\u00e9rieur [G\u00e9rald Darmanin, ndlr] et d\u2019une poign\u00e9e d\u2019opposants [dont l\u2019ancienne ministre et \u00e9lue marseillaise, Sabrina Agresti-Roubache, ndlr].\u00a0\u00bb<\/p>\n<p>R\u00e9sultat de cette rencontre\u00a0? \u00ab\u00a0\u00c0 l\u2019heure o\u00f9 nous \u00e9crivons [31 juillet, ndlr], aucune annonce sp\u00e9cifique n\u2019a \u00e9t\u00e9 faite, aucun moyen concret n\u2019a \u00e9t\u00e9 mis sur la table. \u00c0 l\u2019issue de la r\u00e9union, la Pr\u00e9fecture s\u2019est content\u00e9e d\u2019un communiqu\u00e9 exclusivement ax\u00e9 sur \u00ab\u00a0la lutte contre le narcotrafic et la d\u00e9linquance en centre-ville\u00a0\u00bb. Oubliant en chemin que la d\u00e9linquance est d\u2019abord le fruit de la mis\u00e8re et de l\u2019exclusion sociale.\u00a0\u00bb \u00ab\u00a0Nous exprimons \u00e9galement notre pleine solidarit\u00e9 avec les collectifs de riverains, qui subissent eux-aussi cette situation. Ils sont d\u2019ailleurs de plus en plus nombreux \u00e0 partager nos constats et beaucoup appellent d\u00e9sormais \u00e0 une r\u00e9ponse sociale et sanitaire adapt\u00e9e. Notamment \u00e0 la mise en place urgente de HSA ou autres dispositifs similaires\u00a0\u00bb, avance le communiqu\u00e9.<\/p>\n<p><strong>Des revendications claires<\/strong><br \/>\u00ab\u00a0Qu\u2019attendent donc les pouvoirs publics pour prendre enfin la mesure de ce qui est d\u2019abord une catastrophe sociale et un enjeu majeur de sant\u00e9 publique\u00a0?\u00a0\u00bb, interroge le communiqu\u00e9. \u00ab\u00a0Combien de drames, pourtant \u00e9vitables, faudra-t-il encore pour que la r\u00e9ponse publique se montre \u00e0 la hauteur\u00a0?\u00a0\u00bb, taclent les signataires.<br \/>Pour la premi\u00e8re fois, associations et collectifs de riverains-nes ont donc d\u00e9cid\u00e9 de \u00ab\u00a0joindre leurs forces\u00a0\u00bb et de \u00ab\u00a0mener ce combat ensemble\u00a0\u00bb, dans l\u2019espoir d\u2019\u00eatre enfin entendus.<br \/>Leurs demandes sont claires\u00a0:<br \/>&#8211; L\u2019annonce imm\u00e9diate de moyens suppl\u00e9mentaires, adapt\u00e9s \u00e0 la r\u00e9alit\u00e9 des besoins, afin de renforcer le travail de rue des associations et l\u2019offre d\u2019accompagnement\u00a0;<br \/>&#8211; La mise en place d\u2019une politique ambitieuse d\u2019acc\u00e8s au logement pour les publics les plus pr\u00e9caris\u00e9s\u00a0;<br \/>&#8211; La reprise des discussions concernant l\u2019implantation de HSA ou dispositifs similaires sur le territoire marseillais\u00a0;<br \/>&#8211; La mise en place de rendez-vous r\u00e9guliers avec les institutions concern\u00e9es\u00a0(Pr\u00e9fecture, Agence r\u00e9gionale de sant\u00e9 et Ville de Marseille) afin que la parole des associations, des habitants-es et des personnes concern\u00e9es soit davantage entendue\u00a0;<br \/>&#8211; La r\u00e9ouverture de centres m\u00e9dico-psychologiques, qui constituaient une offre de premier recours et r\u00e9pondaient \u00e0 un besoin r\u00e9el et \u00e9vident\u00a0;<br \/>&#8211; Une r\u00e9flexion de fond pour un meilleur acc\u00e8s \u00e0 l\u2019eau, \u00e0 des douches et \u00e0 des toilettes dignes pour les personnes \u00e0 la rue.<br \/>\u00c0 suivre.<\/p>\n<p>\u00a0<\/p>\n<p>\u00a0<\/p>\n<p>\n\u00a0<\/p>\n<p>\u00a0<\/p>\n<p>\u00a0<\/p>\n<p>\n\u00a0<\/p>\n<p>\u00a0<\/p>\n","protected":false},"excerpt":{"rendered":"\u00a0 Dr. Par\u00a0Jean-Fran\u00e7ois Laforgerie Drogues et grande pr\u00e9carit\u00e9 au centre-ville de Marseille : A quoi jouent les pouvoirs&hellip;\n","protected":false},"author":2,"featured_media":330869,"comment_status":"","ping_status":"","sticky":false,"template":"","format":"standard","meta":{"footnotes":""},"categories":[2814],"tags":[1111,11,1777,674,1011,27,884,12,882,25],"class_list":{"0":"post-330868","1":"post","2":"type-post","3":"status-publish","4":"format-standard","5":"has-post-thumbnail","7":"category-marseille","8":"tag-actu","9":"tag-actualites","10":"tag-eu","11":"tag-europe","12":"tag-fr","13":"tag-france","14":"tag-marseille","15":"tag-news","16":"tag-provence-alpes-cote-dazur","17":"tag-republique-francaise"},"share_on_mastodon":{"url":"https:\/\/pubeurope.com\/@fr\/115059402070234748","error":""},"_links":{"self":[{"href":"https:\/\/www.europesays.com\/fr\/wp-json\/wp\/v2\/posts\/330868","targetHints":{"allow":["GET"]}}],"collection":[{"href":"https:\/\/www.europesays.com\/fr\/wp-json\/wp\/v2\/posts"}],"about":[{"href":"https:\/\/www.europesays.com\/fr\/wp-json\/wp\/v2\/types\/post"}],"author":[{"embeddable":true,"href":"https:\/\/www.europesays.com\/fr\/wp-json\/wp\/v2\/users\/2"}],"replies":[{"embeddable":true,"href":"https:\/\/www.europesays.com\/fr\/wp-json\/wp\/v2\/comments?post=330868"}],"version-history":[{"count":0,"href":"https:\/\/www.europesays.com\/fr\/wp-json\/wp\/v2\/posts\/330868\/revisions"}],"wp:featuredmedia":[{"embeddable":true,"href":"https:\/\/www.europesays.com\/fr\/wp-json\/wp\/v2\/media\/330869"}],"wp:attachment":[{"href":"https:\/\/www.europesays.com\/fr\/wp-json\/wp\/v2\/media?parent=330868"}],"wp:term":[{"taxonomy":"category","embeddable":true,"href":"https:\/\/www.europesays.com\/fr\/wp-json\/wp\/v2\/categories?post=330868"},{"taxonomy":"post_tag","embeddable":true,"href":"https:\/\/www.europesays.com\/fr\/wp-json\/wp\/v2\/tags?post=330868"}],"curies":[{"name":"wp","href":"https:\/\/api.w.org\/{rel}","templated":true}]}}