{"id":330870,"date":"2025-08-20T05:18:12","date_gmt":"2025-08-20T05:18:12","guid":{"rendered":"https:\/\/www.europesays.com\/fr\/330870\/"},"modified":"2025-08-20T05:18:12","modified_gmt":"2025-08-20T05:18:12","slug":"on-est-dans-les-starting-blocks","status":"publish","type":"post","link":"https:\/\/www.europesays.com\/fr\/330870\/","title":{"rendered":"\u00ab\u00a0On est dans les starting-blocks\u00a0\u00bb"},"content":{"rendered":"<p>\u00c0 Ampuis, fief de l\u2019appellation c\u00f4te-r\u00f4tie, la r\u00e9cente canicule a bouscul\u00e9 le calendrier. \u00ab\u00a0On a fait des pr\u00e9l\u00e8vements ce lundi 18\u00a0ao\u00fbt et les r\u00e9sultats annoncent la vendange, constate Micha\u00ebl Gerin, pr\u00e9sident du syndicat c\u00f4te-r\u00f4tie. On pourrait attaquer d\u00e8s la semaine prochaine, c\u2019est assez d\u00e9routant. \u00bb<\/p>\n<p>L\u2019an dernier, le raisin n\u2019avait \u00e9t\u00e9 r\u00e9colt\u00e9 que le 16\u00a0septembre. Le vigneron nous glisse que certains confr\u00e8res en <a href=\"https:\/\/www.leprogres.fr\/magazine-gastronomie-et-vins\/2020\/05\/09\/l-aoc-condrieu-de-l-or-blanc-sur-la-rive-droite-du-rhone\" target=\"_blank\" rel=\"noopener\">appellation condrieu<\/a> ont eux d\u00e9j\u00e0 commenc\u00e9 le travail.<\/p>\n<p>  Une r\u00e9colte, pr\u00e9coce, s\u2019annonce d\u00e9j\u00e0 \u00ab\u00a0belle\u00a0\u00bb<\/p>\n<p>Dans les monts du Lyonnais, les vignes de l\u2019AOC coteaux du lyonnais \u00ab\u00a0ont un peu souffert du sec\u00a0\u00bb mais la r\u00e9colte, pr\u00e9coce, s\u2019annonce d\u00e9j\u00e0 \u00ab\u00a0belle\u00a0\u00bb.<\/p>\n<p>Le <a href=\"https:\/\/www.leprogres.fr\/environnement\/2023\/12\/13\/pierre-et-lucie-riviere-verdissent-le-domaine-de-prapin\" target=\"_blank\" rel=\"noopener\">Domaine de Prapin<\/a>, \u00e0 Taluyers, devrait d\u00e9buter la vendange autour du 25\u00a0ao\u00fbt, comme <a href=\"https:\/\/www.leprogres.fr\/economie\/2025\/02\/14\/une-nouvelle-associee-pour-le-bouc-et-la-treuille\" target=\"_blank\" rel=\"noopener\">Le Bouc et la treille<\/a>. \u00ab\u00a0On est dans les starting-blocks, glisse Fr\u00e9d\u00e9ric Bernard, l\u2019un des vignerons associ\u00e9s du domaine de Poleymieux-au-Mont-d\u2019Or. On attend juste la pluie de cette fin de semaine, qui pourrait permettre au raisin de reprendre du volume\u00a0\u00bb.<\/p>\n","protected":false},"excerpt":{"rendered":"\u00c0 Ampuis, fief de l\u2019appellation c\u00f4te-r\u00f4tie, la r\u00e9cente canicule a bouscul\u00e9 le calendrier. \u00ab\u00a0On a fait des pr\u00e9l\u00e8vements&hellip;\n","protected":false},"author":2,"featured_media":330871,"comment_status":"","ping_status":"","sticky":false,"template":"","format":"standard","meta":{"footnotes":""},"categories":[1889],"tags":[1111,11,327,46855,2430,46856,33,3154,1777,674,1011,27,2428,12,25,2429,6182],"class_list":{"0":"post-330870","1":"post","2":"type-post","3":"status-publish","4":"format-standard","5":"has-post-thumbnail","7":"category-lyon","8":"tag-actu","9":"tag-actualites","10":"tag-agriculture","11":"tag-ampuis","12":"tag-auvergne-rhone-alpes","13":"tag-condrieu-bassin","14":"tag-economie","15":"tag-edition-sud-lyonnais","16":"tag-eu","17":"tag-europe","18":"tag-fr","19":"tag-france","20":"tag-lyon","21":"tag-news","22":"tag-republique-francaise","23":"tag-rhone","24":"tag-vins-et-viticulture"},"share_on_mastodon":{"url":"https:\/\/pubeurope.com\/@fr\/115059405946846682","error":""},"_links":{"self":[{"href":"https:\/\/www.europesays.com\/fr\/wp-json\/wp\/v2\/posts\/330870","targetHints":{"allow":["GET"]}}],"collection":[{"href":"https:\/\/www.europesays.com\/fr\/wp-json\/wp\/v2\/posts"}],"about":[{"href":"https:\/\/www.europesays.com\/fr\/wp-json\/wp\/v2\/types\/post"}],"author":[{"embeddable":true,"href":"https:\/\/www.europesays.com\/fr\/wp-json\/wp\/v2\/users\/2"}],"replies":[{"embeddable":true,"href":"https:\/\/www.europesays.com\/fr\/wp-json\/wp\/v2\/comments?post=330870"}],"version-history":[{"count":0,"href":"https:\/\/www.europesays.com\/fr\/wp-json\/wp\/v2\/posts\/330870\/revisions"}],"wp:featuredmedia":[{"embeddable":true,"href":"https:\/\/www.europesays.com\/fr\/wp-json\/wp\/v2\/media\/330871"}],"wp:attachment":[{"href":"https:\/\/www.europesays.com\/fr\/wp-json\/wp\/v2\/media?parent=330870"}],"wp:term":[{"taxonomy":"category","embeddable":true,"href":"https:\/\/www.europesays.com\/fr\/wp-json\/wp\/v2\/categories?post=330870"},{"taxonomy":"post_tag","embeddable":true,"href":"https:\/\/www.europesays.com\/fr\/wp-json\/wp\/v2\/tags?post=330870"}],"curies":[{"name":"wp","href":"https:\/\/api.w.org\/{rel}","templated":true}]}}