{"id":330874,"date":"2025-08-20T05:21:12","date_gmt":"2025-08-20T05:21:12","guid":{"rendered":"https:\/\/www.europesays.com\/fr\/330874\/"},"modified":"2025-08-20T05:21:12","modified_gmt":"2025-08-20T05:21:12","slug":"dans-le-val-doise-le-celebre-domaine-de-villarceaux-ouvre-ses-portes-au-public","status":"publish","type":"post","link":"https:\/\/www.europesays.com\/fr\/330874\/","title":{"rendered":"Dans le Val-d&rsquo;Oise, le c\u00e9l\u00e8bre domaine de Villarceaux ouvre ses portes au public"},"content":{"rendered":"<p>            Par<br \/>\n        <strong><br \/>\n            <a href=\"https:\/\/actu.fr\/auteur\/elisabeth-pivin\" title=\"Consulter tous les articles de Elisabeth Pivin\" rel=\"nofollow noopener\" target=\"_blank\">Elisabeth Pivin<\/a><br \/>\n        <\/strong><\/p>\n<p>        Publi\u00e9 le<\/p>\n<p>            20 ao\u00fbt 2025 \u00e0 6h50        <\/p>\n<p>\u00ab Ces \u0153uvres sont, pour l\u2019artiste, des divinit\u00e9s de l\u2019eau \u00bb, raconte Milena Esturgie, <b>guide <\/b>du domaine de Villarceaux (<a href=\"https:\/\/actu.fr\/la-gazette-du-val-d-oise\/\" rel=\"nofollow noopener\" target=\"_blank\">Val-d\u2019Oise<\/a>). Inspir\u00e9e par l\u2019<b>eau<\/b>, \u00e9l\u00e9ment phare du site, l\u2019artiste chinoise Ying Wang expose ses \u0153uvres pr\u00e8s de points d\u2019eau, au c\u0153ur m\u00eame des <b>jardins<\/b>. La promenade plonge le visiteur dans un voyage \u00e0 travers les si\u00e8cles. Dans le cadre des <b>Jardins ouverts <\/b>en \u00cele-de-France, jusqu\u2019au 31 ao\u00fbt, le Domaine r\u00e9gional a inaugur\u00e9 son <b>potager <\/b>conservatoire et son <b>escape game<\/b>.<\/p>\n<p>    <a href=\"https:\/\/www.facebook.com\/plugins\/post.php?href=https%3A%2F%2Fwww.facebook.com%2Fpermalink.php%3Fstory_fbid%3Dpfbid0xf6vSc2Pcq8H3Q7CJmuneg7WcS4Kc4mtrgrByk8bkzWwiqBfbx3Zox2qGwFryVbUl%26id%3D61561582149635&amp;show_text=true&amp;width=350\" title=\"Ouvrie le lien\" rel=\"nofollow noopener\" target=\"_blank\">Cliquez ici pour visualiser le contenu<\/a><\/p>\n<p>Virage num\u00e9rique<\/p>\n<p class=\" wall-content\">Depuis l\u2019an dernier, une application <b>num\u00e9rique <\/b>permet de r\u00e9aliser le parcours de fa\u00e7on ludique avec des images, des jeux et une \u00e9nigme \u00e0 r\u00e9soudre.<\/p>\n<blockquote class=\"ac-article-quote wall-content\">\n<p>La pr\u00e9sence de l\u2019eau est cruciale et initiale. On pourrait dire que tout a commenc\u00e9 par l\u00e0.<\/p>\n<p>Milena Esturgie, guide du domaine de Villarceaux.<\/p><\/blockquote>\n<p class=\" wall-content\">\u00c0 Villarceaux, six hectares de bassins, aliment\u00e9s \u00e0 100 % par les sources du domaine, fa\u00e7onnent l\u2019<b>histoire<\/b> du lieu et du paysage.<\/p>\n<p>    <img   decoding=\"async\" loading=\"lazy\" class=\"size-large\" src=\"https:\/\/www.europesays.com\/fr\/wp-content\/uploads\/2025\/08\/99423f09f2a86ed423f09f2a8e1523v-960x640.jpg\" alt=\"www\" width=\"960\" height=\"640\"\/><br \/>\n    Ch\u00e2teau du XVIIIe\u00a0si\u00e8cle. \u00a9\u00a0Elisabeth Pivin<\/p>\n<p class=\" wall-content\">Avant de commencer la balade, rendez-vous au pied d\u2019une tour <b>m\u00e9di\u00e9vale <\/b>\u00e0 l\u2019int\u00e9rieur de laquelle se trouve une source qui rejoint les plans d\u2019eau en contrebas.<\/p>\n<p class=\" wall-content\">Au fil du temps, l\u2019eau s\u2019est int\u00e9gr\u00e9e et s\u2019est log\u00e9e au c\u0153ur des jardins.<\/p>\n<p>Votre r\u00e9gion, votre actu !<\/p>\n<p>Recevez chaque jour les infos qui comptent pour vous.<\/p>\n<p>\t<a href=\"https:\/\/actu.fr\/newsletter\" class=\"ac-btn ac-btn--corner ac-btn--medium ac-btn--blue800\" rel=\"nofollow noopener\" target=\"_blank\">S&rsquo;incrire<\/a><\/p>\n<p class=\" wall-content\">Les bassins faisaient office d\u2019\u00e9l\u00e9ments <b>d\u00e9coratifs<\/b>, mais pas que.<\/p>\n<p class=\" wall-content\">Il s\u2019agissaient \u00e9galement de ressources vivri\u00e8res, avec des viviers pour l\u2019\u00e9levage de <b>poissons <\/b>d\u2019eau douce.<\/p>\n<blockquote class=\"ac-article-quote wall-content\">\n<p>Le Vexin est riche en source d\u2019eau et Villarceaux en est l\u2019embl\u00e8me. Ses coteaux bois\u00e9s et ses pierres de calcaire sont \u00e9galement \u00e0 relever.<\/p>\n<p>Milena Esturgie<\/p><\/blockquote>\n<p>Des bassins fonctionnels puis d\u00e9coratifs<\/p>\n<p class=\" wall-content\">Un\u00a0jardin des simples\u00a0est un jardin o\u00f9 l\u2019on cultive des\u00a0<b>plantes <\/b>m\u00e9dicinales, souvent associ\u00e9es \u00e0 des plantes aromatiques et condimentaires.<\/p>\n<p class=\" wall-content\">La visite d\u00e9marre par le \u00ab jardin des sorci\u00e8res \u00bb, un <b>jardin <\/b>de simples (o\u00f9 l\u2019on cultive des plantes m\u00e9dicinales, entre autres) du Moyen \u00c2ge.<\/p>\n<p class=\" wall-content\">Cet espace clos et ordonn\u00e9 m\u00eale plantes <b>toxiques<\/b>, m\u00e9dicinales et culinaires.<\/p>\n<p class=\" wall-content\">Il se situe \u00e0 proximit\u00e9 des <b>vestiges <\/b>du premier ch\u00e2teau m\u00e9di\u00e9val, disparu avec les ann\u00e9es.<\/p>\n<p class=\" wall-content\">En poursuivant, une vue, qualifi\u00e9e \u00ab\u00a0d\u2019iconique et incontournable\u00a0\u00bb par Milena Esturgie, donne sur tous les jardins du domaine.<\/p>\n<p class=\" wall-content\">Ses bassins \u00e9taient <b>fonctionnels <\/b>d\u00e8s la fin du Moyen-\u00c2ge.\u00a0<\/p>\n<blockquote class=\"ac-article-quote wall-content\">\n<p>La mer \u00e9tait loin, c\u2019\u00e9tait compliqu\u00e9. Les poissons d\u2019eau douce \u00e9taient une denr\u00e9e exploit\u00e9e et commercialis\u00e9e. L\u00e0 o\u00f9 c\u2019est fort, c\u2019est qu\u2019au d\u00e9but de la Renaissance, on commence \u00e0 am\u00e9nager et \u00e0 penser une promenade et des jardins \u00e0 Villarceaux. Les terrasses en pierre, visibles sur les c\u00f4t\u00e9s, datent \u00e9galement de cette p\u00e9riode.<\/p>\n<p>La guide<\/p><\/blockquote>\n<p class=\" wall-content\">Les bassins deviennent donc des \u00e9l\u00e9ments <b>ornementaux <\/b>avec les parterres sur l\u2019eau.<\/p>\n<p class=\" wall-content\">Cependant, certains viviers restent conserv\u00e9s.<\/p>\n<p>Des jardins du XVIe\u00a0si\u00e8cle<\/p>\n<blockquote class=\"ac-article-quote wall-content\">\n<p>Les all\u00e9es inond\u00e9es entourent le jardin qui semble \u00eatre pos\u00e9 sur l\u2019eau. En r\u00e9alit\u00e9, il ne l\u2019est pas du tout.<\/p>\n<p>Milena Esturgie<\/p><\/blockquote>\n<p class=\" wall-content\">Le parterre sur l\u2019eau est <b>caract\u00e9ristique <\/b>des jardins du XVIe\u00a0si\u00e8cle.<\/p>\n<p class=\" wall-content\">Sobre et sans <b>fleurs<\/b>, il reprend le motif de labyrinthe tr\u00e8s \u00e0 la mode \u00e0 la Renaissance.<\/p>\n<p class=\" wall-content\">Disparu avec le temps, il est enti\u00e8rement recr\u00e9\u00e9 d\u00e8s la fin du XXe si\u00e8cle, lorsque la R\u00e9gion reprend la gestion du <b>domaine<\/b>.<\/p>\n<p class=\" wall-content\">Elle confie sa restauration \u00e0 deux <b>paysagistes <\/b>de renom de cette \u00e9poque.<\/p>\n<p class=\" wall-content\">S\u2019appuyant sur l\u2019histoire du site et les fouilles arch\u00e9ologiques, ils collaborent avec l\u2019architecte en chef des <b>Monuments historiques<\/b> afin de redonner vie \u00e0 ce jardin de broderie.<\/p>\n<p class=\" wall-content\">Aujourd\u2019hui, comme autrefois, on ne s\u2019y prom\u00e8ne pas.<\/p>\n<blockquote class=\"ac-article-quote wall-content\">\n<p>Il perdrait tout son int\u00e9r\u00eat. C\u2019est avec ce recul et cette hauteur qu\u2019il r\u00e9v\u00e8le sa force visuelle.<\/p>\n<p>Milena Esturgie<\/p><\/blockquote>\n<p class=\" wall-content\">Direction maintenant les terrasses de gauche.<\/p>\n<p class=\" wall-content\">Les jardins d\u2019inspiration <b>italienne <\/b>reprennent l\u2019id\u00e9e de ceux de la Renaissance.<\/p>\n<p class=\" wall-content\">Pens\u00e9s comme \u00e9tant des \u00ab chambres de verdure \u00bb ils offrent un espace intime et feutr\u00e9.<\/p>\n<p class=\" wall-content\">Des bancs de pierre sont dissimul\u00e9s \u00e0 travers la <b>v\u00e9g\u00e9tation<\/b>.<\/p>\n<blockquote class=\"ac-article-quote wall-content\">\n<p>Lorsqu\u2019on \u00e9tait assis, on \u00e9tait compl\u00e8tement cach\u00e9s du ch\u00e2teau et de ses fen\u00eatres. C\u2019\u00e9tait l\u2019endroit propice pour les conversations intimes.<\/p>\n<p>La guide du domaine<\/p><\/blockquote>\n<p>    <img   decoding=\"async\" loading=\"lazy\" class=\"size-large\" src=\"https:\/\/www.europesays.com\/fr\/wp-content\/uploads\/2025\/08\/e225ba4a03a86f625ba4a03a8ea25bv-960x640.jpg\" alt=\"www\" width=\"960\" height=\"640\"\/><br \/>\n    L\u2019\u0153uvre de Ying Wang. \u00a9\u00a0Elisabeth PivinCh\u00e2teau du XVIIIe<\/p>\n<p class=\" wall-content\">\u00ab Plus on avance dans la <b>balade<\/b>, plus on avance dans le temps \u00bb, confie cette derni\u00e8re.<\/p>\n<p class=\" wall-content\">Un ch\u00e2teau du XVIIIe\u00a0si\u00e8cle, pens\u00e9 avec ses <b>jardins<\/b>, pointe le bout de son nez.<\/p>\n<p class=\" wall-content\">D\u00e8s le XVIIe si\u00e8cle et jusqu\u2019\u00e0 l\u2019\u00e9poque <b>contemporaine<\/b>, Villarceaux \u00e9tait une r\u00e9sidence secondaire, r\u00e9serv\u00e9e aux propri\u00e9taires parisiens.<\/p>\n<p class=\" wall-content\">Ce domaine de <b>campagne <\/b>\u00e9tait donc particuli\u00e8rement pens\u00e9 pour la belle saison.<\/p>\n<p class=\" wall-content\">Leur activit\u00e9 principale se trouvait \u00eatre la <b>promenade<\/b>.<\/p>\n<blockquote class=\"ac-article-quote wall-content\">\n<p>Pour l\u2019aristocratie du XVIIIe si\u00e8cle, se promener dans l\u2019herbe c\u2019\u00e9tait tr\u00e8s nouveau et champ\u00eatre.<\/p>\n<p>Mil\u00e9na Esturgie<\/p><\/blockquote>\n<p class=\" wall-content\">Le ch\u00e2teau a \u00e9t\u00e9 construit en haut d\u2019une colline, autrefois enti\u00e8rement <b>bois\u00e9e<\/b>.<\/p>\n<p class=\" wall-content\">Le jardin en pente, \u00e0 la fran\u00e7aise, est appel\u00e9 vertugadin.<\/p>\n<p class=\" wall-content\">C\u2019est dans cette colline de <b>calcaire <\/b>qu\u2019a \u00e9t\u00e9 r\u00e9alis\u00e9e cette succession de pentes engazonn\u00e9es.<\/p>\n<p class=\" wall-content\">Personnalisez votre actualit\u00e9 en ajoutant vos villes et m\u00e9dias en favori avec <a href=\"https:\/\/moncompte.actu.fr\" title=\"D\u00e9couvez Mon Actu\" rel=\"nofollow noopener\" data-trk=\"{&quot;cta&quot;:{&quot;action&quot;:&quot;https:\\\/\\\/moncompte.actu.fr&quot;,&quot;category&quot;:&quot;mon compte&quot;,&quot;from&quot;:&quot;article footer&quot;,&quot;name&quot;:&quot;Mon actu&quot;,&quot;type&quot;:&quot;cta&quot;}}\" target=\"_blank\">Mon Actu<\/a>.<\/p>\n","protected":false},"excerpt":{"rendered":"Par Elisabeth Pivin Publi\u00e9 le 20 ao\u00fbt 2025 \u00e0 6h50 \u00ab Ces \u0153uvres sont, pour l\u2019artiste, des divinit\u00e9s&hellip;\n","protected":false},"author":2,"featured_media":330875,"comment_status":"","ping_status":"","sticky":false,"template":"","format":"standard","meta":{"footnotes":""},"categories":[1592],"tags":[1111,11,1777,674,1011,27,937,662,12,626,2551,25,104],"class_list":{"0":"post-330874","1":"post","2":"type-post","3":"status-publish","4":"format-standard","5":"has-post-thumbnail","7":"category-ile-de-france","8":"tag-actu","9":"tag-actualites","10":"tag-eu","11":"tag-europe","12":"tag-fr","13":"tag-france","14":"tag-histoire","15":"tag-ile-de-france","16":"tag-news","17":"tag-paris","18":"tag-patrimoine","19":"tag-republique-francaise","20":"tag-societe"},"share_on_mastodon":{"url":"https:\/\/pubeurope.com\/@fr\/115059417769259888","error":""},"_links":{"self":[{"href":"https:\/\/www.europesays.com\/fr\/wp-json\/wp\/v2\/posts\/330874","targetHints":{"allow":["GET"]}}],"collection":[{"href":"https:\/\/www.europesays.com\/fr\/wp-json\/wp\/v2\/posts"}],"about":[{"href":"https:\/\/www.europesays.com\/fr\/wp-json\/wp\/v2\/types\/post"}],"author":[{"embeddable":true,"href":"https:\/\/www.europesays.com\/fr\/wp-json\/wp\/v2\/users\/2"}],"replies":[{"embeddable":true,"href":"https:\/\/www.europesays.com\/fr\/wp-json\/wp\/v2\/comments?post=330874"}],"version-history":[{"count":0,"href":"https:\/\/www.europesays.com\/fr\/wp-json\/wp\/v2\/posts\/330874\/revisions"}],"wp:featuredmedia":[{"embeddable":true,"href":"https:\/\/www.europesays.com\/fr\/wp-json\/wp\/v2\/media\/330875"}],"wp:attachment":[{"href":"https:\/\/www.europesays.com\/fr\/wp-json\/wp\/v2\/media?parent=330874"}],"wp:term":[{"taxonomy":"category","embeddable":true,"href":"https:\/\/www.europesays.com\/fr\/wp-json\/wp\/v2\/categories?post=330874"},{"taxonomy":"post_tag","embeddable":true,"href":"https:\/\/www.europesays.com\/fr\/wp-json\/wp\/v2\/tags?post=330874"}],"curies":[{"name":"wp","href":"https:\/\/api.w.org\/{rel}","templated":true}]}}