{"id":330878,"date":"2025-08-20T05:23:16","date_gmt":"2025-08-20T05:23:16","guid":{"rendered":"https:\/\/www.europesays.com\/fr\/330878\/"},"modified":"2025-08-20T05:23:16","modified_gmt":"2025-08-20T05:23:16","slug":"des-morceaux-de-palette-portant-des-traces-de-sang-a-paris-deux-suspects-mis-en-examen-pour-un-assassinat-au-petit-kaboul","status":"publish","type":"post","link":"https:\/\/www.europesays.com\/fr\/330878\/","title":{"rendered":"\u00ab\u00a0Des morceaux de palette portant des traces de sang\u00a0\u00bb\u00a0: \u00e0 Paris, deux suspects mis en examen pour un assassinat au Petit Kaboul"},"content":{"rendered":"<p class=\"paragraph text_align_left lp-f-body-02\">Le Petit Kaboul est d\u00e9cid\u00e9ment un point noir de la capitale o\u00f9 se c\u00f4toient mis\u00e8re, <a href=\"https:\/\/www.leparisien.fr\/faits-divers\/trafic-de-cigarettes-a-paris-les-petites-mains-du-reseau-de-la-chapelle-ecopent-de-peines-de-prison-ferme-19-08-2025-E45VGMTRGRD75CFUTLKWAHXWXQ.php\" target=\"_self\" rel=\"nofollow noopener\">trafics et violences<\/a>. Deux ressortissants Afghans, \u00e2g\u00e9s de 24 et 29 ans, ont \u00e9t\u00e9 mis en examen, ce dimanche \u00e0 Paris, pour \u00ab assassinat en r\u00e9union \u00bb, avant d\u2019\u00eatre incarc\u00e9r\u00e9s. Ils sont soup\u00e7onn\u00e9s d\u2019avoir poignard\u00e9 \u00e0 mort un Soudanais de 28 ans lors d\u2019une bagarre opposant les deux groupes, dans la nuit du jeudi 14 au vendredi 15 ao\u00fbt, dans le XVIIIe arrondissement.<\/p>\n<p class=\"paragraph text_align_left lp-f-body-02\">Il n\u2019est pas tout \u00e0 fait minuit cette nuit-l\u00e0, quand <a href=\"https:\/\/www.leparisien.fr\/faits-divers\/paris-un-homme-poignarde-a-mort-rue-marx-dormoy-15-08-2025-CSJUOS6HMBDCNP34BOCGWUHX5Q.php\" target=\"_self\" rel=\"nofollow noopener\">une violente rixe \u00e9clate <\/a>entre migrants de nationalit\u00e9s diff\u00e9rentes sur la place de la Chapelle. Des t\u00e9moins racontent qu\u2019un homme est poursuivi par trois autres. Ils voient le trio lui ass\u00e9ner des coups de b\u00e2ton \u00e0 la t\u00eate et sur le dos. La victime, qui se pr\u00e9nomme Bachir, s\u2019effondre sur le trottoir et ses agresseurs prennent la fuite.<\/p>\n<p>Un coup de couteau \u00e0 proximit\u00e9 du c\u0153ur<\/p>\n<p class=\"paragraph text_align_left lp-f-body-02\">Les secours arrivent rapidement sur les lieux, mais il est trop tard. Le m\u00e9decin du Samu confirme le d\u00e9c\u00e8s \u00e0 00h30. Le corps du jeune homme est conduit \u00e0 l\u2019institut m\u00e9dico-l\u00e9gal de Paris pour y subir une autopsie. L\u2019examen r\u00e9v\u00e8le qu\u2019il a \u00e9t\u00e9 tu\u00e9 d\u2019un coup de couteau port\u00e9 dans la r\u00e9gion du c\u0153ur.<\/p>\n<p class=\"paragraph text_align_left lp-f-body-02\">Entre-temps, et gr\u00e2ce aux signalements fournis par un t\u00e9moin, deux des trois agresseurs pr\u00e9sum\u00e9s sont rapidement interpell\u00e9s \u00e0 l\u2019h\u00f4pital Lariboisi\u00e8re, o\u00f9 ils s\u2019\u00e9taient pr\u00e9sent\u00e9s pour se faire soigner des blessures aux mains. \u00ab Des morceaux de palette portant des traces de sang sont d\u00e9couverts sur les lieux \u00bb, note une source proche de l\u2019affaire. Ils sont plac\u00e9s en garde \u00e0 vue, au cours de la nuit, dans les locaux du deuxi\u00e8me district de police judiciaire.<\/p>\n<p class=\"lp-card-podcast-highlighting__title  lp-f-subtitle-05\">[4\/4] C\u00e9cile Vallin, les secrets d\u2019une disparition<\/p>\n<p class=\"lp-card-podcast-highlighting__description lp-f-ui-05\">Crime story raconte chaque semaine les grandes affaires criminelles.<\/p>\n<p><a class=\"lp-card-podcast-highlighting__call-to-action\" data-page-type=\"HP\" data-block-name=\"podcast-highlight\">\u00c9couter<\/a>L\u00e9gitime d\u00e9fense ?<\/p>\n<p class=\"paragraph text_align_left lp-f-body-02\">Lors de leurs auditions, les deux suspects adoptent des positions diff\u00e9rentes. Le premier garde le silence, et le second assure qu\u2019il a r\u00e9agi en \u00e9tat de l\u00e9gitime d\u00e9fense. \u00ab Il raconte que la victime avait tent\u00e9 de lui voler son t\u00e9l\u00e9phone portable tout en l\u2019attaquant avec un couteau, ajoute une source proche du dossier, ce qui explique ses blessures aux mains. Il se serait d\u00e9fendu en donnant des coups avec une planche trouv\u00e9e par terre. \u00bb<\/p>\n<p class=\"paragraph text_align_left lp-f-body-02\">Ces deux hommes sont en situation r\u00e9guli\u00e8re sur le territoire national. L\u2019un d\u2019eux est sans papiers et sans domicile fixe. Le second se dit entrepreneur dans le b\u00e2timent et vit dans un logement d\u2019h\u00e9bergement social, \u00e0 Cr\u00e9teil (Val-de-Marne). La suite de l\u2019instruction doit d\u00e9terminer les circonstances exactes de ce drame et \u00e9tablir les responsabilit\u00e9s des diff\u00e9rents protagonistes.<\/p>\n","protected":false},"excerpt":{"rendered":"Le Petit Kaboul est d\u00e9cid\u00e9ment un point noir de la capitale o\u00f9 se c\u00f4toient mis\u00e8re, trafics et violences.&hellip;\n","protected":false},"author":2,"featured_media":330879,"comment_status":"","ping_status":"","sticky":false,"template":"","format":"standard","meta":{"footnotes":""},"categories":[1888],"tags":[1111,1928,11,1927,1777,674,118,1011,27,12,1926,626,1925,25],"class_list":{"0":"post-330878","1":"post","2":"type-post","3":"status-publish","4":"format-standard","5":"has-post-thumbnail","7":"category-paris","8":"tag-actu","9":"tag-actu-paris","10":"tag-actualites","11":"tag-actualites-paris","12":"tag-eu","13":"tag-europe","14":"tag-faits-divers","15":"tag-fr","16":"tag-france","17":"tag-news","18":"tag-news-paris","19":"tag-paris","20":"tag-paris-news","21":"tag-republique-francaise"},"share_on_mastodon":{"url":"https:\/\/pubeurope.com\/@fr\/115059425702216328","error":""},"_links":{"self":[{"href":"https:\/\/www.europesays.com\/fr\/wp-json\/wp\/v2\/posts\/330878","targetHints":{"allow":["GET"]}}],"collection":[{"href":"https:\/\/www.europesays.com\/fr\/wp-json\/wp\/v2\/posts"}],"about":[{"href":"https:\/\/www.europesays.com\/fr\/wp-json\/wp\/v2\/types\/post"}],"author":[{"embeddable":true,"href":"https:\/\/www.europesays.com\/fr\/wp-json\/wp\/v2\/users\/2"}],"replies":[{"embeddable":true,"href":"https:\/\/www.europesays.com\/fr\/wp-json\/wp\/v2\/comments?post=330878"}],"version-history":[{"count":0,"href":"https:\/\/www.europesays.com\/fr\/wp-json\/wp\/v2\/posts\/330878\/revisions"}],"wp:featuredmedia":[{"embeddable":true,"href":"https:\/\/www.europesays.com\/fr\/wp-json\/wp\/v2\/media\/330879"}],"wp:attachment":[{"href":"https:\/\/www.europesays.com\/fr\/wp-json\/wp\/v2\/media?parent=330878"}],"wp:term":[{"taxonomy":"category","embeddable":true,"href":"https:\/\/www.europesays.com\/fr\/wp-json\/wp\/v2\/categories?post=330878"},{"taxonomy":"post_tag","embeddable":true,"href":"https:\/\/www.europesays.com\/fr\/wp-json\/wp\/v2\/tags?post=330878"}],"curies":[{"name":"wp","href":"https:\/\/api.w.org\/{rel}","templated":true}]}}