{"id":33088,"date":"2025-04-18T03:35:14","date_gmt":"2025-04-18T03:35:14","guid":{"rendered":"https:\/\/www.europesays.com\/fr\/33088\/"},"modified":"2025-04-18T03:35:14","modified_gmt":"2025-04-18T03:35:14","slug":"une-transmission-fait-debat-a-melesse-dans-un-contexte-de-recul-des-terres-en-agriculture-biologique","status":"publish","type":"post","link":"https:\/\/www.europesays.com\/fr\/33088\/","title":{"rendered":"Une transmission fait d\u00e9bat \u00e0 Melesse dans un contexte de recul des terres en agriculture biologique"},"content":{"rendered":"<p>Depuis des d\u00e9cennies, la ferme du Breil, \u00e0 Melesse (35), vit au rythme de l\u2019agriculture biologique. Les \u00e9leveurs sortants ont cherch\u00e9 \u00e0 transmettre, des projets n\u2019ont pas abouti. Un collectif de fermes bio du territoire s\u2019est positionn\u00e9, avec la perspective de trois installations, soutenu par des \u00e9lus du Val-d\u2019Ille d\u2019Aubign\u00e9 et du conseil d\u00e9partemental d\u2019Ille-et-Vilaine et, dans le portage, par un \u00e9leveur bio.<\/p>\n<p>\u00ab Un comit\u00e9 technique de la <a href=\"https:\/\/www.letelegramme.fr\/economie\/agri-agro\/le-marche-des-terres-agricoles-en-recul-et-des-prix-assez-stables-en-bretagne-en-2023-6602817.php\" target=\"_blank\" rel=\"noopener\">Safer Bretagne<\/a> y avait donn\u00e9 un avis favorable le 6 mars et puis le 4 avril, apr\u00e8s un recours, une majorit\u00e9 de votants d\u00e9cide d\u2019accorder une vingtaine des 47 hectares \u00e0 un \u00e9leveur conventionnel voisin. Pour nous, c\u2019est rompre avec le principe du sch\u00e9ma directeur r\u00e9gional des exploitations agricoles, qui pr\u00e9voit que des terres en bio doivent, en priorit\u00e9, rester en bio \u00bb, regrette Micka\u00ebl Rom\u00e9, qui si\u00e8ge \u00e0 la Safer Bretagne pour la Conf\u00e9d\u00e9ration paysanne.<\/p>\n<p>La crainte que cet avis consultatif soit converti en feu vert des services de l\u2019\u00c9tat est telle qu\u2019outre le syndicat, les r\u00e9seaux <a href=\"https:\/\/www.agrobio-bretagne.org\/reseau\/agrobio-35\/\" target=\"_blank\" rel=\"noopener\">Agrobio<\/a>, <a href=\"https:\/\/www.civam.org\/civam-35-installation-transmission\/\" target=\"_blank\" rel=\"noopener\">Civam<\/a>, <a href=\"https:\/\/terredeliens.org\/bretagne\/\" target=\"_blank\" rel=\"noopener\">Terre de liens<\/a> et la <a href=\"https:\/\/www.lpo.fr\/\" target=\"_blank\" rel=\"noopener\">Ligue de protection des oiseaux<\/a> montent au cr\u00e9neau. \u00ab Ce serait un tr\u00e8s mauvais signal. On a besoin de plus de terres en bio pour contribuer \u00e0 la qualit\u00e9 de l\u2019eau, de l\u2019air, pour une alimentation locale saine et pr\u00e9server la biodiversit\u00e9 \u00bb, signifie Arnaud Daligault, vice-pr\u00e9sident d\u2019Agrobio 35.<\/p>\n<p>\u00ab C\u2019est dossier complexe mais isol\u00e9 \u00bb<\/p>\n<p>\u00ab C\u2019est un dossier complexe mais isol\u00e9, qui ne refl\u00e8te pas l\u2019action de la Safer Bretagne : en 2024, nous avons permis le passage de 720 ha de terres conventionnelles en bio alors que seuls 137 ha sont all\u00e9s de la bio au conventionnel \u00bb, r\u00e9agit son directeur g\u00e9n\u00e9ral Thierry Couteller. Interrog\u00e9 sur une potentielle entorse au principe que des terres en bio restent prioritairement en bio, le dirigeant de la Safer estime que \u00ab la priorit\u00e9 num\u00e9ro un du sch\u00e9ma directeur, c\u2019est l\u2019installation des jeunes \u00bb. \u00ab C\u2019est ce qui se passe ici, certes en conventionnel mais c\u2019est une opportunit\u00e9 de coh\u00e9rence du parcellaire avec son p\u00e8re, un \u00e9leveur voisin, avec lequel le jeune s\u2019associe. Cette proximit\u00e9, la perspective de vaches p\u00e2turantes, c\u2019est bon pour le bilan carbone \u00bb, argue-t-il.<\/p>\n<p>Les autres repreneurs potentiels redoutent, au contraire, que les vingt hectares rattach\u00e9s au b\u00e2ti n\u2019accueillent des cultures trait\u00e9es, vou\u00e9es \u00e0 l\u2019alimentation animale, comme le ma\u00efs, qui rende \u00ab une cohabitation intenable \u00bb, par exemple, avec une culture de fruits rouges en bio.<\/p>\n<p>Plus de fermes mais moins de terres en bio<\/p>\n<p>Pour \u00eatre symbolique, cette \u00e9ventuelle atteinte \u00e0 l\u2019int\u00e9grit\u00e9 biologique de la ferme du Breil n\u2019est pas anodine. Apr\u00e8s avoir conquis pr\u00e8s de 40 000 hectares de terres en cinq ans, jusqu\u2019en 2022, les surfaces en agriculture biologique marquent le pas.<\/p>\n<p>En 2023, 2 250 <a href=\"https:\/\/www.agrobio-bretagne.org\/voy_content\/uploads\/2024\/08\/Livret-Observatoire-Production-2024_compressed.pdf\" target=\"_blank\" rel=\"noopener\">hectares sont repass\u00e9s en conventionnel<\/a> et la part des surfaces en cours de conversion a baiss\u00e9 d\u2019un quart pour se limiter \u00e0 14 335 ha sur un total de 165 526 ha terres en bio (-1,3% par rapport \u00e0 2022). Ces tendances se confirmeraient en 2024, m\u00eame si le nombre de fermes bio augmente pour atteindre 4 217 exploitations d\u00e9but 2025 : 92 de plus en un an. Mais, ces fermes mara\u00eech\u00e8res, v\u00e9g\u00e9tales, arboricoles se r\u00e9v\u00e8lent plus petites.<\/p>\n<p>L\u2019agriculture biologique, qui attire 40 % des nouveaux install\u00e9s en Bretagne, tient donc la route m\u00eame si un autre indicateur nuance le tableau : \u00ab Jusqu\u2019en 2020, lors de transmissions de fermes, seul un hectare de terres bio sur trente retournait en conventionnel. En 2023, on \u00e9tait \u00e0 un sur trois \u00bb, signale S\u00e9bastien Julliard, de la F\u00e9d\u00e9ration r\u00e9gionale de l\u2019agriculture biologique.<\/p>\n","protected":false},"excerpt":{"rendered":"Depuis des d\u00e9cennies, la ferme du Breil, \u00e0 Melesse (35), vit au rythme de l\u2019agriculture biologique. Les \u00e9leveurs&hellip;\n","protected":false},"author":2,"featured_media":33089,"comment_status":"","ping_status":"","sticky":false,"template":"","format":"standard","meta":{"footnotes":""},"categories":[2821],"tags":[1111,11,327,5825,829,33,1777,674,1011,27,848,12,584,25],"class_list":{"0":"post-33088","1":"post","2":"type-post","3":"status-publish","4":"format-standard","5":"has-post-thumbnail","7":"category-rennes","8":"tag-actu","9":"tag-actualites","10":"tag-agriculture","11":"tag-agroalimentaire","12":"tag-bretagne","13":"tag-economie","14":"tag-eu","15":"tag-europe","16":"tag-fr","17":"tag-france","18":"tag-ille-et-vilaine","19":"tag-news","20":"tag-rennes","21":"tag-republique-francaise"},"share_on_mastodon":{"url":"https:\/\/pubeurope.com\/@fr\/114356874374536490","error":""},"_links":{"self":[{"href":"https:\/\/www.europesays.com\/fr\/wp-json\/wp\/v2\/posts\/33088","targetHints":{"allow":["GET"]}}],"collection":[{"href":"https:\/\/www.europesays.com\/fr\/wp-json\/wp\/v2\/posts"}],"about":[{"href":"https:\/\/www.europesays.com\/fr\/wp-json\/wp\/v2\/types\/post"}],"author":[{"embeddable":true,"href":"https:\/\/www.europesays.com\/fr\/wp-json\/wp\/v2\/users\/2"}],"replies":[{"embeddable":true,"href":"https:\/\/www.europesays.com\/fr\/wp-json\/wp\/v2\/comments?post=33088"}],"version-history":[{"count":0,"href":"https:\/\/www.europesays.com\/fr\/wp-json\/wp\/v2\/posts\/33088\/revisions"}],"wp:featuredmedia":[{"embeddable":true,"href":"https:\/\/www.europesays.com\/fr\/wp-json\/wp\/v2\/media\/33089"}],"wp:attachment":[{"href":"https:\/\/www.europesays.com\/fr\/wp-json\/wp\/v2\/media?parent=33088"}],"wp:term":[{"taxonomy":"category","embeddable":true,"href":"https:\/\/www.europesays.com\/fr\/wp-json\/wp\/v2\/categories?post=33088"},{"taxonomy":"post_tag","embeddable":true,"href":"https:\/\/www.europesays.com\/fr\/wp-json\/wp\/v2\/tags?post=33088"}],"curies":[{"name":"wp","href":"https:\/\/api.w.org\/{rel}","templated":true}]}}