{"id":330882,"date":"2025-08-20T05:25:13","date_gmt":"2025-08-20T05:25:13","guid":{"rendered":"https:\/\/www.europesays.com\/fr\/330882\/"},"modified":"2025-08-20T05:25:13","modified_gmt":"2025-08-20T05:25:13","slug":"40-000-enfants-attendus-a-paris-ce-mercredi","status":"publish","type":"post","link":"https:\/\/www.europesays.com\/fr\/330882\/","title":{"rendered":"40\u00a0000\u00a0enfants attendus \u00e0 Paris ce mercredi"},"content":{"rendered":"<p>Croisi\u00e8re sur la Seine, visite de mus\u00e9es et concert au pied de la tour Eiffel, toute une panoplie d\u2019activit\u00e9s sont pr\u00e9vues mercredi dans la capitale pour ces milliers d\u2019enfants qui n\u2019ont pas eu la chance de partir en vacances cet \u00e9t\u00e9. \u00ab\u00a0C\u2019est important pour nous qu\u2019un enfant ait quelque chose \u00e0 raconter \u00e0 la rentr\u00e9e \u00e0 ses petits camarades, pour ne pas se sentir diff\u00e9rent\u00a0\u00bb, souligne Thierry Robert, le secr\u00e9taire national du Secours populaire.<\/p>\n<p>Selon une \u00e9tude de l\u2019Insee (Institut national de la statistique et des \u00e9tudes \u00e9conomiques) de 2021, 10\u00a0% des moins de 16\u00a0ans ne partent pas en vacances au moins une semaine par an pour des raisons financi\u00e8res. 600 bus ont \u00e9t\u00e9 affr\u00e9t\u00e9s par le Secours populaire pour faire venir des enfants de toute la France pour cette 46e \u00e9dition.<\/p>\n<p>L\u2019association f\u00eate ses 80\u00a0ans cette ann\u00e9e. Pour l\u2019occasion, les activit\u00e9s de la journ\u00e9e sont organis\u00e9es autour de la \u00ab\u00a0c\u00e9l\u00e9bration du premier anniversaire des Jeux de Paris 2024\u00a0\u00bb. \u00ab\u00a0Certains enfants vont aller voir la vasque olympique aux Tuileries, d\u2019autres vont aller au centre aquatique olympique \u00e0 Saint-Denis, et puis d\u2019autres vont faire une balade fluviale (sur la Seine), symbole de la c\u00e9r\u00e9monie d\u2019ouverture des Jeux olympiques\u00a0\u00bb, d\u00e9taille Thierry Robert.<\/p>\n<p>Pique-nique g\u00e9ant et concert<\/p>\n<p>Les enfants seront ensuite accueillis sur le Champ-de-Mars, au pied de la tour Eiffel, pour un pique-nique g\u00e9ant le midi et un concert, dont les artistes n\u2019ont pas encore \u00e9t\u00e9 r\u00e9v\u00e9l\u00e9s. Mascottes des JO, ateliers sur le sport, et athl\u00e8tes seront sur place. La journ\u00e9e est aussi co-parrain\u00e9e par Tony Estanguet, le pr\u00e9sident du Comit\u00e9 d\u2019organisation des JO 2024.<\/p>\n<p>Autre particularit\u00e9, cette ann\u00e9e, pr\u00e8s de \u00ab\u00a01\u00a0000\u00a0enfants\u00a0\u00bb de l\u2019\u00e9tranger seront pr\u00e9sents, un bond \u00ab\u00a0par rapport aux ann\u00e9es pr\u00e9c\u00e9dentes\u00a0\u00bb, pr\u00e9cise le directeur g\u00e9n\u00e9ral du Secours populaire.<\/p>\n","protected":false},"excerpt":{"rendered":"Croisi\u00e8re sur la Seine, visite de mus\u00e9es et concert au pied de la tour Eiffel, toute une panoplie&hellip;\n","protected":false},"author":2,"featured_media":330883,"comment_status":"","ping_status":"","sticky":false,"template":"","format":"standard","meta":{"footnotes":""},"categories":[1888],"tags":[11,1777,674,1011,27,12,626,25],"class_list":{"0":"post-330882","1":"post","2":"type-post","3":"status-publish","4":"format-standard","5":"has-post-thumbnail","7":"category-paris","8":"tag-actualites","9":"tag-eu","10":"tag-europe","11":"tag-fr","12":"tag-france","13":"tag-news","14":"tag-paris","15":"tag-republique-francaise"},"share_on_mastodon":{"url":"https:\/\/pubeurope.com\/@fr\/115059433354680461","error":""},"_links":{"self":[{"href":"https:\/\/www.europesays.com\/fr\/wp-json\/wp\/v2\/posts\/330882","targetHints":{"allow":["GET"]}}],"collection":[{"href":"https:\/\/www.europesays.com\/fr\/wp-json\/wp\/v2\/posts"}],"about":[{"href":"https:\/\/www.europesays.com\/fr\/wp-json\/wp\/v2\/types\/post"}],"author":[{"embeddable":true,"href":"https:\/\/www.europesays.com\/fr\/wp-json\/wp\/v2\/users\/2"}],"replies":[{"embeddable":true,"href":"https:\/\/www.europesays.com\/fr\/wp-json\/wp\/v2\/comments?post=330882"}],"version-history":[{"count":0,"href":"https:\/\/www.europesays.com\/fr\/wp-json\/wp\/v2\/posts\/330882\/revisions"}],"wp:featuredmedia":[{"embeddable":true,"href":"https:\/\/www.europesays.com\/fr\/wp-json\/wp\/v2\/media\/330883"}],"wp:attachment":[{"href":"https:\/\/www.europesays.com\/fr\/wp-json\/wp\/v2\/media?parent=330882"}],"wp:term":[{"taxonomy":"category","embeddable":true,"href":"https:\/\/www.europesays.com\/fr\/wp-json\/wp\/v2\/categories?post=330882"},{"taxonomy":"post_tag","embeddable":true,"href":"https:\/\/www.europesays.com\/fr\/wp-json\/wp\/v2\/tags?post=330882"}],"curies":[{"name":"wp","href":"https:\/\/api.w.org\/{rel}","templated":true}]}}