{"id":330884,"date":"2025-08-20T05:26:10","date_gmt":"2025-08-20T05:26:10","guid":{"rendered":"https:\/\/www.europesays.com\/fr\/330884\/"},"modified":"2025-08-20T05:26:10","modified_gmt":"2025-08-20T05:26:10","slug":"la-russie-transforme-ses-drones-shahed-en-espions-volants-mais-cela-ne-suffit-pas","status":"publish","type":"post","link":"https:\/\/www.europesays.com\/fr\/330884\/","title":{"rendered":"la Russie transforme ses drones Shahed en espions volants&#8230; Mais cela ne suffit pas"},"content":{"rendered":"\n<p><strong>Le 18 ao\u00fbt, plusieurs drones kamikazes Shahed russes ont \u00e9t\u00e9 abattus au-dessus du pays, certains \u00e9quip\u00e9s pour la premi\u00e8re fois de cam\u00e9ras embarqu\u00e9es \u2014 une \u00e9volution qui t\u00e9moigne de l&rsquo;adaptabilit\u00e9 et la sophistication croissante de l\u2019arsenal de Moscou.<\/strong><\/p>\n<p>Donald Trump vient d&rsquo;achever une cession de rencontres destin\u00e9es \u00e0 ramener la paix en Ukraine, mais sur le terrain, Kiev et Moscou continuent de se d\u00e9chirer \u2014 comme l&rsquo;a prouv\u00e9 la sanglante attaque sur Kharkiv ce lundi (franceinfo). <\/p>\n<p>Le 18 ao\u00fbt, plusieurs drones kamikazes Shahed, utilis\u00e9s massivement par la Russie, ont \u00e9t\u00e9 abattus au-dessus du territoire ukrainien. Particularit\u00e9 notable signal\u00e9e par Defense Express : ces engins d&rsquo;attaque low cost, produits en s\u00e9rie et habituellement vou\u00e9s \u00e0 s\u2019\u00e9craser sur leurs cibles, \u00e9taient cette fois \u00e9quip\u00e9s de cam\u00e9ras vid\u00e9o embarqu\u00e9es.<\/p>\n<p>Une \u00e9volution inqui\u00e9tante de l\u2019arsenal russe<\/p>\n<p>La trouvaille surprend. Jusqu&rsquo;ici, l\u2019arm\u00e9e ukrainienne avait surtout observ\u00e9 ce type de dispositif sur les drones de reconnaissance russes Geran-2, employ\u00e9s pour ajuster les tirs d\u2019artillerie ou collecter des informations de terrain. Les drones de reconnaissance et les drones d&rsquo;attaque travaillaient alors de paire, mais chacun (&#8230;)<\/p>\n","protected":false},"excerpt":{"rendered":"Le 18 ao\u00fbt, plusieurs drones kamikazes Shahed russes ont \u00e9t\u00e9 abattus au-dessus du pays, certains \u00e9quip\u00e9s pour la&hellip;\n","protected":false},"author":2,"featured_media":330885,"comment_status":"","ping_status":"","sticky":false,"template":"","format":"standard","meta":{"footnotes":""},"categories":[1591],"tags":[11,1887,12,1885,1886,132],"class_list":{"0":"post-330884","1":"post","2":"type-post","3":"status-publish","4":"format-standard","5":"has-post-thumbnail","7":"category-russie","8":"tag-actualites","9":"tag-federation-de-russie","10":"tag-news","11":"tag-russia","12":"tag-russian-federation","13":"tag-russie"},"share_on_mastodon":{"url":"https:\/\/pubeurope.com\/@fr\/115059437384819141","error":""},"_links":{"self":[{"href":"https:\/\/www.europesays.com\/fr\/wp-json\/wp\/v2\/posts\/330884","targetHints":{"allow":["GET"]}}],"collection":[{"href":"https:\/\/www.europesays.com\/fr\/wp-json\/wp\/v2\/posts"}],"about":[{"href":"https:\/\/www.europesays.com\/fr\/wp-json\/wp\/v2\/types\/post"}],"author":[{"embeddable":true,"href":"https:\/\/www.europesays.com\/fr\/wp-json\/wp\/v2\/users\/2"}],"replies":[{"embeddable":true,"href":"https:\/\/www.europesays.com\/fr\/wp-json\/wp\/v2\/comments?post=330884"}],"version-history":[{"count":0,"href":"https:\/\/www.europesays.com\/fr\/wp-json\/wp\/v2\/posts\/330884\/revisions"}],"wp:featuredmedia":[{"embeddable":true,"href":"https:\/\/www.europesays.com\/fr\/wp-json\/wp\/v2\/media\/330885"}],"wp:attachment":[{"href":"https:\/\/www.europesays.com\/fr\/wp-json\/wp\/v2\/media?parent=330884"}],"wp:term":[{"taxonomy":"category","embeddable":true,"href":"https:\/\/www.europesays.com\/fr\/wp-json\/wp\/v2\/categories?post=330884"},{"taxonomy":"post_tag","embeddable":true,"href":"https:\/\/www.europesays.com\/fr\/wp-json\/wp\/v2\/tags?post=330884"}],"curies":[{"name":"wp","href":"https:\/\/api.w.org\/{rel}","templated":true}]}}